{"id":47593,"date":"2024-11-21T00:01:00","date_gmt":"2024-11-21T07:01:00","guid":{"rendered":"https:\/\/www.opinionpublica.tv\/portada\/?p=47593"},"modified":"2024-11-20T21:17:01","modified_gmt":"2024-11-21T04:17:01","slug":"morena-y-aliados-avalan-en-lo-general-extincion-de-inai-y-otros-6-organos-autonomos","status":"publish","type":"post","link":"https:\/\/www.opinionpublica.tv\/portada\/morena-y-aliados-avalan-en-lo-general-extincion-de-inai-y-otros-6-organos-autonomos\/","title":{"rendered":"Morena y aliados avalan en lo general extinci\u00f3n del INAI y otros 6 \u00f3rganos aut\u00f3nomos"},"content":{"rendered":"\n<figure class=\"wp-block-image size-full\"><img fetchpriority=\"high\" decoding=\"async\" width=\"1006\" height=\"620\" src=\"https:\/\/www.opinionpublica.tv\/portada\/wp-content\/uploads\/2024\/11\/Morena-y-aliados-avalan-en-lo-general-extincion-del-INAI-y-otros-6-organos-autonomos.avif\" alt=\"Morena Y Aliados Avalan En Lo General Extincio\u0301n Del Inai Y Otros 6 O\u0301rganos Auto\u0301nomos\" class=\"wp-image-47596\"\/><\/figure>\n\n\n\n<p><em>Ciudad de M\u00e9xico<\/em>.- La mayor\u00eda de Morena y sus aliados aprobaron en lo general, por 347 votos a favor y 128 en contra del PAN, PRI y Movimiento Ciudadano, desaparecer siete \u00f3rganos aut\u00f3nomos, entre ellos el Inai, el Instituto Federal de Telecomunicaciones (IFT) y la Comisi\u00f3n Federal de Competencia Econ\u00f3mica (Cofece).<\/p>\n\n\n\n<p>Con la reforma constitucional, las facultades de estos \u00f3rganos se trasladan a varias dependencias del gobierno federal, como la Secretar\u00eda de Educaci\u00f3n P\u00fablica (SEP), la Secretar\u00eda de Energ\u00eda, la Secretar\u00eda de Econom\u00eda o la Secretar\u00eda de Infraestructura, Comunicaciones y Transportes (SICT).<\/p>\n\n\n\n<p>Los diputados de Morena y sus aliados rechazaron una moci\u00f3n suspensiva presentada por la diputada Anayeli Mu\u00f1oz, de Movimiento Ciudadano, quien consider\u00f3 que con ello se eliminan los contrapesos del gobierno federal.<\/p>\n\n\n\n<p>\u201cNi en las peores \u00e9pocas del PRI y del PAN, que fueron muchas, pensamos que llegar\u00eda un momento as\u00ed, de destrucci\u00f3n de los tres poderes, y despu\u00e9s de los \u00f3rganos aut\u00f3nomos\u201d, dijo.<\/p>\n\n\n\n<p>Reservas ser\u00e1n votadas este jueves 21 de noviembre<\/p>\n\n\n\n<p>La Mesa Directiva declar\u00f3 un receso y reanudar\u00e1 la sesi\u00f3n para continuar con la discusi\u00f3n del dictamen en lo particular, es decir, de las reservas al dictamen, ma\u00f1ana a las 09:00 horas.<\/p>\n\n\n\n<p>En ese sentido, el coordinador de Morena, Ricardo Monreal adelant\u00f3 que ma\u00f1ana su bancada presentar\u00e1 reservas para convertir al IFT y la Cofece en \u00f3rganos descentralizados, pero no aut\u00f3nomos.<\/p>\n\n\n\n<p>\u201cA pesar de que las funciones de Cofece se trasladan a la Secretar\u00eda de Econom\u00eda, se tiene que crear un organismo p\u00fablico, descentralizado con personalidad jur\u00eddica propia, con patrimonio propio que no dependa la decisi\u00f3n del secretario de Econom\u00eda. En el IFT gran parte de las funciones se trasladan a la Agencia Digital que es de nueva creaci\u00f3n. Hace pocos d\u00edas modificamos la Ley Org\u00e1nica de la Administraci\u00f3n P\u00fablica para darle vida a esta Agencia Digital\u201d, detall\u00f3. (El Universal)<\/p>\n","protected":false},"excerpt":{"rendered":"<p>Ciudad de M\u00e9xico.- La mayor\u00eda de Morena y sus aliados aprobaron en lo general, por 347 votos a favor y 128 en contra del PAN, PRI y Movimiento Ciudadano, desaparecer siete \u00f3rganos aut\u00f3nomos, entre ellos el Inai, el Instituto Federal de Telecomunicaciones (IFT) y la Comisi\u00f3n Federal de Competencia Econ\u00f3mica (Cofece). Con la reforma constitucional, [&hellip;]<\/p>\n","protected":false},"author":6,"featured_media":47596,"comment_status":"open","ping_status":"open","sticky":false,"template":"","format":"standard","meta":{"_acf_changed":false,"_monsterinsights_skip_tracking":false,"_monsterinsights_sitenote_active":false,"_monsterinsights_sitenote_note":"","_monsterinsights_sitenote_category":0,"slim_seo":{"title":"Morena y aliados avalan en lo general extinci\u00f3n del INAI y otros 6 \u00f3rganos aut\u00f3nomos - Opini\u00f3n P\u00fablica","description":"Ciudad de M\u00e9xico .- La mayor\u00eda de Morena y sus aliados aprobaron en lo general, por 347 votos a favor y 128 en contra del PAN, PRI y Movimiento Ciudadano, desap"},"footnotes":""},"categories":[4],"tags":[],"class_list":["post-47593","post","type-post","status-publish","format-standard","has-post-thumbnail","hentry","category-pulsopolitico"],"acf":[],"_links":{"self":[{"href":"https:\/\/www.opinionpublica.tv\/portada\/wp-json\/wp\/v2\/posts\/47593","targetHints":{"allow":["GET"]}}],"collection":[{"href":"https:\/\/www.opinionpublica.tv\/portada\/wp-json\/wp\/v2\/posts"}],"about":[{"href":"https:\/\/www.opinionpublica.tv\/portada\/wp-json\/wp\/v2\/types\/post"}],"author":[{"embeddable":true,"href":"https:\/\/www.opinionpublica.tv\/portada\/wp-json\/wp\/v2\/users\/6"}],"replies":[{"embeddable":true,"href":"https:\/\/www.opinionpublica.tv\/portada\/wp-json\/wp\/v2\/comments?post=47593"}],"version-history":[{"count":2,"href":"https:\/\/www.opinionpublica.tv\/portada\/wp-json\/wp\/v2\/posts\/47593\/revisions"}],"predecessor-version":[{"id":47597,"href":"https:\/\/www.opinionpublica.tv\/portada\/wp-json\/wp\/v2\/posts\/47593\/revisions\/47597"}],"wp:featuredmedia":[{"embeddable":true,"href":"https:\/\/www.opinionpublica.tv\/portada\/wp-json\/wp\/v2\/media\/47596"}],"wp:attachment":[{"href":"https:\/\/www.opinionpublica.tv\/portada\/wp-json\/wp\/v2\/media?parent=47593"}],"wp:term":[{"taxonomy":"category","embeddable":true,"href":"https:\/\/www.opinionpublica.tv\/portada\/wp-json\/wp\/v2\/categories?post=47593"},{"taxonomy":"post_tag","embeddable":true,"href":"https:\/\/www.opinionpublica.tv\/portada\/wp-json\/wp\/v2\/tags?post=47593"}],"curies":[{"name":"wp","href":"https:\/\/api.w.org\/{rel}","templated":true}]}}