{"id":47588,"date":"2024-11-21T00:01:00","date_gmt":"2024-11-21T07:01:00","guid":{"rendered":"https:\/\/www.opinionpublica.tv\/portada\/?p=47588"},"modified":"2024-11-20T21:07:19","modified_gmt":"2024-11-21T04:07:19","slug":"ine-preve-aplazar-eleccion-judicial-pide-prorroga-a-congreso-de-90-dias","status":"publish","type":"post","link":"https:\/\/www.opinionpublica.tv\/portada\/ine-preve-aplazar-eleccion-judicial-pide-prorroga-a-congreso-de-90-dias\/","title":{"rendered":"INE prev\u00e9 aplazar elecci\u00f3n judicial; pide pr\u00f3rroga de 90 d\u00edas a Congreso"},"content":{"rendered":"\n<figure class=\"wp-block-image size-full\"><img fetchpriority=\"high\" decoding=\"async\" width=\"1100\" height=\"666\" src=\"https:\/\/www.opinionpublica.tv\/portada\/wp-content\/uploads\/2024\/11\/INE-preve-aplazar-eleccion-judicial-pide-prorroga-de-90-dias-a-Congreso.avif\" alt=\"Ine Preve\u0301 Aplazar Eleccio\u0301n Judicial; Pide Pro\u0301rroga De 90 Di\u0301as A Congreso\" class=\"wp-image-47591\"\/><\/figure>\n\n\n\n<p><em>Ciudad de M\u00e9xico<\/em>.- El Instituto Nacional Electoral (INE) solicit\u00f3 al Senado de la Rep\u00fablica una pr\u00f3rroga de 90 d\u00edas para la realizaci\u00f3n de la jornada electoral del proceso del Poder Judicial, ante el retraso de dos meses por las suspensiones contra el instituto.<\/p>\n\n\n\n<p>Es decir, que la jornada electoral se realizar\u00eda 90 d\u00edas despu\u00e9s, y no el 1 de junio como est\u00e1 previsto.<\/p>\n\n\n\n<p>La solicitud fue enviada al presidente de la Mesa Directiva del Senado, Gerardo Fern\u00e1ndez Noro\u00f1a, a trav\u00e9s de la Secretar\u00eda Ejecutiva del INE.<\/p>\n\n\n\n<p>\u201cSe propone que la jornada electoral del proceso electivo extraordinario de 2025 no se lleve a cabo el 1 de junio de 2025, sino noventa d\u00edas posteriores o m\u00e1s\u201d, se\u00f1ala el documento.<\/p>\n\n\n\n<p>Ayer mi\u00e9rcoles, el INE reanud\u00f3 las actividades de organizaci\u00f3n de la elecci\u00f3n del Poder Judicial, luego de casi dos meses de par\u00e1lisis por las suspensiones judiciales que ordenaban frenar los trabajos.<\/p>\n\n\n\n<p>El Tribunal Electoral dio luz verde al INE al considerar que las suspensiones judiciales no pueden frenar un proceso electoral; sin embargo, esto implic\u00f3 un retraso en la planeaci\u00f3n, cuyas actividades iniciaban desde mediados de septiembre.<\/p>\n\n\n\n<p><em>Con informaci\u00f3n de El Universal<\/em>.<\/p>\n","protected":false},"excerpt":{"rendered":"<p>Ciudad de M\u00e9xico.- El Instituto Nacional Electoral (INE) solicit\u00f3 al Senado de la Rep\u00fablica una pr\u00f3rroga de 90 d\u00edas para la realizaci\u00f3n de la jornada electoral del proceso del Poder Judicial, ante el retraso de dos meses por las suspensiones contra el instituto. Es decir, que la jornada electoral se realizar\u00eda 90 d\u00edas despu\u00e9s, y [&hellip;]<\/p>\n","protected":false},"author":6,"featured_media":47591,"comment_status":"open","ping_status":"open","sticky":false,"template":"","format":"standard","meta":{"_acf_changed":false,"_monsterinsights_skip_tracking":false,"_monsterinsights_sitenote_active":false,"_monsterinsights_sitenote_note":"","_monsterinsights_sitenote_category":0,"slim_seo":{"title":"INE prev\u00e9 aplazar elecci\u00f3n judicial; pide pr\u00f3rroga de 90 d\u00edas a Congreso - Opini\u00f3n P\u00fablica","description":"Ciudad de M\u00e9xico .- El Instituto Nacional Electoral (INE) solicit\u00f3 al Senado de la Rep\u00fablica una pr\u00f3rroga de 90 d\u00edas para la realizaci\u00f3n de la jornada electoral"},"footnotes":""},"categories":[3],"tags":[],"class_list":["post-47588","post","type-post","status-publish","format-standard","has-post-thumbnail","hentry","category-principal"],"acf":[],"_links":{"self":[{"href":"https:\/\/www.opinionpublica.tv\/portada\/wp-json\/wp\/v2\/posts\/47588","targetHints":{"allow":["GET"]}}],"collection":[{"href":"https:\/\/www.opinionpublica.tv\/portada\/wp-json\/wp\/v2\/posts"}],"about":[{"href":"https:\/\/www.opinionpublica.tv\/portada\/wp-json\/wp\/v2\/types\/post"}],"author":[{"embeddable":true,"href":"https:\/\/www.opinionpublica.tv\/portada\/wp-json\/wp\/v2\/users\/6"}],"replies":[{"embeddable":true,"href":"https:\/\/www.opinionpublica.tv\/portada\/wp-json\/wp\/v2\/comments?post=47588"}],"version-history":[{"count":3,"href":"https:\/\/www.opinionpublica.tv\/portada\/wp-json\/wp\/v2\/posts\/47588\/revisions"}],"predecessor-version":[{"id":47592,"href":"https:\/\/www.opinionpublica.tv\/portada\/wp-json\/wp\/v2\/posts\/47588\/revisions\/47592"}],"wp:featuredmedia":[{"embeddable":true,"href":"https:\/\/www.opinionpublica.tv\/portada\/wp-json\/wp\/v2\/media\/47591"}],"wp:attachment":[{"href":"https:\/\/www.opinionpublica.tv\/portada\/wp-json\/wp\/v2\/media?parent=47588"}],"wp:term":[{"taxonomy":"category","embeddable":true,"href":"https:\/\/www.opinionpublica.tv\/portada\/wp-json\/wp\/v2\/categories?post=47588"},{"taxonomy":"post_tag","embeddable":true,"href":"https:\/\/www.opinionpublica.tv\/portada\/wp-json\/wp\/v2\/tags?post=47588"}],"curies":[{"name":"wp","href":"https:\/\/api.w.org\/{rel}","templated":true}]}}