{"id":47585,"date":"2024-11-21T00:01:00","date_gmt":"2024-11-21T07:01:00","guid":{"rendered":"https:\/\/www.opinionpublica.tv\/portada\/?p=47585"},"modified":"2024-11-20T21:00:29","modified_gmt":"2024-11-21T04:00:29","slug":"san-juanico-y-los-otros-heroes","status":"publish","type":"post","link":"https:\/\/www.opinionpublica.tv\/portada\/san-juanico-y-los-otros-heroes\/","title":{"rendered":"San Juanico y los otros h\u00e9roes"},"content":{"rendered":"\n<h4 class=\"wp-block-heading\">Myrna Pastrana<\/h4>\n\n\n\n<p>___________________________<\/p>\n\n\n\n<p>Reci\u00e9n se han cumplido cuarenta a\u00f1os de la tragedia de San Juan Ixhuatepec m\u00e1s conocido como San Juanico y no es el inter\u00e9s de esta columna repetir o parafrasear las notas que abundan sobre el n\u00famero de muertos, o el mencionar las seis esferas y veintid\u00f3s salchichas de Petr\u00f3leos Mexicanos que estaban en el lugar. Datos que se repiten a\u00f1o con a\u00f1o.<\/p>\n\n\n\n<p>Valgan estas l\u00edneas para hablar de los h\u00e9roes y hero\u00ednas an\u00f3nimos, habitantes de&nbsp; colonias cercanas y no tan cercanas como los de la unidad habitacional de la colonia&nbsp; San Juan de Arag\u00f3n, tal vez distante a unos 8 o 9 kil\u00f3metros en l\u00ednea recta del lugar de los hechos. H\u00e9roes y hero\u00ednas an\u00f3nimas que desde el mismo momento que ocurri\u00f3 la conflagraci\u00f3n, salieron de sus departamentos espantados y en ropa de dormir a preguntarse en d\u00f3nde hab\u00eda ocurrido la explosi\u00f3n y porqu\u00e9 se hab\u00eda iluminado el cielo de color naranja.. Unos y otros opinaban:<\/p>\n\n\n\n<p>\u2014Creo que fue en Puerto Acapulco. (Puerto Acapulco es el nombre de la calle comercial de la colonia) Otro hac\u00eda sus c\u00e1lculos:<\/p>\n\n\n\n<p>\u2014No, esto es m\u00e1s lejos, se oy\u00f3 m\u00e1s bien que fue por la Villa, refiri\u00e9ndose a la Villa de Guadalupe<\/p>\n\n\n\n<p>\u2014Pr\u00e9ndale a la tele do\u00f1a Juanita, ah\u00ed vamos a saber y do\u00f1a Juanita contestaba, no hay tele a esta hora, lo \u00fanico que se escucha es la XEB y est\u00e1n igual que nosotros, dicen que les est\u00e1n reportando ambulancias y heridos por el rumbo.<\/p>\n\n\n\n<p>En eso estaban, cuando vieron acercarse por una de las calles principales, oleadas de gente sin ropa, pr\u00e1cticamente desnudos, con el espanto y la angustia reflejada en sus rostros y los defe\u00f1os, chilangos o como se les quiera llamar, mostraron esa solidaridad inmensa que tienen cuando de tragedias se trata.<\/p>\n\n\n\n<p>\u2014V\u00e9ngase se\u00f1ito, p\u00e1sele a mi casa, deje buscarle algo para que se tape, ahorita le hago un cafecito.<\/p>\n\n\n\n<p>Solidaridad cuando otra vecina sac\u00f3 a la calle una mesita y en ella coloc\u00f3 una olla grande de caf\u00e9 para ofrecer a los que ven\u00edan de estampida.<\/p>\n\n\n\n<p>Otra m\u00e1s, arrimaba tazas, vasos, az\u00facar, canela, servilletas lo que ten\u00eda y en cuanto se abri\u00f3 la panader\u00eda del barrio se fueron por la primera remesa de bolillos que hab\u00eda salido del horno. En un rato, la ayuda se multiplic\u00f3 porque otras mujeres replicaron el ejemplo e hicieron los mismo, ofrecieron caf\u00e9 caliente y un bolillo<\/p>\n\n\n\n<p>Los vecinos no se quedaron atr\u00e1s, llenaron sus veh\u00edculos con personas en desgracia e hicieron viajes para dejarlos a buen resguardo en alguno de los albergues de la delegaci\u00f3n Gustavo A. Madero que era la m\u00e1s cercana.<\/p>\n\n\n\n<p>Sin duda, a\u00f1o con a\u00f1o se mencionan a los que auxiliaron a los habitantes de San juanico: a los m\u00e9dicos, a las enfermeras, y a todo un ej\u00e9rcito de servidores p\u00fablicos, tambi\u00e9n se entrevistan a algunos de los sobrevivientes y que bueno, pero se presta poca atenci\u00f3n a quien de la nada pudo ofrecer una modesta taza de caf\u00e9, un bolillo, un chal, una pantalonera o hasta unas chanclas. Eso solo se lleva en la conciencia de haber servido al pr\u00f3jimo y es lo que hace grande a nuestro pa\u00eds.<\/p>\n","protected":false},"excerpt":{"rendered":"<p>Myrna Pastrana ___________________________ Reci\u00e9n se han cumplido cuarenta a\u00f1os de la tragedia de San Juan Ixhuatepec m\u00e1s conocido como San Juanico y no es el inter\u00e9s de esta columna repetir o parafrasear las notas que abundan sobre el n\u00famero de muertos, o el mencionar las seis esferas y veintid\u00f3s salchichas de Petr\u00f3leos Mexicanos que estaban [&hellip;]<\/p>\n","protected":false},"author":6,"featured_media":45673,"comment_status":"open","ping_status":"open","sticky":false,"template":"","format":"standard","meta":{"_acf_changed":false,"_monsterinsights_skip_tracking":false,"_monsterinsights_sitenote_active":false,"_monsterinsights_sitenote_note":"","_monsterinsights_sitenote_category":0,"slim_seo":{"title":"San Juanico y los otros h\u00e9roes - Opini\u00f3n P\u00fablica","description":"Myrna Pastrana ___________________________ Reci\u00e9n se han cumplido cuarenta a\u00f1os de la tragedia de San Juan Ixhuatepec m\u00e1s conocido como San Juanico y no es el i"},"footnotes":""},"categories":[36],"tags":[],"class_list":["post-47585","post","type-post","status-publish","format-standard","has-post-thumbnail","hentry","category-pensandola-bien"],"acf":[],"_links":{"self":[{"href":"https:\/\/www.opinionpublica.tv\/portada\/wp-json\/wp\/v2\/posts\/47585","targetHints":{"allow":["GET"]}}],"collection":[{"href":"https:\/\/www.opinionpublica.tv\/portada\/wp-json\/wp\/v2\/posts"}],"about":[{"href":"https:\/\/www.opinionpublica.tv\/portada\/wp-json\/wp\/v2\/types\/post"}],"author":[{"embeddable":true,"href":"https:\/\/www.opinionpublica.tv\/portada\/wp-json\/wp\/v2\/users\/6"}],"replies":[{"embeddable":true,"href":"https:\/\/www.opinionpublica.tv\/portada\/wp-json\/wp\/v2\/comments?post=47585"}],"version-history":[{"count":2,"href":"https:\/\/www.opinionpublica.tv\/portada\/wp-json\/wp\/v2\/posts\/47585\/revisions"}],"predecessor-version":[{"id":47587,"href":"https:\/\/www.opinionpublica.tv\/portada\/wp-json\/wp\/v2\/posts\/47585\/revisions\/47587"}],"wp:featuredmedia":[{"embeddable":true,"href":"https:\/\/www.opinionpublica.tv\/portada\/wp-json\/wp\/v2\/media\/45673"}],"wp:attachment":[{"href":"https:\/\/www.opinionpublica.tv\/portada\/wp-json\/wp\/v2\/media?parent=47585"}],"wp:term":[{"taxonomy":"category","embeddable":true,"href":"https:\/\/www.opinionpublica.tv\/portada\/wp-json\/wp\/v2\/categories?post=47585"},{"taxonomy":"post_tag","embeddable":true,"href":"https:\/\/www.opinionpublica.tv\/portada\/wp-json\/wp\/v2\/tags?post=47585"}],"curies":[{"name":"wp","href":"https:\/\/api.w.org\/{rel}","templated":true}]}}