{"id":47580,"date":"2024-11-21T00:01:00","date_gmt":"2024-11-21T07:01:00","guid":{"rendered":"https:\/\/www.opinionpublica.tv\/portada\/?p=47580"},"modified":"2024-11-20T20:57:58","modified_gmt":"2024-11-21T03:57:58","slug":"el-auge-del-detergente-liquido-por-que-el-de-polvo-esta-desapareciendo","status":"publish","type":"post","link":"https:\/\/www.opinionpublica.tv\/portada\/el-auge-del-detergente-liquido-por-que-el-de-polvo-esta-desapareciendo\/","title":{"rendered":"El auge del detergente l\u00edquido: \u00bfPor qu\u00e9 el de polvo est\u00e1 desapareciendo?"},"content":{"rendered":"\n<figure class=\"wp-block-image size-large\"><img fetchpriority=\"high\" decoding=\"async\" width=\"1024\" height=\"768\" src=\"https:\/\/www.opinionpublica.tv\/portada\/wp-content\/uploads\/2024\/11\/El-auge-del-detergente-liquido-\u00bfPor-que-el-de-polvo-esta-desapareciendo-1024x768.jpg\" alt=\"El Auge Del Detergente Li\u0301quido \u00bfpor Que\u0301 El De Polvo Esta\u0301 Desapareciendo?\" class=\"wp-image-47583\" srcset=\"https:\/\/www.opinionpublica.tv\/portada\/wp-content\/uploads\/2024\/11\/El-auge-del-detergente-liquido-\u00bfPor-que-el-de-polvo-esta-desapareciendo-1024x768.jpg 1024w, https:\/\/www.opinionpublica.tv\/portada\/wp-content\/uploads\/2024\/11\/El-auge-del-detergente-liquido-\u00bfPor-que-el-de-polvo-esta-desapareciendo-300x225.jpg 300w, https:\/\/www.opinionpublica.tv\/portada\/wp-content\/uploads\/2024\/11\/El-auge-del-detergente-liquido-\u00bfPor-que-el-de-polvo-esta-desapareciendo-768x576.jpg 768w, https:\/\/www.opinionpublica.tv\/portada\/wp-content\/uploads\/2024\/11\/El-auge-del-detergente-liquido-\u00bfPor-que-el-de-polvo-esta-desapareciendo.jpg 1200w\" sizes=\"(max-width: 1024px) 100vw, 1024px\" \/><\/figure>\n\n\n\n<p>El detergente en polvo est\u00e1 desapareciendo de los estantes de los supermercados en Latinoam\u00e9rica, dando paso al formato l\u00edquido. Este cambio responde a estrategias de mercado, mayor conciencia ambiental y ventajas pr\u00e1cticas del detergente l\u00edquido, como mejor cuidado de las telas y menor impacto ecol\u00f3gico. Adem\u00e1s, el crecimiento de mercados informales y productos artesanales en algunos pa\u00edses a\u00f1ade nuevas din\u00e1micas al sector. Comparar ambos formatos revela que el l\u00edquido es m\u00e1s vers\u00e1til, aunque el polvo sigue siendo preferido por su econom\u00eda. \u00bfYa sabes cu\u00e1l es el ideal para ti?<\/p>\n\n\n\n<p>Si a\u00fan no lo has notado, uno de estos d\u00edas lo har\u00e1s. La desaparici\u00f3n gradual del detergente en polvo de los estantes del supermercado no es casualidad; responde a una estrategia de mercado bien definida y a los cambios en el comportamiento de los consumidores en Latinoam\u00e9rica.<\/p>\n\n\n\n<p>\u00bfQu\u00e9 est\u00e1 pasando con el detergente en polvo?<\/p>\n\n\n\n<p>David Mackinson, analista de investigaci\u00f3n, explica que \u00abestamos ante el fin de la era de los detergentes en polvo en Latinoam\u00e9rica\u00bb. De acuerdo con Mackinson, esta transici\u00f3n no es fruto de una simple preferencia de los consumidores, sino de un movimiento impulsado por los fabricantes. \u201cPor ejemplo, en julio de 2015, Procter &amp; Gamble en Argentina decidi\u00f3 dejar de producir sus marcas Ariel y Ace en formato de polvo. Es un cambio enorme y fundamental, ya que tradicionalmente los consumidores latinos han preferido el detergente en polvo\u00bb, comenta el analista.<\/p>\n\n\n\n<p>El cambio est\u00e1 relacionado con la creciente competencia en el mercado, donde un mayor n\u00famero de marcas reconocidas apuestan por el detergente l\u00edquido. Este formato se ha popularizado gracias a sus ventajas: se disuelve f\u00e1cilmente, protege los colores y no deja residuos en la ropa.<\/p>\n\n\n\n<p>Mackinson tambi\u00e9n se\u00f1ala otro fen\u00f3meno interesante: el crecimiento del mercado informal. \u00abEn pa\u00edses como Chile, existe un mercado artesanal en desarrollo para los detergentes l\u00edquidos. Estos productos hechos en casa se venden en ferias libres y comercio ambulante, pero tambi\u00e9n hay riesgo de que algunos de estos detergentes sean falsificados\u00bb.<\/p>\n\n\n\n<p>Las grandes empresas del sector en un principio posicionaron el detergente l\u00edquido como un producto premium, destinado a un segmento de alto poder adquisitivo. Sin embargo, hoy esa estrategia ha cambiado, y ahora buscan que el detergente l\u00edquido sea accesible para todos los consumidores.<\/p>\n\n\n\n<p>\u00bfCu\u00e1l elegir?<\/p>\n\n\n\n<p>Elegir el detergente para ropa adecuado no es tarea sencilla. Debe cumplir con tres requisitos esenciales: ser biodegradable, lograr una limpieza efectiva y cuidar la textura de las prendas. Un estudio realizado por la Procuradur\u00eda Federal del Consumidor (Profeco) recomienda optar por detergentes con menos qu\u00edmicos y que respeten los colores de las telas. Seg\u00fan sus conclusiones, los detergentes l\u00edquidos son mejores que los detergentes en polvo en cuanto a protecci\u00f3n de las telas.<\/p>\n\n\n\n<p>Adem\u00e1s, Profeco se\u00f1ala que los detergentes l\u00edquidos tienen una menor concentraci\u00f3n de ingredientes agresivos, lo cual los hace m\u00e1s adecuados para el uso frecuente y para preservar la calidad de las telas por m\u00e1s tiempo. Tambi\u00e9n destacan por su versatilidad en diferentes tipos de lavado, tanto en agua fr\u00eda como caliente, y su facilidad para dosificarse adecuadamente sin dejar residuos.<\/p>\n\n\n\n<p>Tipos de detergentes<\/p>\n\n\n\n<p>En polvo: Suele ser m\u00e1s efectivo para mantener la blancura de los tejidos y tiene un efecto desinfectante m\u00e1s intenso gracias a los blanqueadores qu\u00edmicos. Sin embargo, tiene un impacto ambiental alto debido a su envase y puede dejar residuos blanquecinos si se dosifica en exceso. Tambi\u00e9n tiende a apelmazarse con la humedad y es el formato m\u00e1s econ\u00f3mico por dosis.<\/p>\n\n\n\n<p>L\u00edquido: Es f\u00e1cil de usar, se disuelve bien a cualquier temperatura y protege los colores de las prendas. Aunque puede ser dif\u00edcil dosificar correctamente, permite ajustar la cantidad seg\u00fan las necesidades del lavado. Adem\u00e1s, se puede aplicar directamente sobre manchas dif\u00edciles en el prelavado. Su precio por dosis es similar al del detergente en polvo.<\/p>\n\n\n\n<p>En c\u00e1psulas: Este formato es f\u00e1cil de dosificar, siempre que el lavado sea est\u00e1ndar. Sin embargo, son m\u00e1s caros que los formatos en polvo o l\u00edquido, y pueden presentar riesgos de intoxicaci\u00f3n en ni\u00f1os debido a sus colores llamativos. Adem\u00e1s, la envoltura hidrosoluble puede no disolverse completamente en ciertos ciclos de lavado.<\/p>\n\n\n\n<p>\u00bfQu\u00e9 es mejor: detergente l\u00edquido o en polvo?<\/p>\n\n\n\n<p>La respuesta depende de las necesidades espec\u00edficas de cada usuario. Si bien el detergente en polvo es m\u00e1s econ\u00f3mico y efectivo para manchas pesadas como las de barro, el detergente l\u00edquido ofrece ventajas en la protecci\u00f3n de las telas y en la facilidad de uso, especialmente en ciclos de lavado a bajas temperaturas.<\/p>\n\n\n\n<p>Adem\u00e1s, el detergente l\u00edquido es m\u00e1s amigable con el medio ambiente en comparaci\u00f3n con el detergente en polvo, ya que requiere menos energ\u00eda para su producci\u00f3n y no genera residuos de embalaje tan voluminosos. Asimismo, su f\u00f3rmula permite un uso m\u00e1s eficiente del producto, reduciendo el desperdicio y contribuyendo a una menor huella ecol\u00f3gica.<\/p>\n\n\n\n<p>La transici\u00f3n hacia el detergente l\u00edquido es una tendencia clara en el mercado latinoamericano, impulsada por los fabricantes y por un cambio en las preferencias de los consumidores. Esta evoluci\u00f3n ofrece beneficios tanto para el cuidado de la ropa como para el medio ambiente, al ser un formato m\u00e1s eficiente y menos agresivo con los tejidos.<\/p>\n\n\n\n<p>En M\u00e9xico, un estudio reciente de la Profeco evalu\u00f3 20 marcas de detergente l\u00edquido y en polvo, revelando que los productos l\u00edquidos obtuvieron mejores calificaciones en pruebas de protecci\u00f3n de telas y biodegradabilidad. Este cambio tambi\u00e9n responde al impacto ambiental: seg\u00fan un an\u00e1lisis del Journal of Cleaner Production, los detergentes l\u00edquidos tienen una huella de carbono menor debido a una fabricaci\u00f3n m\u00e1s eficiente y envases m\u00e1s compactos.<\/p>\n\n\n\n<p>Por otra parte, el auge de los detergentes l\u00edquidos artesanales mencionado en Chile es parte de un fen\u00f3meno mayor en Am\u00e9rica Latina. Esto incluye productos vendidos en mercados locales, que suelen ser m\u00e1s econ\u00f3micos pero carecen de regulaciones estrictas, lo que puede presentar riesgos para los consumidores. Seg\u00fan un informe de la Organizaci\u00f3n Panamericana de la Salud (OPS), el uso de productos no certificados puede derivar en problemas de salud y contaminaci\u00f3n ambiental.<\/p>\n\n\n\n<p>Finalmente, en cuanto a las c\u00e1psulas de detergente, la preocupaci\u00f3n por la seguridad de los ni\u00f1os ha llevado a normativas m\u00e1s estrictas en algunos pa\u00edses. En Europa, por ejemplo, se han introducido regulaciones que obligan a incluir cierres a prueba de ni\u00f1os en los empaques y a reducir la opacidad de las c\u00e1psulas para hacerlas menos atractivas.<\/p>\n\n\n\n<p>Esta transici\u00f3n hacia detergentes m\u00e1s eficientes y sostenibles es una muestra de c\u00f3mo las empresas y los consumidores pueden influir en la direcci\u00f3n del mercado, equilibrando precio, calidad y responsabilidad ambiental.<\/p>\n\n\n\n<p>\u00bfY t\u00fa, ya has notado el cambio en los estantes del supermercado? Quiz\u00e1 sea momento de considerar cu\u00e1l es el mejor detergente para tus necesidades y preferencias. (Exc\u00e9lsior)<\/p>\n","protected":false},"excerpt":{"rendered":"<p>El detergente en polvo est\u00e1 desapareciendo de los estantes de los supermercados en Latinoam\u00e9rica, dando paso al formato l\u00edquido. Este cambio responde a estrategias de mercado, mayor conciencia ambiental y ventajas pr\u00e1cticas del detergente l\u00edquido, como mejor cuidado de las telas y menor impacto ecol\u00f3gico. Adem\u00e1s, el crecimiento de mercados informales y productos artesanales en [&hellip;]<\/p>\n","protected":false},"author":6,"featured_media":47583,"comment_status":"open","ping_status":"open","sticky":false,"template":"","format":"standard","meta":{"_acf_changed":false,"_monsterinsights_skip_tracking":false,"_monsterinsights_sitenote_active":false,"_monsterinsights_sitenote_note":"","_monsterinsights_sitenote_category":0,"slim_seo":{"title":"El auge del detergente l\u00edquido: \u00bfPor qu\u00e9 el de polvo est\u00e1 desapareciendo? - Opini\u00f3n P\u00fablica","description":"El detergente en polvo est\u00e1 desapareciendo de los estantes de los supermercados en Latinoam\u00e9rica, dando paso al formato l\u00edquido. Este cambio responde a estrateg"},"footnotes":""},"categories":[11],"tags":[],"class_list":["post-47580","post","type-post","status-publish","format-standard","has-post-thumbnail","hentry","category-tendencias"],"acf":[],"_links":{"self":[{"href":"https:\/\/www.opinionpublica.tv\/portada\/wp-json\/wp\/v2\/posts\/47580","targetHints":{"allow":["GET"]}}],"collection":[{"href":"https:\/\/www.opinionpublica.tv\/portada\/wp-json\/wp\/v2\/posts"}],"about":[{"href":"https:\/\/www.opinionpublica.tv\/portada\/wp-json\/wp\/v2\/types\/post"}],"author":[{"embeddable":true,"href":"https:\/\/www.opinionpublica.tv\/portada\/wp-json\/wp\/v2\/users\/6"}],"replies":[{"embeddable":true,"href":"https:\/\/www.opinionpublica.tv\/portada\/wp-json\/wp\/v2\/comments?post=47580"}],"version-history":[{"count":2,"href":"https:\/\/www.opinionpublica.tv\/portada\/wp-json\/wp\/v2\/posts\/47580\/revisions"}],"predecessor-version":[{"id":47584,"href":"https:\/\/www.opinionpublica.tv\/portada\/wp-json\/wp\/v2\/posts\/47580\/revisions\/47584"}],"wp:featuredmedia":[{"embeddable":true,"href":"https:\/\/www.opinionpublica.tv\/portada\/wp-json\/wp\/v2\/media\/47583"}],"wp:attachment":[{"href":"https:\/\/www.opinionpublica.tv\/portada\/wp-json\/wp\/v2\/media?parent=47580"}],"wp:term":[{"taxonomy":"category","embeddable":true,"href":"https:\/\/www.opinionpublica.tv\/portada\/wp-json\/wp\/v2\/categories?post=47580"},{"taxonomy":"post_tag","embeddable":true,"href":"https:\/\/www.opinionpublica.tv\/portada\/wp-json\/wp\/v2\/tags?post=47580"}],"curies":[{"name":"wp","href":"https:\/\/api.w.org\/{rel}","templated":true}]}}