{"id":47575,"date":"2024-11-21T00:01:00","date_gmt":"2024-11-21T07:01:00","guid":{"rendered":"https:\/\/www.opinionpublica.tv\/portada\/?p=47575"},"modified":"2024-11-20T20:53:48","modified_gmt":"2024-11-21T03:53:48","slug":"microsoft-lanza-una-computadora-cuantica-de-uso-comercial","status":"publish","type":"post","link":"https:\/\/www.opinionpublica.tv\/portada\/microsoft-lanza-una-computadora-cuantica-de-uso-comercial\/","title":{"rendered":"Microsoft lanzar\u00e1 una computadora cu\u00e1ntica de uso comercial para 2025"},"content":{"rendered":"\n<figure class=\"wp-block-image size-full\"><img fetchpriority=\"high\" decoding=\"async\" width=\"1100\" height=\"666\" src=\"https:\/\/www.opinionpublica.tv\/portada\/wp-content\/uploads\/2024\/11\/Microsoft-lanzara-una-computadora-cuantica-de-uso-comercial-para-2025.avif\" alt=\"Microsoft Lanzara\u0301 Una Computadora Cua\u0301ntica De Uso Comercial Para 2025\" class=\"wp-image-47578\"\/><\/figure>\n\n\n\n<p>La tecnolog\u00eda ha dado un nuevo avance. Microsoft y Atom Computing lanzar\u00e1n una computadora cu\u00e1ntica de uso comercial. Esto se dio a conocer en la edici\u00f3n 2024 de Ignite, el evento de Microsoft que se lleva a cabo en Chicago.<\/p>\n\n\n\n<p>De acuerdo con ambas compa\u00f1\u00edas, sus respectivos equipos lograron \u201ccrear y entrelazar 24 c\u00fabits l\u00f3gicos hechos de \u00e1tomos neutros\u00bb, esto representa la mayor cantidad de c\u00fabits entrelazados de la que existe registro.<\/p>\n\n\n\n<p>\u00abJuntas, las empresas ofrecen una m\u00e1quina cu\u00e1ntica confiable construida con estos c\u00fabits l\u00f3gicos de \u00faltima generaci\u00f3n y el sistema de virtualizaci\u00f3n de c\u00fabits de Microsoft, e integrada con Azure Elements\u201c, se\u00f1ala el comunicado oficial de la firma de Redmond.<\/p>\n\n\n\n<p>El uso de c\u00fabits l\u00f3gicos, permite detectar y corregir la p\u00e9rdida de c\u00fabits f\u00edsicos. Esto fue una parte crucial para desarrollar una computadora cu\u00e1ntica de uso comercial confiable.<\/p>\n\n\n\n<p>Se espera que esta computadora comience a comercializarse en 2025. Hasta el momento, no hay detalles sobre el precio de esta computadora.<\/p>\n\n\n\n<p>Seg\u00fan declaraciones de Jason Zander, vicepresidente ejecutivo de Microsoft, el objetivo de la compa\u00f1\u00eda es desarrollar la computadora cu\u00e1ntica comercial m\u00e1s poderosa.<\/p>\n\n\n\n<p>\u00bfPara qu\u00e9 sirve una computadora cu\u00e1ntica?<\/p>\n\n\n\n<p>De acuerdo con Amazon Web Services, \u201clas computadoras cu\u00e1nticas son capaces de resolver ciertos tipos de problemas m\u00e1s r\u00e1pido que las computadoras cl\u00e1sicas, ya que sacan partido de los efectos de la mec\u00e1nica cu\u00e1ntica, como la superposici\u00f3n y la interferencia cu\u00e1ntica\u00bb.<\/p>\n\n\n\n<p>Las aplicaciones en las que este tipo de equipos pueden brindar un gran impulso son machine learning (ML), optimizaci\u00f3n y simulaci\u00f3n de sistemas f\u00edsicos. B\u00e1sicamente, estas computadoras podr\u00e1n revolucionar a muchas industrias en diferentes aspectos. (El Universal)<\/p>\n","protected":false},"excerpt":{"rendered":"<p>La tecnolog\u00eda ha dado un nuevo avance. Microsoft y Atom Computing lanzar\u00e1n una computadora cu\u00e1ntica de uso comercial. Esto se dio a conocer en la edici\u00f3n 2024 de Ignite, el evento de Microsoft que se lleva a cabo en Chicago. De acuerdo con ambas compa\u00f1\u00edas, sus respectivos equipos lograron \u201ccrear y entrelazar 24 c\u00fabits l\u00f3gicos [&hellip;]<\/p>\n","protected":false},"author":6,"featured_media":47578,"comment_status":"open","ping_status":"open","sticky":false,"template":"","format":"standard","meta":{"_acf_changed":false,"_monsterinsights_skip_tracking":false,"_monsterinsights_sitenote_active":false,"_monsterinsights_sitenote_note":"","_monsterinsights_sitenote_category":0,"slim_seo":{"title":"Microsoft lanzar\u00e1 una computadora cu\u00e1ntica de uso comercial para 2025 - Opini\u00f3n P\u00fablica","description":"La tecnolog\u00eda ha dado un nuevo avance. Microsoft y Atom Computing lanzar\u00e1n una computadora cu\u00e1ntica de uso comercial. Esto se dio a conocer en la edici\u00f3n 2024 d"},"footnotes":""},"categories":[22],"tags":[],"class_list":["post-47575","post","type-post","status-publish","format-standard","has-post-thumbnail","hentry","category-ciencia-y-tecnologia"],"acf":[],"_links":{"self":[{"href":"https:\/\/www.opinionpublica.tv\/portada\/wp-json\/wp\/v2\/posts\/47575","targetHints":{"allow":["GET"]}}],"collection":[{"href":"https:\/\/www.opinionpublica.tv\/portada\/wp-json\/wp\/v2\/posts"}],"about":[{"href":"https:\/\/www.opinionpublica.tv\/portada\/wp-json\/wp\/v2\/types\/post"}],"author":[{"embeddable":true,"href":"https:\/\/www.opinionpublica.tv\/portada\/wp-json\/wp\/v2\/users\/6"}],"replies":[{"embeddable":true,"href":"https:\/\/www.opinionpublica.tv\/portada\/wp-json\/wp\/v2\/comments?post=47575"}],"version-history":[{"count":3,"href":"https:\/\/www.opinionpublica.tv\/portada\/wp-json\/wp\/v2\/posts\/47575\/revisions"}],"predecessor-version":[{"id":47579,"href":"https:\/\/www.opinionpublica.tv\/portada\/wp-json\/wp\/v2\/posts\/47575\/revisions\/47579"}],"wp:featuredmedia":[{"embeddable":true,"href":"https:\/\/www.opinionpublica.tv\/portada\/wp-json\/wp\/v2\/media\/47578"}],"wp:attachment":[{"href":"https:\/\/www.opinionpublica.tv\/portada\/wp-json\/wp\/v2\/media?parent=47575"}],"wp:term":[{"taxonomy":"category","embeddable":true,"href":"https:\/\/www.opinionpublica.tv\/portada\/wp-json\/wp\/v2\/categories?post=47575"},{"taxonomy":"post_tag","embeddable":true,"href":"https:\/\/www.opinionpublica.tv\/portada\/wp-json\/wp\/v2\/tags?post=47575"}],"curies":[{"name":"wp","href":"https:\/\/api.w.org\/{rel}","templated":true}]}}