{"id":47570,"date":"2024-11-21T00:01:00","date_gmt":"2024-11-21T07:01:00","guid":{"rendered":"https:\/\/www.opinionpublica.tv\/portada\/?p=47570"},"modified":"2024-11-20T20:49:28","modified_gmt":"2024-11-21T03:49:28","slug":"a-nonsense-christmas-with-sabrina-carpenter-trailer-oficial-netflix","status":"publish","type":"post","link":"https:\/\/www.opinionpublica.tv\/portada\/a-nonsense-christmas-with-sabrina-carpenter-trailer-oficial-netflix\/","title":{"rendered":"Video: A Nonsense Christmas with Sabrina Carpenter | Tr\u00e1iler Netflix"},"content":{"rendered":"\n<p><a href=\"https:\/\/www.youtube.com\/@NetflixLATAM\"><\/a><\/p>\n\n\n\n<figure class=\"wp-block-embed is-type-video is-provider-youtube wp-block-embed-youtube wp-embed-aspect-16-9 wp-has-aspect-ratio\"><div class=\"wp-block-embed__wrapper\">\n<iframe title=\"A Nonsense Christmas with Sabrina Carpenter | Tr\u00e1iler oficial | Netflix\" width=\"800\" height=\"450\" src=\"https:\/\/www.youtube.com\/embed\/gsQQlGeo6BI?feature=oembed\" frameborder=\"0\" allow=\"accelerometer; autoplay; clipboard-write; encrypted-media; gyroscope; picture-in-picture; web-share\" referrerpolicy=\"strict-origin-when-cross-origin\" allowfullscreen><\/iframe>\n<\/div><\/figure>\n\n\n\n<p>Una Navidad al ritmo de \u00abNonsense\u00bb. La estrella del pop Sabrina Carpenter llega con actuaciones musicales fascinantes en las que interpreta canciones de su mini\u00e1lbum navide\u00f1o \u00abfruitcake\u00bb y otras canciones festivas emblem\u00e1ticas. El especial tambi\u00e9n cuenta con comediantes invitados, duetos inesperados, cameos divertidos y muchas sorpresas m\u00e1s.<\/p>\n\n\n\n<p>\u00abA Nonsense Christmas with Sabrina Carpenter\u00bb se estrena el 6 de diciembre a las 8PM M\u00c9X | 9PM COL | 11PM ARG.<\/p>\n","protected":false},"excerpt":{"rendered":"<p>Una Navidad al ritmo de \u00abNonsense\u00bb. La estrella del pop Sabrina Carpenter llega con actuaciones musicales fascinantes en las que interpreta canciones de su mini\u00e1lbum navide\u00f1o \u00abfruitcake\u00bb y otras canciones festivas emblem\u00e1ticas. El especial tambi\u00e9n cuenta con comediantes invitados, duetos inesperados, cameos divertidos y muchas sorpresas m\u00e1s. \u00abA Nonsense Christmas with Sabrina Carpenter\u00bb se estrena [&hellip;]<\/p>\n","protected":false},"author":6,"featured_media":47574,"comment_status":"open","ping_status":"open","sticky":false,"template":"","format":"standard","meta":{"_acf_changed":false,"_monsterinsights_skip_tracking":false,"_monsterinsights_sitenote_active":false,"_monsterinsights_sitenote_note":"","_monsterinsights_sitenote_category":0,"slim_seo":{"title":"Video: A Nonsense Christmas with Sabrina Carpenter | Tr\u00e1iler Netflix - Opini\u00f3n P\u00fablica","description":"https:\/\/youtu.be\/gsQQlGeo6BI?si=vFnv1_aULmJ8mZrW Una Navidad al ritmo de \u00abNonsense\u00bb. La estrella del pop Sabrina Carpenter llega con actuaciones musicales fasci"},"footnotes":""},"categories":[13,2,8],"tags":[],"class_list":["post-47570","post","type-post","status-publish","format-standard","has-post-thumbnail","hentry","category-videos-destacados-contenido","category-videos-destacados","category-videos"],"acf":[],"_links":{"self":[{"href":"https:\/\/www.opinionpublica.tv\/portada\/wp-json\/wp\/v2\/posts\/47570","targetHints":{"allow":["GET"]}}],"collection":[{"href":"https:\/\/www.opinionpublica.tv\/portada\/wp-json\/wp\/v2\/posts"}],"about":[{"href":"https:\/\/www.opinionpublica.tv\/portada\/wp-json\/wp\/v2\/types\/post"}],"author":[{"embeddable":true,"href":"https:\/\/www.opinionpublica.tv\/portada\/wp-json\/wp\/v2\/users\/6"}],"replies":[{"embeddable":true,"href":"https:\/\/www.opinionpublica.tv\/portada\/wp-json\/wp\/v2\/comments?post=47570"}],"version-history":[{"count":3,"href":"https:\/\/www.opinionpublica.tv\/portada\/wp-json\/wp\/v2\/posts\/47570\/revisions"}],"predecessor-version":[{"id":47573,"href":"https:\/\/www.opinionpublica.tv\/portada\/wp-json\/wp\/v2\/posts\/47570\/revisions\/47573"}],"wp:featuredmedia":[{"embeddable":true,"href":"https:\/\/www.opinionpublica.tv\/portada\/wp-json\/wp\/v2\/media\/47574"}],"wp:attachment":[{"href":"https:\/\/www.opinionpublica.tv\/portada\/wp-json\/wp\/v2\/media?parent=47570"}],"wp:term":[{"taxonomy":"category","embeddable":true,"href":"https:\/\/www.opinionpublica.tv\/portada\/wp-json\/wp\/v2\/categories?post=47570"},{"taxonomy":"post_tag","embeddable":true,"href":"https:\/\/www.opinionpublica.tv\/portada\/wp-json\/wp\/v2\/tags?post=47570"}],"curies":[{"name":"wp","href":"https:\/\/api.w.org\/{rel}","templated":true}]}}