{"id":47567,"date":"2024-11-22T00:01:00","date_gmt":"2024-11-22T07:01:00","guid":{"rendered":"https:\/\/www.opinionpublica.tv\/portada\/?p=47567"},"modified":"2024-11-20T20:45:00","modified_gmt":"2024-11-21T03:45:00","slug":"efemerides-22-de-noviembre-7","status":"publish","type":"post","link":"https:\/\/www.opinionpublica.tv\/portada\/efemerides-22-de-noviembre-7\/","title":{"rendered":"Efem\u00e9rides 22 de noviembre"},"content":{"rendered":"\n<p class=\"wp-block-paragraph\"><em>Un d\u00eda 22 de noviembre como hoy, pero de 1963, hace 60 a\u00f1os, es asesinado a tiros en Dallas el presidente de los Estados Unidos, John F. Kennedy.<\/em><\/p>\n\n\n\n<figure class=\"wp-block-image size-large\"><img fetchpriority=\"high\" decoding=\"async\" width=\"1024\" height=\"576\" src=\"https:\/\/www.opinionpublica.tv\/portada\/wp-content\/uploads\/2024\/11\/asesinato-de-john-f-keneddy-1024x576.jpg\" alt=\"Asesinato De John F Keneddy\" class=\"wp-image-47568\" srcset=\"https:\/\/www.opinionpublica.tv\/portada\/wp-content\/uploads\/2024\/11\/asesinato-de-john-f-keneddy-1024x576.jpg 1024w, https:\/\/www.opinionpublica.tv\/portada\/wp-content\/uploads\/2024\/11\/asesinato-de-john-f-keneddy-300x169.jpg 300w, https:\/\/www.opinionpublica.tv\/portada\/wp-content\/uploads\/2024\/11\/asesinato-de-john-f-keneddy-768x432.jpg 768w, https:\/\/www.opinionpublica.tv\/portada\/wp-content\/uploads\/2024\/11\/asesinato-de-john-f-keneddy-1536x864.jpg 1536w, https:\/\/www.opinionpublica.tv\/portada\/wp-content\/uploads\/2024\/11\/asesinato-de-john-f-keneddy.jpg 1700w\" sizes=\"(max-width: 1024px) 100vw, 1024px\" \/><\/figure>\n\n\n\n<p class=\"wp-block-paragraph\"><strong>Otras efem\u00e9rides<\/strong><\/p>\n\n\n\n<p class=\"wp-block-paragraph\">1497.- El navegante portugu\u00e9s Vasco da Gama dobla el Cabo de Buena Esperanza (sur de \u00c1frica).<\/p>\n\n\n\n<p class=\"wp-block-paragraph\">1824.- Guatemala, El Salvador, Honduras, Costa Rica y Nicaragua promulgan la Constituci\u00f3n que une a los cinco pa\u00edses en una Federaci\u00f3n gobernada por un presidente, aunque deja amplia libertad a los jefes de cada Estado.<\/p>\n\n\n\n<p class=\"wp-block-paragraph\">1873.- El transatl\u00e1ntico franc\u00e9s \u00abVille du Havre\u00bb se hunde por abordaje en su traves\u00eda a Nueva York y mueren 226 personas.<\/p>\n\n\n\n<p class=\"wp-block-paragraph\">1928.- Se estrena en la \u00d3pera de Par\u00eds la obra \u00abBolero\u00bb, del compositor franc\u00e9s Maurice Ravel.<\/p>\n\n\n\n<p class=\"wp-block-paragraph\">1943.- L\u00edbano obtiene la independencia de Francia.<\/p>\n\n\n\n<p class=\"wp-block-paragraph\">1955.- La URSS hace estallar en Siberia una bomba de hidr\u00f3geno.<\/p>\n\n\n\n<p class=\"wp-block-paragraph\">1955.- Tras el derrocamiento del presidente argentino Juan Domingo Per\u00f3n, es secuestrado el cad\u00e1ver embalsamado de Eva Per\u00f3n.<\/p>\n\n\n\n<p class=\"wp-block-paragraph\">1956.- Inauguraci\u00f3n en Melbourne (Australia) de los XVI Juegos Ol\u00edmpicos.<\/p>\n\n\n\n<p class=\"wp-block-paragraph\">1969.- Firmado en San Jos\u00e9 de Costa Rica la Convenci\u00f3n Americana sobre Derechos Humanos, el llamado Pacto de San Jos\u00e9.<\/p>\n\n\n\n<p class=\"wp-block-paragraph\">1975.- Juan Carlos I de Borb\u00f3n jura como Rey de Espa\u00f1a.<\/p>\n\n\n\n<p class=\"wp-block-paragraph\">1977.- El Concorde realiza su primer vuelo directo entre Par\u00eds y Nueva York.<\/p>\n\n\n\n<p class=\"wp-block-paragraph\">1983.- El Ej\u00e9rcito de Liberaci\u00f3n Nacional (ELN) colombiano secuestra en Bogot\u00e1 a Jaime Betancur Cuartas, hermano del presidente de la Rep\u00fablica, Belisario Betancur.<\/p>\n\n\n\n<p class=\"wp-block-paragraph\">1989.- Asesinados en Beirut el presidente de L\u00edbano Ren\u00e9 Muawad y otras 14 personas, al estallar un potente artefacto.<\/p>\n\n\n\n<p class=\"wp-block-paragraph\">1990.- Margaret Thatcher anuncia su dimisi\u00f3n como primera ministra del Reino Unido.<\/p>\n\n\n\n<p class=\"wp-block-paragraph\">1992.- La coalici\u00f3n progubernamental \u00abCambio 90-Nueva Mayor\u00eda\u00bb gana las elecciones constituyentes en Per\u00fa.<\/p>\n\n\n\n<p class=\"wp-block-paragraph\">1995.- Sim\u00f3n Peres se convierte en el jefe del XII Gobierno de Israel al jurar el cargo ante el Parlamento en Jerusal\u00e9n.<\/p>\n\n\n\n<p class=\"wp-block-paragraph\">1995.- Pixar Animation Studios estrena Toy Story, el primer largometraje creado por computadora.<\/p>\n\n\n\n<p class=\"wp-block-paragraph\">2002.- El Gobierno argentino anuncia el fin del \u00abcorralito\u00bb bancario para el 2 de diciembre siguiente, impuesto el a\u00f1o anterior.<\/p>\n\n\n\n<p class=\"wp-block-paragraph\">2004.- Un d\u00eda despu\u00e9s de las elecciones presidenciales en Ucrania, la Comisi\u00f3n Electoral Central da por ganador al primer ministro Victor Yukanovich. El l\u00edder opositor, V\u00edctor Y\u00faschenko llama a sus partidarios a emprender acciones masivas de protesta por fraude electoral. Comienza la \u00abrevoluci\u00f3n naranja\u00bb.<\/p>\n\n\n\n<p class=\"wp-block-paragraph\">2005.- El Bundestag elige a la conservadora \u00c1ngela Merkel nueva canciller. Es la primera mujer en la historia de Alemania que llega al cargo.<\/p>\n\n\n\n<p class=\"wp-block-paragraph\">2006.- Estados Unidos y Colombia firman un Tratado de Libre Comercio que deber\u00e1 ser aprobado por los parlamentos de ambos pa\u00edses.<\/p>\n\n\n\n<p class=\"wp-block-paragraph\">2010. Mueren 351 personas y 750 resultan heridas en una estampida en Phnom Penh, capital de Camboya, durante el Festival del Agua.<\/p>\n\n\n\n<p class=\"wp-block-paragraph\">2013.- El noruego Magnus Carlsen se proclama con 22 a\u00f1os campe\u00f3n mundial de ajedrez tras derrotar a Viswanathan Anand.<\/p>\n\n\n\n<p class=\"wp-block-paragraph\">2015.- El conservador Mauricio Macri es elegido presidente de Argentina.<\/p>\n\n\n\n<p class=\"wp-block-paragraph\">2017.- El TPIY condena al exmilitar serbobosnio Ratko Mladic a cadena perpetua como responsable de genocidio y cr\u00edmenes de guerra.<\/p>\n\n\n\n<p class=\"wp-block-paragraph\">2018.- Pedro S\u00e1nchez realiza una visita oficial a Cuba, la primera en 32 a\u00f1os a la isla de un jefe del Ejecutivo de Espa\u00f1a.<\/p>\n\n\n\n<p class=\"wp-block-paragraph\"><strong>Nacimientos<\/strong><\/p>\n\n\n\n<p class=\"wp-block-paragraph\">1869.- Andr\u00e9 Gide, escritor franc\u00e9s. Premio Nobel en 1947.<\/p>\n\n\n\n<p class=\"wp-block-paragraph\">1890.- Charles De Gaulle, militar y estadista franc\u00e9s.<\/p>\n\n\n\n<p class=\"wp-block-paragraph\">1901.- Joaqu\u00edn Rodrigo, compositor espa\u00f1ol.<\/p>\n\n\n\n<p class=\"wp-block-paragraph\">1942.- H\u00e9ctor Antonio Aguilar, H\u00e9ctor del Mar, comentarista deportivo hispano-argentino.<\/p>\n\n\n\n<p class=\"wp-block-paragraph\">1947.- Alfredo Cristiani, expresidente de El Salvador.<\/p>\n\n\n\n<p class=\"wp-block-paragraph\">1958.- Jamie Lee Curtis, actriz estadounidense.<\/p>\n\n\n\n<p class=\"wp-block-paragraph\">1967.- Boris Becker, extenista alem\u00e1n.<\/p>\n\n\n\n<p class=\"wp-block-paragraph\">1984.- Scarlett Johansson, actriz estadounidense.<\/p>\n\n\n\n<p class=\"wp-block-paragraph\">1986.- Oscar Pistorius, atleta sudafricano.<\/p>\n\n\n\n<p class=\"wp-block-paragraph\"><strong>Defunciones<\/strong><\/p>\n\n\n\n<p class=\"wp-block-paragraph\">1908.- Claude Paul Taffanel, m\u00fasico franc\u00e9s.<\/p>\n\n\n\n<p class=\"wp-block-paragraph\">1916.- Jack London, escritor estadounidense.<\/p>\n\n\n\n<p class=\"wp-block-paragraph\">1937.- Philip Laszlo, pintor brit\u00e1nico.<\/p>\n\n\n\n<p class=\"wp-block-paragraph\">1963.- Aldous Huxley, escritor ingl\u00e9s.<\/p>\n\n\n\n<p class=\"wp-block-paragraph\">1980.- Mae West, actriz estadounidense.<\/p>\n\n\n\n<p class=\"wp-block-paragraph\">2007.- Maurice Bejart, core\u00f3grafo franc\u00e9s.<\/p>\n\n\n\n<p class=\"wp-block-paragraph\">2012.- Bryce Courtenay, escritor sudafricano, instalado en Australia.<\/p>\n\n\n\n<p class=\"wp-block-paragraph\">2021.- Noah Gordon, escritor estadounidense.<\/p>\n\n\n\n<p class=\"wp-block-paragraph\">2022.- Pablo Milan\u00e9s, cantautor cubano.<\/p>\n","protected":false},"excerpt":{"rendered":"<p>Un d\u00eda 22 de noviembre como hoy, pero de 1963, hace 60 a\u00f1os, es asesinado a tiros en Dallas el presidente de los Estados Unidos, John F. Kennedy. Otras efem\u00e9rides 1497.- El navegante portugu\u00e9s Vasco da Gama dobla el Cabo de Buena Esperanza (sur de \u00c1frica). 1824.- Guatemala, El Salvador, Honduras, Costa Rica y Nicaragua [&hellip;]<\/p>\n","protected":false},"author":6,"featured_media":47568,"comment_status":"open","ping_status":"open","sticky":false,"template":"","format":"standard","meta":{"_acf_changed":false,"_monsterinsights_skip_tracking":false,"slim_seo":{"title":"Efem\u00e9rides 22 de noviembre - Opini\u00f3n P\u00fablica","description":"Un d\u00eda 22 de noviembre como hoy, pero de 1963, hace 60 a\u00f1os, es asesinado a tiros en Dallas el presidente de los Estados Unidos, John F. Kennedy. Otras efem\u00e9rid"},"footnotes":""},"categories":[27],"tags":[],"class_list":["post-47567","post","type-post","status-publish","format-standard","has-post-thumbnail","hentry","category-un-dia-como-hoy"],"acf":[],"_links":{"self":[{"href":"https:\/\/www.opinionpublica.tv\/portada\/wp-json\/wp\/v2\/posts\/47567","targetHints":{"allow":["GET"]}}],"collection":[{"href":"https:\/\/www.opinionpublica.tv\/portada\/wp-json\/wp\/v2\/posts"}],"about":[{"href":"https:\/\/www.opinionpublica.tv\/portada\/wp-json\/wp\/v2\/types\/post"}],"author":[{"embeddable":true,"href":"https:\/\/www.opinionpublica.tv\/portada\/wp-json\/wp\/v2\/users\/6"}],"replies":[{"embeddable":true,"href":"https:\/\/www.opinionpublica.tv\/portada\/wp-json\/wp\/v2\/comments?post=47567"}],"version-history":[{"count":1,"href":"https:\/\/www.opinionpublica.tv\/portada\/wp-json\/wp\/v2\/posts\/47567\/revisions"}],"predecessor-version":[{"id":47569,"href":"https:\/\/www.opinionpublica.tv\/portada\/wp-json\/wp\/v2\/posts\/47567\/revisions\/47569"}],"wp:featuredmedia":[{"embeddable":true,"href":"https:\/\/www.opinionpublica.tv\/portada\/wp-json\/wp\/v2\/media\/47568"}],"wp:attachment":[{"href":"https:\/\/www.opinionpublica.tv\/portada\/wp-json\/wp\/v2\/media?parent=47567"}],"wp:term":[{"taxonomy":"category","embeddable":true,"href":"https:\/\/www.opinionpublica.tv\/portada\/wp-json\/wp\/v2\/categories?post=47567"},{"taxonomy":"post_tag","embeddable":true,"href":"https:\/\/www.opinionpublica.tv\/portada\/wp-json\/wp\/v2\/tags?post=47567"}],"curies":[{"name":"wp","href":"https:\/\/api.w.org\/{rel}","templated":true}]}}