{"id":47563,"date":"2024-11-21T00:01:00","date_gmt":"2024-11-21T07:01:00","guid":{"rendered":"https:\/\/www.opinionpublica.tv\/portada\/?p=47563"},"modified":"2024-11-20T20:38:47","modified_gmt":"2024-11-21T03:38:47","slug":"efemerides-21-de-noviembre-6","status":"publish","type":"post","link":"https:\/\/www.opinionpublica.tv\/portada\/efemerides-21-de-noviembre-6\/","title":{"rendered":"Efem\u00e9rides 21 de noviembre"},"content":{"rendered":"\n<p><em>Un d\u00eda 21 de noviembre, pero de 1969, es activado el primer enlace de ARPANET, antecesora de la red internet, realizado entre las universidades de California y Stanford, en Estados Unidos.<\/em><\/p>\n\n\n\n<figure class=\"wp-block-image size-full\"><img fetchpriority=\"high\" decoding=\"async\" width=\"800\" height=\"611\" src=\"https:\/\/www.opinionpublica.tv\/portada\/wp-content\/uploads\/2024\/11\/en-1969-es-activado-el-primer-enlace-de-ARPANET.jpg\" alt=\"En 1969 Es Activado El Primer Enlace De Arpanet\" class=\"wp-image-47565\" srcset=\"https:\/\/www.opinionpublica.tv\/portada\/wp-content\/uploads\/2024\/11\/en-1969-es-activado-el-primer-enlace-de-ARPANET.jpg 800w, https:\/\/www.opinionpublica.tv\/portada\/wp-content\/uploads\/2024\/11\/en-1969-es-activado-el-primer-enlace-de-ARPANET-300x229.jpg 300w, https:\/\/www.opinionpublica.tv\/portada\/wp-content\/uploads\/2024\/11\/en-1969-es-activado-el-primer-enlace-de-ARPANET-768x587.jpg 768w\" sizes=\"(max-width: 800px) 100vw, 800px\" \/><\/figure>\n\n\n\n<p><strong>Otras efem\u00e9rides<\/strong><\/p>\n\n\n\n<p>1564.- La flota de Miguel L\u00f3pez de Legazpi zarpa del puerto de Navidad (M\u00e9xico) con rumbo a las islas de Poniente, empresa que culmin\u00f3 con la conquista de Filipinas para la Corona espa\u00f1ola.<\/p>\n\n\n\n<p>1783.- El f\u00edsico y qu\u00edmico Jean-Fran\u00e7ois Pil\u00e2tre de Rozier y Fran\u00e7ois Laurent hacen el primer vuelo en globo aerost\u00e1tico por Par\u00eds.<\/p>\n\n\n\n<p>1831.- Publicado el decreto por el que se funda el Museo Nacional de Historia de M\u00e9xico, donde se concentra todo el material arqueol\u00f3gico, hist\u00f3rico y natural de que se dispone a la fecha.<\/p>\n\n\n\n<p>1877.- Thomas Edison anuncia en Nueva York la creaci\u00f3n del fon\u00f3grafo.<\/p>\n\n\n\n<p>1905.- Albert Einstein publica en la revista Annalen der Physik su art\u00edculo cient\u00edfico \u00abLa inercia de un cuerpo, \u00bfdepende de su contenido energ\u00e9tico?\u00bb, donde revela la relaci\u00f3n entre la energ\u00eda y la masa de un cuerpo.<\/p>\n\n\n\n<p>1916.- Hundimiento del Britannic, buque hermano del Titanic, tras una explosi\u00f3n cuando navegaba por el mar Egeo.<\/p>\n\n\n\n<p>1920.- Tropas brit\u00e1nicas abren fuego en el estadio dublin\u00e9s de Croke Park contra el p\u00fablico y los futbolistas causando 14 muertos en plena guerra de la independencia. Fue conocido como el primer \u00abDomingo Sangriento\u00bb.<\/p>\n\n\n\n<p>1959.- La ONU proh\u00edbe las pruebas nucleares, pese a la oposici\u00f3n francesa.<\/p>\n\n\n\n<p>1962.- China anuncia el alto el fuego y la retirada de sus fuerzas a 20 kil\u00f3metros de la l\u00ednea de control india de 1959.<\/p>\n\n\n\n<p>1964.- Es inaugurado el Puente Verrazano-Narrows, que conecta los distritos Staten Island y Brooklyn, en Nueva York.<\/p>\n\n\n\n<p>1981.- Por razones de salud, el dictador argentino Roberto Viola delega el poder en el ministro del Interior, el general Horacio Tom\u00e1s Liendo.<\/p>\n\n\n\n<p>1990.- Los 34 pa\u00edses europeos que componen la Conferencia sobre Seguridad y Cooperaci\u00f3n en Europa (CSCE), salvo Albania, junto a EE.UU. y Canad\u00e1, suscriben la Carta de Par\u00eds, que pone fin a la guerra fr\u00eda.<\/p>\n\n\n\n<p>1991.- El egipcio Butros Gali es elegido secretario general de la ONU.<\/p>\n\n\n\n<p>1994.- Treinta y nueve aviones de la OTAN bombardean el aeropuerto de Udbina, en la rebelde Krajina serbia (Croacia), en represalia del ataque serbio al enclave musulm\u00e1n bosnio de Bihac.<\/p>\n\n\n\n<p>1995.- Acuerdo de Dayton (EEUU) para los Balcanes: Los presidentes de Serbia, Slobodan Milosevic; Croacia, Franjo Tudjman, y Bosnia, Alia Izetbegovic, firman un \u00abacuerdo marco\u00bb de paz que pone fin a una guerra de cuatro a\u00f1os.<\/p>\n\n\n\n<p>1996.- La Asamblea General de la Organizaci\u00f3n de las Naciones Unidas proclama el 21 de noviembre como el D\u00eda Mundial de la Televisi\u00f3n.<\/p>\n\n\n\n<p>2002.- La OTAN invita a Ruman\u00eda, Bulgaria, Eslovenia, Eslovaquia, Letonia, Estonia y Lituania a ser miembros de esta organizaci\u00f3n, en la mayor ampliaci\u00f3n de la historia de la Alianza Atl\u00e1ntica.<\/p>\n\n\n\n<p>2003.- La ONU deja de gestionar en Irak el programa \u00abPetr\u00f3leo por Alimentos\u00bb, que permiti\u00f3 repartir durante siete a\u00f1os raciones para alimentar a 27 millones de iraqu\u00edes.<\/p>\n\n\n\n<p>2006.- Asesinado en Beirut (L\u00edbano) el ministro de Industria Pierre Gemayel.<\/p>\n\n\n\n<p>2006.- El nadador australiano Ian Thorpe anuncia su retirada definitiva de las competiciones.<\/p>\n\n\n\n<p>2007.- Jacques Chirac es imputado por desv\u00edo de fondos p\u00fablicos en presuntos empleos \u00abde favor\u00bb en la Alcald\u00eda de Par\u00eds cuando era primer edil (1977-95).<\/p>\n\n\n\n<p>2012.- Mario Vargas Llosa recibe en M\u00e9xico el I Premio Carlos Fuentes a la creaci\u00f3n literaria en espa\u00f1ol.<\/p>\n\n\n\n<p>2013.- Rescatadas en una vivienda de Londres tres mujeres que permanecieron esclavizadas 30 a\u00f1os.<\/p>\n\n\n\n<p>2013.- Medio centenar de personas fallecen al derrumbarse un centro comercial en Riga (Letonia).<\/p>\n\n\n\n<p>2014.- La tonadillera espa\u00f1ola Isabel Pantoja, condenada a dos a\u00f1os de prisi\u00f3n por blanqueo de capitales, ingresa en la c\u00e1rcel sevillana de Alcal\u00e1 de Guadaira para cumplir su pena.<\/p>\n\n\n\n<p>2016.- La Cumbre del Foro de Cooperaci\u00f3n Econ\u00f3mica Asia-Pac\u00edfico (APEC) culmina en Lima con la promesa de sus econom\u00edas de convertirse en un muro contra el proteccionismo y avanzar en la creaci\u00f3n de un \u00e1rea de libre comercio.<\/p>\n\n\n\n<p>2017.- Ir\u00e1n da por derrotado al grupo terrorista Estado Isl\u00e1mico en Siria.<\/p>\n\n\n\n<p>2017.- Dimite Robert Mugabe como jefe de Estado de Zimbabue tras 37 a\u00f1os en el poder.<\/p>\n\n\n\n<p>2017.- Tres naves del Imperio romano son descubiertas en la costa de Alejandr\u00eda (Egipto) con diversos artefactos en su interior como monedas, vasijas de cer\u00e1mica y piezas de cristal.<\/p>\n\n\n\n<p>2019.- Estudiantes y trabajadores colombianos toman las calles del pa\u00eds para protestar contra la pol\u00edtica econ\u00f3mica y social del presidente Iv\u00e1n Duque.<\/p>\n\n\n\n<p><strong>Nacimientos<\/strong><\/p>\n\n\n\n<p>1694.- Francois Marie Arouet, Voltaire, fil\u00f3sofo franc\u00e9s.<\/p>\n\n\n\n<p>1898.- Ren\u00e9 Magritte, pintor belga.<\/p>\n\n\n\n<p>1922.- Mar\u00eda Casares, actriz espa\u00f1ola.<\/p>\n\n\n\n<p>1924.- Christopher Tolkien, escritor brit\u00e1nico.<\/p>\n\n\n\n<p>1945.- Goldie Hawn, actriz estadounidense.<\/p>\n\n\n\n<p>1965.- Bj\u00f6rk, cantante, compositora y actriz islandesa.<\/p>\n\n\n\n<p><strong>Defunciones<\/strong><\/p>\n\n\n\n<p>1695.- Henry Purcell, compositor ingl\u00e9s.<\/p>\n\n\n\n<p>1874.- Mariano Fortuny, pintor espa\u00f1ol.<\/p>\n\n\n\n<p>1916.- Francisco Jos\u00e9 I, emperador de Austria-Hungr\u00eda.<\/p>\n\n\n\n<p>1993.- Bill Bixby, actor estadounidense.<\/p>\n\n\n\n<p>1995.- Rafael Farina, cantaor de flamenco.<\/p>\n\n\n\n<p>2001.- Abdul Aziz Shah, rey de Malasia.<\/p>\n\n\n\n<p>2006.- Pierre Gemayel, ministro liban\u00e9s.<\/p>\n\n\n\n<p>2007.- Fernando Fern\u00e1n G\u00f3mez, actor, escritor y cineasta espa\u00f1ol.<\/p>\n\n\n\n<p>2017.- David Cassidy, actor y cantante estadounidense.<\/p>\n\n\n\n<p>2022.- Wilko Johnson, m\u00fasico ingl\u00e9s fundador del grupo de rock brit\u00e1nico Dr. Feelgood.<\/p>\n","protected":false},"excerpt":{"rendered":"<p>Un d\u00eda 21 de noviembre, pero de 1969, es activado el primer enlace de ARPANET, antecesora de la red internet, realizado entre las universidades de California y Stanford, en Estados Unidos. Otras efem\u00e9rides 1564.- La flota de Miguel L\u00f3pez de Legazpi zarpa del puerto de Navidad (M\u00e9xico) con rumbo a las islas de Poniente, empresa [&hellip;]<\/p>\n","protected":false},"author":6,"featured_media":47565,"comment_status":"open","ping_status":"open","sticky":false,"template":"","format":"standard","meta":{"_acf_changed":false,"_monsterinsights_skip_tracking":false,"_monsterinsights_sitenote_active":false,"_monsterinsights_sitenote_note":"","_monsterinsights_sitenote_category":0,"slim_seo":{"title":"Efem\u00e9rides 21 de noviembre - Opini\u00f3n P\u00fablica","description":"Un d\u00eda 21 de noviembre, pero de 1969, es activado el primer enlace de ARPANET, antecesora de la red internet, realizado entre las universidades de California y"},"footnotes":""},"categories":[27],"tags":[],"class_list":["post-47563","post","type-post","status-publish","format-standard","has-post-thumbnail","hentry","category-un-dia-como-hoy"],"acf":[],"_links":{"self":[{"href":"https:\/\/www.opinionpublica.tv\/portada\/wp-json\/wp\/v2\/posts\/47563","targetHints":{"allow":["GET"]}}],"collection":[{"href":"https:\/\/www.opinionpublica.tv\/portada\/wp-json\/wp\/v2\/posts"}],"about":[{"href":"https:\/\/www.opinionpublica.tv\/portada\/wp-json\/wp\/v2\/types\/post"}],"author":[{"embeddable":true,"href":"https:\/\/www.opinionpublica.tv\/portada\/wp-json\/wp\/v2\/users\/6"}],"replies":[{"embeddable":true,"href":"https:\/\/www.opinionpublica.tv\/portada\/wp-json\/wp\/v2\/comments?post=47563"}],"version-history":[{"count":1,"href":"https:\/\/www.opinionpublica.tv\/portada\/wp-json\/wp\/v2\/posts\/47563\/revisions"}],"predecessor-version":[{"id":47566,"href":"https:\/\/www.opinionpublica.tv\/portada\/wp-json\/wp\/v2\/posts\/47563\/revisions\/47566"}],"wp:featuredmedia":[{"embeddable":true,"href":"https:\/\/www.opinionpublica.tv\/portada\/wp-json\/wp\/v2\/media\/47565"}],"wp:attachment":[{"href":"https:\/\/www.opinionpublica.tv\/portada\/wp-json\/wp\/v2\/media?parent=47563"}],"wp:term":[{"taxonomy":"category","embeddable":true,"href":"https:\/\/www.opinionpublica.tv\/portada\/wp-json\/wp\/v2\/categories?post=47563"},{"taxonomy":"post_tag","embeddable":true,"href":"https:\/\/www.opinionpublica.tv\/portada\/wp-json\/wp\/v2\/tags?post=47563"}],"curies":[{"name":"wp","href":"https:\/\/api.w.org\/{rel}","templated":true}]}}