{"id":47533,"date":"2024-11-20T00:01:00","date_gmt":"2024-11-20T07:01:00","guid":{"rendered":"https:\/\/www.opinionpublica.tv\/portada\/?p=47533"},"modified":"2024-11-19T20:29:09","modified_gmt":"2024-11-20T03:29:09","slug":"la-revolufia","status":"publish","type":"post","link":"https:\/\/www.opinionpublica.tv\/portada\/la-revolufia\/","title":{"rendered":"La Revolufia"},"content":{"rendered":"\n<h4 class=\"wp-block-heading\">Ra\u00fal Ruiz<\/h4>\n\n\n\n<p class=\"wp-block-paragraph\">___________________________<\/p>\n\n\n\n<p class=\"wp-block-paragraph\">Al conflicto armado que tuvo lugar en M\u00e9xico entre 1910 y 1920, se le conoce como LA REVOLUCI\u00d3N MEXICANA.<\/p>\n\n\n\n<p class=\"wp-block-paragraph\">Fue un movimiento social y pol\u00edtico que buscaba derrocar al dictador Porfirio D\u00edaz, quien hab\u00eda gobernado el pa\u00eds durante m\u00e1s de 30 a\u00f1os.<\/p>\n\n\n\n<p class=\"wp-block-paragraph\">La revoluci\u00f3n comenz\u00f3 el 20 de noviembre de 1910, cuando Francisco I. Madero, llam\u00f3 a la insurrecci\u00f3n.<\/p>\n\n\n\n<p class=\"wp-block-paragraph\">El conflicto se caracteriz\u00f3 por una serie de levantamientos y batallas entre diferentes facciones revolucionarias, como los zapatistas, villistas y carrancistas, cada uno con sus propias demandas y objetivos.<\/p>\n\n\n\n<p class=\"wp-block-paragraph\">A lo largo de la revoluci\u00f3n, hubo cambios significativos en la estructura pol\u00edtica y social del pa\u00eds, incluyendo la promulgaci\u00f3n de la Constituci\u00f3n de 1917, que estableci\u00f3 derechos laborales y agrarios.<\/p>\n\n\n\n<p class=\"wp-block-paragraph\">La Revoluci\u00f3n Mexicana tuvo un impacto duradero en la historia de M\u00e9xico y es considerada un evento crucial en la formaci\u00f3n de la identidad nacional de nuestro pa\u00eds.<\/p>\n\n\n\n<p class=\"wp-block-paragraph\">Hoy conmemoramos el 114 aniversario.<\/p>\n\n\n\n<p class=\"wp-block-paragraph\">El D\u00eda de la Revoluci\u00f3n Mexicana, celebrado el 20 de noviembre, es una fecha importante en el calendario nacional y se festeja con diversas actividades y eventos en todo el pa\u00eds.<\/p>\n\n\n\n<p class=\"wp-block-paragraph\">Aqu\u00ed algunas de las formas en que los mexicanos conmemoramos esta fecha:<\/p>\n\n\n\n<p class=\"wp-block-paragraph\">1. Desfiles: Se organizan desfiles en muchas ciudades y pueblos de M\u00e9xico. Uno de los m\u00e1s destacados es el desfile en la Ciudad de M\u00e9xico, donde participan estudiantes, militares, y diversas organizaciones. Se exhiben carros aleg\u00f3ricos, bandas de m\u00fasica y representaciones de escenas hist\u00f3ricas de la Revoluci\u00f3n.<\/p>\n\n\n\n<p class=\"wp-block-paragraph\">2. Ceremonias c\u00edvicas: En escuelas y edificios gubernamentales se llevan a cabo ceremonias c\u00edvicas para recordar a los h\u00e9roes de la Revoluci\u00f3n y sus logros.<\/p>\n\n\n\n<p class=\"wp-block-paragraph\">Estas ceremonias suelen incluir discursos y eventos patri\u00f3ticos.<\/p>\n\n\n\n<p class=\"wp-block-paragraph\">3. Actos culturales: En muchas localidades se organizan eventos culturales como obras de teatro, danzas, exposiciones y conciertos que reflejan la historia y los valores de la Revoluci\u00f3n Mexicana.<\/p>\n\n\n\n<p class=\"wp-block-paragraph\">4. Eventos deportivos: En algunas regiones se celebran competencias deportivas, como carreras y maratones, en honor a los revolucionarios y su esp\u00edritu combativo y resiliente.<\/p>\n\n\n\n<p class=\"wp-block-paragraph\">5. Decoraciones y banderas: Las ciudades y los hogares se decoran con los colores de la bandera mexicana para mostrar el orgullo y la conmemoraci\u00f3n de este evento hist\u00f3rico. Los autos que muestran las banderas como signo de orgullo de ser mexicanos.<\/p>\n\n\n\n<p class=\"wp-block-paragraph\">6. D\u00edas de descanso: El d\u00eda de la Revoluci\u00f3n Mexicana es un d\u00eda feriado, por lo que muchas personas aprovechan el d\u00eda libre para pasar tiempo con la familia y disfrutar de actividades recreativas.<\/p>\n\n\n\n<p class=\"wp-block-paragraph\">Por tal motivo, el lunes pasado se consider\u00f3 d\u00eda de asueto.<\/p>\n\n\n\n<p class=\"wp-block-paragraph\">Estas celebraciones ayudan a mantener viva la memoria de la Revoluci\u00f3n Mexicana y a honrar a quienes lucharon por los derechos y la justicia en el pa\u00eds.<\/p>\n\n\n\n<p class=\"wp-block-paragraph\">\u00a1Viva M\u00e9xico, cabrones!<\/p>\n","protected":false},"excerpt":{"rendered":"<p>Ra\u00fal Ruiz ___________________________ Al conflicto armado que tuvo lugar en M\u00e9xico entre 1910 y 1920, se le conoce como LA REVOLUCI\u00d3N MEXICANA. Fue un movimiento social y pol\u00edtico que buscaba derrocar al dictador Porfirio D\u00edaz, quien hab\u00eda gobernado el pa\u00eds durante m\u00e1s de 30 a\u00f1os. La revoluci\u00f3n comenz\u00f3 el 20 de noviembre de 1910, cuando [&hellip;]<\/p>\n","protected":false},"author":6,"featured_media":43347,"comment_status":"open","ping_status":"open","sticky":false,"template":"","format":"standard","meta":{"_acf_changed":false,"_monsterinsights_skip_tracking":false,"slim_seo":{"title":"La Revolufia - Opini\u00f3n P\u00fablica","description":"Ra\u00fal Ruiz ___________________________ Al conflicto armado que tuvo lugar en M\u00e9xico entre 1910 y 1920, se le conoce como LA REVOLUCI\u00d3N MEXICANA. Fue un movimient"},"footnotes":""},"categories":[21],"tags":[593],"class_list":["post-47533","post","type-post","status-publish","format-standard","has-post-thumbnail","hentry","category-cartapacio","tag-cartapacio"],"acf":[],"_links":{"self":[{"href":"https:\/\/www.opinionpublica.tv\/portada\/wp-json\/wp\/v2\/posts\/47533","targetHints":{"allow":["GET"]}}],"collection":[{"href":"https:\/\/www.opinionpublica.tv\/portada\/wp-json\/wp\/v2\/posts"}],"about":[{"href":"https:\/\/www.opinionpublica.tv\/portada\/wp-json\/wp\/v2\/types\/post"}],"author":[{"embeddable":true,"href":"https:\/\/www.opinionpublica.tv\/portada\/wp-json\/wp\/v2\/users\/6"}],"replies":[{"embeddable":true,"href":"https:\/\/www.opinionpublica.tv\/portada\/wp-json\/wp\/v2\/comments?post=47533"}],"version-history":[{"count":3,"href":"https:\/\/www.opinionpublica.tv\/portada\/wp-json\/wp\/v2\/posts\/47533\/revisions"}],"predecessor-version":[{"id":47536,"href":"https:\/\/www.opinionpublica.tv\/portada\/wp-json\/wp\/v2\/posts\/47533\/revisions\/47536"}],"wp:featuredmedia":[{"embeddable":true,"href":"https:\/\/www.opinionpublica.tv\/portada\/wp-json\/wp\/v2\/media\/43347"}],"wp:attachment":[{"href":"https:\/\/www.opinionpublica.tv\/portada\/wp-json\/wp\/v2\/media?parent=47533"}],"wp:term":[{"taxonomy":"category","embeddable":true,"href":"https:\/\/www.opinionpublica.tv\/portada\/wp-json\/wp\/v2\/categories?post=47533"},{"taxonomy":"post_tag","embeddable":true,"href":"https:\/\/www.opinionpublica.tv\/portada\/wp-json\/wp\/v2\/tags?post=47533"}],"curies":[{"name":"wp","href":"https:\/\/api.w.org\/{rel}","templated":true}]}}