{"id":47518,"date":"2024-11-21T00:01:00","date_gmt":"2024-11-21T07:01:00","guid":{"rendered":"https:\/\/www.opinionpublica.tv\/portada\/?p=47518"},"modified":"2024-11-19T19:30:38","modified_gmt":"2024-11-20T02:30:38","slug":"mexico-en-el-g20","status":"publish","type":"post","link":"https:\/\/www.opinionpublica.tv\/portada\/mexico-en-el-g20\/","title":{"rendered":"M\u00e9xico en el G20"},"content":{"rendered":"\n<h4 class=\"wp-block-heading\">Carlos Angulo<\/h4>\n\n\n\n<p>___________________________<\/p>\n\n\n\n<p>Cuando menos Claudia fue a la Cumbre del G20 de R\u00edo de Janeiro. Es un peque\u00f1o avance, ante la ignorancia de estos foros por parte del expresidente L\u00f3pez. Pero veamos si nuestro nuevo gobierno tiene congruencia conforme a lo acordado en la cumbre 2024 del G20, en donde acuden los pa\u00edses con las econom\u00edas m\u00e1s desarrolladas del mundo junto con los pa\u00edses m\u00e1s importantes \u201cen v\u00edas de desarrollo\u201d, como M\u00e9xico (\u00bfCu\u00e1ndo saldremos de dicha calificaci\u00f3n?).<\/p>\n\n\n\n<p>Se expidi\u00f3 la Declaratoria de los L\u00edderes del G20 de la reuni\u00f3n de R\u00edo de Janeiro, de donde destaca que el compromiso de las Metas para el Desarrollo Sustentable para el 2030, de las cuales apenas se lleva un 17%.<\/p>\n\n\n\n<p>M\u00e9xico, con la entrada de morena al poder en 2018, ha hecho todo lo contrario para el cumplimiento de dichas metas, al atacar a todos los inversionistas de energ\u00edas renovables para darle preferencia al carb\u00f3n y al combust\u00f3leo en la generaci\u00f3n de electricidad.<\/p>\n\n\n\n<p>Mientras, nuestra presidente sale con un discurso panfletario lleno de hip\u00e9rboles del gobierno mexicano, diciendo cosas como que: \u201c\u2026 de los pa\u00edses miembros de la Organizaci\u00f3n para la Cooperaci\u00f3n y el Desarrollo Econ\u00f3mico (OCDE), M\u00e9xico es de los menos endeudados, con menor tasa de desempleo y en donde el salario m\u00ednimo aument\u00f3 a m\u00e1s del doble en seis a\u00f1os; se fortalece la educaci\u00f3n y la salud p\u00fablica como derechos y el 80 por ciento de las familias recibe un apoyo de manera directa. Adem\u00e1s de que se registra el r\u00e9cord hist\u00f3rico de inversi\u00f3n extranjera directa y reservas del Banco de M\u00e9xico\u201d.<\/p>\n\n\n\n<p>Su propuesta consisti\u00f3 en dedicar el 1% de los presupuestos de defensa en hacer programas como el llamado \u201cSembrando Vidas\u201d existente en M\u00e9xico, para dedicarlo a la reforestaci\u00f3n del planeta, representando el&nbsp; \u201c\u2026 liberar unos 24 mil millones de d\u00f3lares al a\u00f1o (12 veces lo que ya destina M\u00e9xico) para apoyar a 6 millones de sembradores de \u00e1rboles que reforestar\u00edan 15 millones de hect\u00e1reas, algo as\u00ed como cuatro veces la superficie de Dinamarca, toda la de Guatemala, Belice y el Salvador juntos, o 30% la de Suecia\u201d. (Citas de https:\/\/www.gob.mx\/presidencia\/prensa\/en-g20-presidenta-claudia-sheinbaum-propone-destinar-1-del-gasto-militar-a-programa-de-reforestacion-mas-grande-de-la-historia)<\/p>\n\n\n\n<p>Es realmente vergonzoso pensar que con esta ret\u00f3rica se enga\u00f1a a los pa\u00edses m\u00e1s poderosos del orbe, que bien saben, que, en M\u00e9xico, se ha hecho todo lo posible para la dominaci\u00f3n y nada para el desarrollo. Que se han estado haciendo regresiones a nuestros derechos de tener a un Poder Judicial independiente que se dedique a aplicar e interpretar la ley y a proteger los derechos humanos.<\/p>\n\n\n\n<p>Que aunque s\u00ed es necesario mejorar nuestro sistema de justicia, lo primero que hay que hacer, es dedicar una cantidad superior de recursos a las \u00e1reas que tienen que ver con la impartici\u00f3n de la justicia, como las fiscal\u00edas, y el sistema judicial a nivel federal y local, en lugar de que el gobierno le est\u00e9 haciendo al empresario dilapidando billones de pesos (millones de millones), y regalando dinero sin ton ni son, en lugar de dedicar los fondos del erario a hacer crecer nuestra econom\u00eda, generando bien com\u00fan; es decir, d\u00e1ndonos las condiciones necesarias para nuestro crecimiento individual, como seguridad y justicia, salud y educaci\u00f3n; servicios p\u00fablicos, como infraestructura carretera, puentes, t\u00faneles, puertos y aeropuertos, que permitan la eficiente distribuci\u00f3n de mercanc\u00edas. En fin, es bueno que a lo menos ya acudamos como M\u00e9xico a los foros internacionales que antes ignor\u00e1bamos, pero debemos de tomar en cuenta, que en esos niveles no podemos darles a los l\u00edderes mundiales \u201catole con el dedo\u201d y tratar de enga\u00f1arlos con ret\u00f3ricas trilladas que nada m\u00e1s se tragan los ignorantes.<\/p>\n","protected":false},"excerpt":{"rendered":"<p>Carlos Angulo ___________________________ Cuando menos Claudia fue a la Cumbre del G20 de R\u00edo de Janeiro. Es un peque\u00f1o avance, ante la ignorancia de estos foros por parte del expresidente L\u00f3pez. Pero veamos si nuestro nuevo gobierno tiene congruencia conforme a lo acordado en la cumbre 2024 del G20, en donde acuden los pa\u00edses con [&hellip;]<\/p>\n","protected":false},"author":6,"featured_media":45394,"comment_status":"open","ping_status":"open","sticky":false,"template":"","format":"standard","meta":{"_acf_changed":false,"_monsterinsights_skip_tracking":false,"_monsterinsights_sitenote_active":false,"_monsterinsights_sitenote_note":"","_monsterinsights_sitenote_category":0,"slim_seo":{"title":"M\u00e9xico en el G20 - Opini\u00f3n P\u00fablica","description":"Carlos Angulo ___________________________ Cuando menos Claudia fue a la Cumbre del G20 de R\u00edo de Janeiro. Es un peque\u00f1o avance, ante la ignorancia de estos foro"},"footnotes":""},"categories":[17],"tags":[],"class_list":["post-47518","post","type-post","status-publish","format-standard","has-post-thumbnail","hentry","category-ultima-instancia"],"acf":[],"_links":{"self":[{"href":"https:\/\/www.opinionpublica.tv\/portada\/wp-json\/wp\/v2\/posts\/47518","targetHints":{"allow":["GET"]}}],"collection":[{"href":"https:\/\/www.opinionpublica.tv\/portada\/wp-json\/wp\/v2\/posts"}],"about":[{"href":"https:\/\/www.opinionpublica.tv\/portada\/wp-json\/wp\/v2\/types\/post"}],"author":[{"embeddable":true,"href":"https:\/\/www.opinionpublica.tv\/portada\/wp-json\/wp\/v2\/users\/6"}],"replies":[{"embeddable":true,"href":"https:\/\/www.opinionpublica.tv\/portada\/wp-json\/wp\/v2\/comments?post=47518"}],"version-history":[{"count":2,"href":"https:\/\/www.opinionpublica.tv\/portada\/wp-json\/wp\/v2\/posts\/47518\/revisions"}],"predecessor-version":[{"id":47520,"href":"https:\/\/www.opinionpublica.tv\/portada\/wp-json\/wp\/v2\/posts\/47518\/revisions\/47520"}],"wp:featuredmedia":[{"embeddable":true,"href":"https:\/\/www.opinionpublica.tv\/portada\/wp-json\/wp\/v2\/media\/45394"}],"wp:attachment":[{"href":"https:\/\/www.opinionpublica.tv\/portada\/wp-json\/wp\/v2\/media?parent=47518"}],"wp:term":[{"taxonomy":"category","embeddable":true,"href":"https:\/\/www.opinionpublica.tv\/portada\/wp-json\/wp\/v2\/categories?post=47518"},{"taxonomy":"post_tag","embeddable":true,"href":"https:\/\/www.opinionpublica.tv\/portada\/wp-json\/wp\/v2\/tags?post=47518"}],"curies":[{"name":"wp","href":"https:\/\/api.w.org\/{rel}","templated":true}]}}