{"id":47514,"date":"2024-11-20T00:01:00","date_gmt":"2024-11-20T07:01:00","guid":{"rendered":"https:\/\/www.opinionpublica.tv\/portada\/?p=47514"},"modified":"2024-11-19T19:28:25","modified_gmt":"2024-11-20T02:28:25","slug":"invita-direccion-de-educacion-a-la-comunidad-juarense-a-recorrer-el-biblioavion","status":"publish","type":"post","link":"https:\/\/www.opinionpublica.tv\/portada\/invita-direccion-de-educacion-a-la-comunidad-juarense-a-recorrer-el-biblioavion\/","title":{"rendered":"Invita Direcci\u00f3n de Educaci\u00f3n a la comunidad juarense a recorrer el Biblioavi\u00f3n"},"content":{"rendered":"\n<figure class=\"wp-block-image size-large\"><img fetchpriority=\"high\" decoding=\"async\" width=\"1024\" height=\"768\" src=\"https:\/\/www.opinionpublica.tv\/portada\/wp-content\/uploads\/2024\/11\/Invita-Direccion-de-Educacion-a-la-comunidad-juarense-a-recorrer-el-Biblioavion-1024x768.jpeg\" alt=\"Invita Direccio\u0301n De Educacio\u0301n A La Comunidad Juarense A Recorrer El Biblioavio\u0301n\" class=\"wp-image-47516\" srcset=\"https:\/\/www.opinionpublica.tv\/portada\/wp-content\/uploads\/2024\/11\/Invita-Direccion-de-Educacion-a-la-comunidad-juarense-a-recorrer-el-Biblioavion-1024x768.jpeg 1024w, https:\/\/www.opinionpublica.tv\/portada\/wp-content\/uploads\/2024\/11\/Invita-Direccion-de-Educacion-a-la-comunidad-juarense-a-recorrer-el-Biblioavion-300x225.jpeg 300w, https:\/\/www.opinionpublica.tv\/portada\/wp-content\/uploads\/2024\/11\/Invita-Direccion-de-Educacion-a-la-comunidad-juarense-a-recorrer-el-Biblioavion-768x576.jpeg 768w, https:\/\/www.opinionpublica.tv\/portada\/wp-content\/uploads\/2024\/11\/Invita-Direccion-de-Educacion-a-la-comunidad-juarense-a-recorrer-el-Biblioavion-1536x1152.jpeg 1536w, https:\/\/www.opinionpublica.tv\/portada\/wp-content\/uploads\/2024\/11\/Invita-Direccion-de-Educacion-a-la-comunidad-juarense-a-recorrer-el-Biblioavion.jpeg 1600w\" sizes=\"(max-width: 1024px) 100vw, 1024px\" \/><\/figure>\n\n\n\n<p class=\"wp-block-paragraph\"><em>Ciudad Ju\u00e1rez, Chih<\/em>.- La Direcci\u00f3n de Educaci\u00f3n Municipal invita a la poblaci\u00f3n en general a visitar el Biblioavi\u00f3n que se ubica sobre la avenida Heroico Colegio Militar y calle Moctezuma.<\/p>\n\n\n\n<p class=\"wp-block-paragraph\">Guillermo Enrique Alv\u00eddrez Olivas, titular de la dependencia, indic\u00f3 que el horario de atenci\u00f3n es de lunes a domingo a fin de que puedan acudir tanto grupos escolares como familias en general.<\/p>\n\n\n\n<p class=\"wp-block-paragraph\">Se\u00f1al\u00f3 que los directivos que deseen acudir con sus estudiantes pueden agendar una visita guiada llamando al n\u00famero 656 737 0600.<\/p>\n\n\n\n<p class=\"wp-block-paragraph\">Explic\u00f3 que los horarios de atenci\u00f3n son de lunes a viernes de 8:00 a 15:00 horas y s\u00e1bados y domingos de 8:00 a 18:00 horas.<\/p>\n\n\n\n<p class=\"wp-block-paragraph\">Los asistentes tienen la oportunidad de interactuar de manera virtual a trav\u00e9s de los diferentes dispositivos con los que cuenta el Biblioavi\u00f3n.<\/p>\n\n\n\n<p class=\"wp-block-paragraph\">Se dispone de libros digitales y videos de aviaci\u00f3n donde los visitantes pueden aprender diferentes temas.<\/p>\n","protected":false},"excerpt":{"rendered":"<p>Ciudad Ju\u00e1rez, Chih.- La Direcci\u00f3n de Educaci\u00f3n Municipal invita a la poblaci\u00f3n en general a visitar el Biblioavi\u00f3n que se ubica sobre la avenida Heroico Colegio Militar y calle Moctezuma. Guillermo Enrique Alv\u00eddrez Olivas, titular de la dependencia, indic\u00f3 que el horario de atenci\u00f3n es de lunes a domingo a fin de que puedan acudir [&hellip;]<\/p>\n","protected":false},"author":6,"featured_media":47516,"comment_status":"open","ping_status":"open","sticky":false,"template":"","format":"standard","meta":{"_acf_changed":false,"_monsterinsights_skip_tracking":false,"slim_seo":{"title":"Invita Direcci\u00f3n de Educaci\u00f3n a la comunidad juarense a recorrer el Biblioavi\u00f3n - Opini\u00f3n P\u00fablica","description":"Ciudad Ju\u00e1rez, Chih .- La Direcci\u00f3n de Educaci\u00f3n Municipal invita a la poblaci\u00f3n en general a visitar el Biblioavi\u00f3n que se ubica sobre la avenida Heroico Coleg"},"footnotes":""},"categories":[41],"tags":[],"class_list":["post-47514","post","type-post","status-publish","format-standard","has-post-thumbnail","hentry","category-juarez"],"acf":[],"_links":{"self":[{"href":"https:\/\/www.opinionpublica.tv\/portada\/wp-json\/wp\/v2\/posts\/47514","targetHints":{"allow":["GET"]}}],"collection":[{"href":"https:\/\/www.opinionpublica.tv\/portada\/wp-json\/wp\/v2\/posts"}],"about":[{"href":"https:\/\/www.opinionpublica.tv\/portada\/wp-json\/wp\/v2\/types\/post"}],"author":[{"embeddable":true,"href":"https:\/\/www.opinionpublica.tv\/portada\/wp-json\/wp\/v2\/users\/6"}],"replies":[{"embeddable":true,"href":"https:\/\/www.opinionpublica.tv\/portada\/wp-json\/wp\/v2\/comments?post=47514"}],"version-history":[{"count":2,"href":"https:\/\/www.opinionpublica.tv\/portada\/wp-json\/wp\/v2\/posts\/47514\/revisions"}],"predecessor-version":[{"id":47517,"href":"https:\/\/www.opinionpublica.tv\/portada\/wp-json\/wp\/v2\/posts\/47514\/revisions\/47517"}],"wp:featuredmedia":[{"embeddable":true,"href":"https:\/\/www.opinionpublica.tv\/portada\/wp-json\/wp\/v2\/media\/47516"}],"wp:attachment":[{"href":"https:\/\/www.opinionpublica.tv\/portada\/wp-json\/wp\/v2\/media?parent=47514"}],"wp:term":[{"taxonomy":"category","embeddable":true,"href":"https:\/\/www.opinionpublica.tv\/portada\/wp-json\/wp\/v2\/categories?post=47514"},{"taxonomy":"post_tag","embeddable":true,"href":"https:\/\/www.opinionpublica.tv\/portada\/wp-json\/wp\/v2\/tags?post=47514"}],"curies":[{"name":"wp","href":"https:\/\/api.w.org\/{rel}","templated":true}]}}