{"id":47452,"date":"2024-11-19T00:01:00","date_gmt":"2024-11-19T07:01:00","guid":{"rendered":"https:\/\/www.opinionpublica.tv\/portada\/?p=47452"},"modified":"2024-11-18T20:49:54","modified_gmt":"2024-11-19T03:49:54","slug":"plantean-otorgar-86-mas-de-presupuesto-a-200-universidades-del-bienestar","status":"publish","type":"post","link":"https:\/\/www.opinionpublica.tv\/portada\/plantean-otorgar-86-mas-de-presupuesto-a-200-universidades-del-bienestar\/","title":{"rendered":"Plantean otorgar 86% m\u00e1s de presupuesto para las 200 Universidades del Bienestar"},"content":{"rendered":"\n<figure class=\"wp-block-image size-large\"><img fetchpriority=\"high\" decoding=\"async\" width=\"1024\" height=\"680\" src=\"https:\/\/www.opinionpublica.tv\/portada\/wp-content\/uploads\/2024\/11\/Plantean-otorgar-86-mas-de-presupuesto-para-las-200-Universidades-del-Bienestar-1024x680.png\" alt=\"Plantean Otorgar 86% Ma\u0301s De Presupuesto Para Las 200 Universidades Del Bienestar\" class=\"wp-image-47457\" srcset=\"https:\/\/www.opinionpublica.tv\/portada\/wp-content\/uploads\/2024\/11\/Plantean-otorgar-86-mas-de-presupuesto-para-las-200-Universidades-del-Bienestar-1024x680.png 1024w, https:\/\/www.opinionpublica.tv\/portada\/wp-content\/uploads\/2024\/11\/Plantean-otorgar-86-mas-de-presupuesto-para-las-200-Universidades-del-Bienestar-300x199.png 300w, https:\/\/www.opinionpublica.tv\/portada\/wp-content\/uploads\/2024\/11\/Plantean-otorgar-86-mas-de-presupuesto-para-las-200-Universidades-del-Bienestar-768x510.png 768w, https:\/\/www.opinionpublica.tv\/portada\/wp-content\/uploads\/2024\/11\/Plantean-otorgar-86-mas-de-presupuesto-para-las-200-Universidades-del-Bienestar-1536x1020.png 1536w, https:\/\/www.opinionpublica.tv\/portada\/wp-content\/uploads\/2024\/11\/Plantean-otorgar-86-mas-de-presupuesto-para-las-200-Universidades-del-Bienestar.png 1596w\" sizes=\"(max-width: 1024px) 100vw, 1024px\" \/><\/figure>\n\n\n\n<p class=\"wp-block-paragraph\">El gasto programable del proyecto de Presupuesto de Egresos de la Federaci\u00f3n 2025 asciende a 6.5 billones de pesos, de los cuales casi 70 por ciento corresponde a desarrollo social, es decir, a protecci\u00f3n social, vivienda y servicios a la comunidad, educaci\u00f3n y salud.<\/p>\n\n\n\n<p class=\"wp-block-paragraph\">No obstante, de los 16 programas sociales prioritarios del actual gobierno, s\u00f3lo dos tienen aumento en su partida para el pr\u00f3ximo a\u00f1o: el de la Beca Universal de Educaci\u00f3n B\u00e1sica Rita Cetina, con un crecimiento de 51.6 por ciento, y de 85.9 por ciento para las 200 Universidades para el Bienestar Benito Ju\u00e1rez, con 85.9. El resto registran decrementos que van de 0.3 a 15.4.<\/p>\n\n\n\n<p class=\"wp-block-paragraph\">El m\u00e1s castigado es el de la Escuela es Nuestra, con una baja de 4 mil 564.1 millones de pesos, lo que significa 15.4 por ciento. De esta manera, se contempla que tendr\u00e1 25 mil millones en 2025, contra 29 mil 45 que tuvo este a\u00f1o.<\/p>\n\n\n\n<p class=\"wp-block-paragraph\">An\u00e1lisis del Centro de Estudios de las Finanzas P\u00fablicas Ifigenia Mart\u00ednez de la C\u00e1mara de Diputados y de la propia bancada de Morena se\u00f1alan que el presupuesto estimado en 2025 para programas sociales prioritarios aument\u00f3 4.5 por ciento respecto al presente a\u00f1o, al pasar de 769 mil 382 millones a 803 mil 705.2. Entre ellos se encuentran tres de reciente creaci\u00f3n: la pensi\u00f3n para las mujeres de 60 a 64 a\u00f1os, que tendr\u00e1 15 mil millones de pesos; la Beca Universal Rita Cetina Guti\u00e9rrez de Educaci\u00f3n B\u00e1sica, con 78 mil 840.7 millones, y el de la Salud Casa por Casa, 2 mil millones.<\/p>\n\n\n\n<p class=\"wp-block-paragraph\">Con el primero se tiene previsto otorgar un apoyo econ\u00f3mico de 3 mil pesos bimestrales, y se iniciar\u00e1 con las de 63 y 64 a\u00f1os, para luego ampliarlo a otros grupos de edad, mientras en los municipios con mayor\u00eda ind\u00edgena o afromexicana se abarcar\u00e1 a todas las de 60 a 64 desde el principio.<\/p>\n\n\n\n<p class=\"wp-block-paragraph\">Con la beca de educaci\u00f3n b\u00e1sica se otorgar\u00e1 apoyo econ\u00f3mico a estudiantes de prescolar, primaria y secundaria en escuelas p\u00fablicas para facilitar la conclusi\u00f3n de sus estudios, y el plan de Salud Casa por Casa busca mejorar la calidad de vida de adultos mayores y personas con discapacidad mediante visitas domiciliarias de enfermer\u00eda a partir de febrero de 2025.<\/p>\n\n\n\n<p class=\"wp-block-paragraph\">Por lo que hace a los programas que tendr\u00e1n decremento presupuestal en 2025, se menciona que la Beca Universal para el Bienestar Benito Ju\u00e1rez de Educaci\u00f3n Media Superior tendr\u00e1 una reducci\u00f3n de 0.3 por ciento; el de fertilizantes, 4 por ciento; J\u00f3venes Construyendo el Futuro, 4.1, y J\u00f3venes Escribiendo el Futuro, 0.3.<\/p>\n\n\n\n<p class=\"wp-block-paragraph\">La Pensi\u00f3n para el Bienestar de las Personas Adultas Mayores y la de Personas con Discapacidad registran una disminuci\u00f3n de 0.3 por ciento cada una.<\/p>\n\n\n\n<p class=\"wp-block-paragraph\">El programa de Precios de Garant\u00eda a Productos Alimentarios B\u00e1sicos tiene reducci\u00f3n de 4.3 por ciento en su presupuesto, mientras el de Producci\u00f3n para el Bienestar, 3.8.<\/p>\n\n\n\n<p class=\"wp-block-paragraph\">El apoyo para hijos de madres trabajadoras tambi\u00e9n presenta un decremento presupuestal de 0.4 por ciento; Sembrando Vida, 3.7, y Fomento a la Agricultura, Ganader\u00eda, Pesca y Acuicultura, 13.3.<\/p>\n\n\n\n<p class=\"wp-block-paragraph\">Cabe destacar que del gasto programable previsto para 2025, 69.7 por ciento, equivalente a 4.5 billones de pesos, se destina al desarrollo social; 7.4 por ciento (481 mil 190 millones), a actividades del gobierno, y 22.9 (1.4 billones), a desarrollo econ\u00f3mico. (La Jornada)<\/p>\n","protected":false},"excerpt":{"rendered":"<p>El gasto programable del proyecto de Presupuesto de Egresos de la Federaci\u00f3n 2025 asciende a 6.5 billones de pesos, de los cuales casi 70 por ciento corresponde a desarrollo social, es decir, a protecci\u00f3n social, vivienda y servicios a la comunidad, educaci\u00f3n y salud. No obstante, de los 16 programas sociales prioritarios del actual gobierno, [&hellip;]<\/p>\n","protected":false},"author":6,"featured_media":47457,"comment_status":"open","ping_status":"open","sticky":false,"template":"","format":"standard","meta":{"_acf_changed":false,"_monsterinsights_skip_tracking":false,"slim_seo":{"title":"Plantean otorgar 86% m\u00e1s de presupuesto para las 200 Universidades del Bienestar - Opini\u00f3n P\u00fablica","description":"El gasto programable del proyecto de Presupuesto de Egresos de la Federaci\u00f3n 2025 asciende a 6.5 billones de pesos, de los cuales casi 70 por ciento corresponde"},"footnotes":""},"categories":[4],"tags":[],"class_list":["post-47452","post","type-post","status-publish","format-standard","has-post-thumbnail","hentry","category-pulsopolitico"],"acf":[],"_links":{"self":[{"href":"https:\/\/www.opinionpublica.tv\/portada\/wp-json\/wp\/v2\/posts\/47452","targetHints":{"allow":["GET"]}}],"collection":[{"href":"https:\/\/www.opinionpublica.tv\/portada\/wp-json\/wp\/v2\/posts"}],"about":[{"href":"https:\/\/www.opinionpublica.tv\/portada\/wp-json\/wp\/v2\/types\/post"}],"author":[{"embeddable":true,"href":"https:\/\/www.opinionpublica.tv\/portada\/wp-json\/wp\/v2\/users\/6"}],"replies":[{"embeddable":true,"href":"https:\/\/www.opinionpublica.tv\/portada\/wp-json\/wp\/v2\/comments?post=47452"}],"version-history":[{"count":3,"href":"https:\/\/www.opinionpublica.tv\/portada\/wp-json\/wp\/v2\/posts\/47452\/revisions"}],"predecessor-version":[{"id":47458,"href":"https:\/\/www.opinionpublica.tv\/portada\/wp-json\/wp\/v2\/posts\/47452\/revisions\/47458"}],"wp:featuredmedia":[{"embeddable":true,"href":"https:\/\/www.opinionpublica.tv\/portada\/wp-json\/wp\/v2\/media\/47457"}],"wp:attachment":[{"href":"https:\/\/www.opinionpublica.tv\/portada\/wp-json\/wp\/v2\/media?parent=47452"}],"wp:term":[{"taxonomy":"category","embeddable":true,"href":"https:\/\/www.opinionpublica.tv\/portada\/wp-json\/wp\/v2\/categories?post=47452"},{"taxonomy":"post_tag","embeddable":true,"href":"https:\/\/www.opinionpublica.tv\/portada\/wp-json\/wp\/v2\/tags?post=47452"}],"curies":[{"name":"wp","href":"https:\/\/api.w.org\/{rel}","templated":true}]}}