{"id":47435,"date":"2024-11-19T00:01:00","date_gmt":"2024-11-19T07:01:00","guid":{"rendered":"https:\/\/www.opinionpublica.tv\/portada\/?p=47435"},"modified":"2024-11-19T13:16:37","modified_gmt":"2024-11-19T20:16:37","slug":"la-guerra-de-espectaculares","status":"publish","type":"post","link":"https:\/\/www.opinionpublica.tv\/portada\/la-guerra-de-espectaculares\/","title":{"rendered":"La guerra de espectaculares"},"content":{"rendered":"\n<h4 class=\"wp-block-heading\">Eduardo Borunda<\/h4>\n\n\n\n<p class=\"wp-block-paragraph\">___________________________<\/p>\n\n\n\n<p class=\"wp-block-paragraph\">La guerra de las carteleras en el estado de Chihuahua es emblem\u00e1tica, se juega la carrera por la gubernatura y los principales actores saben que el que no se mueve va a quedarse fuera de la boleta electoral en el 2027. Al menos eso lo saben Jes\u00fas Valenciano Garc\u00eda, alcalde Delicias; Marco Bonilla, alcalde de Chihuahua; y Cruz P\u00e9rez Cu\u00e9llar, alcalde de Ciudad Ju\u00e1rez.<\/p>\n\n\n\n<p class=\"wp-block-paragraph\">En un inesperado cambio de juego pol\u00edtico, los pesos y contrapesos en los partidos pol\u00edticos han empezado a mover las piezas del escenario que se torna altamente competitivo en los dos bastiones m\u00e1s importantes del territorio estatal o seg\u00fan se aguante, en el regionalismo que han marcado la historia entre Ju\u00e1rez y Chihuahua capital.<\/p>\n\n\n\n<p class=\"wp-block-paragraph\">La aparici\u00f3n hace meses, casi despu\u00e9s de las elecciones del pasado 4 de junio de este 2024 en Ciudad Ju\u00e1rez de un par de espectaculares que promueven directa o indirectamente al alcalde del municipio de Delicias, Jes\u00fas Valenciano Garc\u00eda nos hizo pensar a muchos, que los tiempos de destapes estaban prematuros. Sin embargo, la raz\u00f3n no estuvo de nuestro lado, pues ya se libra una campa\u00f1a de posicionamientos muy fuertes al interior de los partidos pol\u00edticos.<\/p>\n\n\n\n<p class=\"wp-block-paragraph\">El alcalde Cruz P\u00e9rez Cu\u00e9llar regres\u00f3 la cortes\u00eda, bueno, creemos que as\u00ed es, pues aparecieron diversas carteleras en Chihuahua capital, una de ellas en las inmediaciones de la del aeropuerto, as\u00ed como en otros puntos estrat\u00e9gicos. No se promueve directamente una campa\u00f1a de elecci\u00f3n popular, sino una revista, que hace menci\u00f3n que hay una entrevista al alcalde y promociona su contenido.<\/p>\n\n\n\n<p class=\"wp-block-paragraph\">La hip\u00f3tesis de que \u201cel que se mueve no sale en la foto\u201d parece desvanecerse, pues claro, a medida que circulan en las redes sociales mensajes pagados desde la cartera de los propios aspirantes a una candidatura. El alcalde Bonilla, no se hizo esperar y de inmediato mand\u00f3 poner sus propios espectaculares de una revista, no muy llamativa, por cierto, en los cruceros de la carretera panamericana.<\/p>\n\n\n\n<p class=\"wp-block-paragraph\">En esta din\u00e1mica de la guerra, como la que libr\u00f3 Coca Cola y Pepsi Cola en las d\u00e9cadas anteriores, hoy se perfilan dos candidatos: Cruz P\u00e9rez Cu\u00e9llar en Ciudad Ju\u00e1rez y Marco Bonilla en Chihuahua capital. El siguiente episodio ser\u00e1 seguido por las repercusiones que puede tomar de un lado y del otro el sistema pol\u00edtico mexicano que no deja de sorprendernos.<\/p>\n\n\n\n<p class=\"wp-block-paragraph\">No son todos, tambi\u00e9n es clara la intenci\u00f3n de otros actores pol\u00edticos que son precavidos en esta guerra de carteleras, prefieren subir sus videos, como los es Andrea Ch\u00e1vez Trevi\u00f1o, Juan Carlos Loera de la Rosa e incluso la propia secretaria de Bienestar Federal, Ariadna Montiel Reyes. La arena pol\u00edtica parece estar muy alejada de la campi\u00f1a del desierto de Chihuahua, pero est\u00e1 m\u00e1s cerca de lo que vemos por arribita. Si bien sabemos que a\u00fan faltan un par de a\u00f1os para saber qui\u00e9nes estar\u00e1n en la boleta de la elecci\u00f3n de gobernador, tambi\u00e9n sabemos que las preferencias de los abanderados se van a definir en la Ciudad de M\u00e9xico y no en las calles de nuestros municipios. Por lo pronto a picar piedra, hacer la talacha y dejar que sus cartas de presentaci\u00f3n los lleven a latir el coraz\u00f3n de los que aspiran y suspiran para que la revoluci\u00f3n les haga justicia.<\/p>\n","protected":false},"excerpt":{"rendered":"<p>Eduardo Borunda ___________________________ La guerra de las carteleras en el estado de Chihuahua es emblem\u00e1tica, se juega la carrera por la gubernatura y los principales actores saben que el que no se mueve va a quedarse fuera de la boleta electoral en el 2027. Al menos eso lo saben Jes\u00fas Valenciano Garc\u00eda, alcalde Delicias; Marco [&hellip;]<\/p>\n","protected":false},"author":6,"featured_media":44484,"comment_status":"open","ping_status":"open","sticky":false,"template":"","format":"standard","meta":{"_acf_changed":false,"_monsterinsights_skip_tracking":false,"slim_seo":{"title":"La guerra de espectaculares - Opini\u00f3n P\u00fablica","description":"Eduardo Borunda ___________________________ La guerra de las carteleras en el estado de Chihuahua es emblem\u00e1tica, se juega la carrera por la gubernatura y los p"},"footnotes":""},"categories":[31],"tags":[],"class_list":["post-47435","post","type-post","status-publish","format-standard","has-post-thumbnail","hentry","category-galimatias"],"acf":[],"_links":{"self":[{"href":"https:\/\/www.opinionpublica.tv\/portada\/wp-json\/wp\/v2\/posts\/47435","targetHints":{"allow":["GET"]}}],"collection":[{"href":"https:\/\/www.opinionpublica.tv\/portada\/wp-json\/wp\/v2\/posts"}],"about":[{"href":"https:\/\/www.opinionpublica.tv\/portada\/wp-json\/wp\/v2\/types\/post"}],"author":[{"embeddable":true,"href":"https:\/\/www.opinionpublica.tv\/portada\/wp-json\/wp\/v2\/users\/6"}],"replies":[{"embeddable":true,"href":"https:\/\/www.opinionpublica.tv\/portada\/wp-json\/wp\/v2\/comments?post=47435"}],"version-history":[{"count":2,"href":"https:\/\/www.opinionpublica.tv\/portada\/wp-json\/wp\/v2\/posts\/47435\/revisions"}],"predecessor-version":[{"id":47437,"href":"https:\/\/www.opinionpublica.tv\/portada\/wp-json\/wp\/v2\/posts\/47435\/revisions\/47437"}],"wp:featuredmedia":[{"embeddable":true,"href":"https:\/\/www.opinionpublica.tv\/portada\/wp-json\/wp\/v2\/media\/44484"}],"wp:attachment":[{"href":"https:\/\/www.opinionpublica.tv\/portada\/wp-json\/wp\/v2\/media?parent=47435"}],"wp:term":[{"taxonomy":"category","embeddable":true,"href":"https:\/\/www.opinionpublica.tv\/portada\/wp-json\/wp\/v2\/categories?post=47435"},{"taxonomy":"post_tag","embeddable":true,"href":"https:\/\/www.opinionpublica.tv\/portada\/wp-json\/wp\/v2\/tags?post=47435"}],"curies":[{"name":"wp","href":"https:\/\/api.w.org\/{rel}","templated":true}]}}