{"id":47416,"date":"2024-11-19T00:01:00","date_gmt":"2024-11-19T07:01:00","guid":{"rendered":"https:\/\/www.opinionpublica.tv\/portada\/?p=47416"},"modified":"2024-11-19T13:19:41","modified_gmt":"2024-11-19T20:19:41","slug":"efemerides-19-de-noviembre-7","status":"publish","type":"post","link":"https:\/\/www.opinionpublica.tv\/portada\/efemerides-19-de-noviembre-7\/","title":{"rendered":"Efem\u00e9rides 19 de noviembre"},"content":{"rendered":"\n<p class=\"wp-block-paragraph\"><em>Un d\u00eda 19 de noviembre como hoy, pero de 1969, el futbolista brasile\u00f1o \u2018Pel\u00e9\u2019 marca su gol n\u00famero mil en un partido contra el Vasco da Gama en el estadio Maracan\u00e1 de R\u00edo de Janeiro.<\/em><\/p>\n\n\n\n<figure class=\"wp-block-image size-large\"><img fetchpriority=\"high\" decoding=\"async\" width=\"1024\" height=\"576\" src=\"https:\/\/www.opinionpublica.tv\/portada\/wp-content\/uploads\/2024\/11\/pele-1024x576.jpg\" alt=\"Xr:d:dafwjoso6ys:2,j:1117634101,t:22122914\" class=\"wp-image-47490\" srcset=\"https:\/\/www.opinionpublica.tv\/portada\/wp-content\/uploads\/2024\/11\/pele-1024x576.jpg 1024w, https:\/\/www.opinionpublica.tv\/portada\/wp-content\/uploads\/2024\/11\/pele-300x169.jpg 300w, https:\/\/www.opinionpublica.tv\/portada\/wp-content\/uploads\/2024\/11\/pele-768x432.jpg 768w, https:\/\/www.opinionpublica.tv\/portada\/wp-content\/uploads\/2024\/11\/pele-1536x864.jpg 1536w, https:\/\/www.opinionpublica.tv\/portada\/wp-content\/uploads\/2024\/11\/pele.jpg 1920w\" sizes=\"(max-width: 1024px) 100vw, 1024px\" \/><figcaption class=\"wp-element-caption\">xr:d:DAFWJoSo6ys:2,j:1117634101,t:22122914<\/figcaption><\/figure>\n\n\n\n<p class=\"wp-block-paragraph\"><strong>Otras efem\u00e9rides<\/strong><\/p>\n\n\n\n<p class=\"wp-block-paragraph\">1493.- Crist\u00f3bal Col\u00f3n desembarca en la isla de Borinquen, a la que llam\u00f3 San Juan Bautista, actual San Juan de Puerto Rico.<\/p>\n\n\n\n<p class=\"wp-block-paragraph\">1819.- El Museo del Prado de Madrid abre sus puertas por primera vez con solo 311 obras expuestas.<\/p>\n\n\n\n<p class=\"wp-block-paragraph\">1850.- Inauguraci\u00f3n del Teatro Real, en Madrid.<\/p>\n\n\n\n<p class=\"wp-block-paragraph\">1859.- Comienza la guerra de \u00c1frica entre tropas espa\u00f1olas y marroqu\u00edes.<\/p>\n\n\n\n<p class=\"wp-block-paragraph\">1875.- El general Mart\u00ednez Campos somete los \u00faltimos focos de resistencia carlista en Catalu\u00f1a.<\/p>\n\n\n\n<p class=\"wp-block-paragraph\">1931.- Adolf Windaus, investigador de Gottingen (Alemania), hace p\u00fablico que ha sido posible la fabricaci\u00f3n, mediante radiaciones, de la vitamina D1 en forma de cristales puros.<\/p>\n\n\n\n<p class=\"wp-block-paragraph\">1933.- Espa\u00f1a celebra elecciones generales, las primeras en su historia de sufragio universal.<\/p>\n\n\n\n<p class=\"wp-block-paragraph\">1975.- Se estrena en EE.UU. &#8216;Alguien vol\u00f3 sobre el nido del cuco&#8217;, pel\u00edcula dirigida por Milo\u0161 Forman.<\/p>\n\n\n\n<p class=\"wp-block-paragraph\">1977.- Hist\u00f3rico viaje del presidente de Egipto, Anwar el Sadat, a Israel, que deriv\u00f3 en el establecimiento de relaciones diplom\u00e1ticas entre los dos pa\u00edses.<\/p>\n\n\n\n<p class=\"wp-block-paragraph\">1984.- Varias explosiones de gas licuado de petr\u00f3leo en las instalaciones de la empresa de Petr\u00f3leo Mexicano (Pemex) en la ciudad de M\u00e9xico causan m\u00e1s de 450 muertos y unos 4.000 heridos.<\/p>\n\n\n\n<p class=\"wp-block-paragraph\">1985.- Cumbre en Ginebra entre los m\u00e1ximos dirigentes de EE.UU., Ronald Reagan, y la URSS, Mijail Gorbachov, sobre la reducci\u00f3n de armas nucleares. Termina sin acuerdos.<\/p>\n\n\n\n<p class=\"wp-block-paragraph\">1990.- La OTAN y el Pacto de Varsovia suscriben la declaraci\u00f3n que pone fin a la Guerra Fr\u00eda.<\/p>\n\n\n\n<p class=\"wp-block-paragraph\">1990.- Microsoft lanza su primera versi\u00f3n de Office para Windows.<\/p>\n\n\n\n<p class=\"wp-block-paragraph\">1995.- Victoria del candidato socialdem\u00f3crata, el excomunista Aleksander Kwasniewski, en las presidenciales de Polonia frente al presidente saliente, Lech Walesa.<\/p>\n\n\n\n<p class=\"wp-block-paragraph\">1996.- Hist\u00f3rica entrevista en el Vaticano entre Juan Pablo II y el presidente cubano, Fidel Castro.<\/p>\n\n\n\n<p class=\"wp-block-paragraph\">2001.- Cuatro periodistas occidentales -entre ellos el espa\u00f1ol Julio Fuentes, de El Mundo- y un afgano son asesinados entre Jalalabad y Kabul (Afganist\u00e1n).<\/p>\n\n\n\n<p class=\"wp-block-paragraph\">2002.- Cat\u00e1strofe del petrolero Prestige con 77.000 toneladas de fuel. Se parte en dos, es remolcado mar adentro y se hunde a menos de 250 kil\u00f3metros de Fisterra (A Coru\u00f1a).<\/p>\n\n\n\n<p class=\"wp-block-paragraph\">2003.- El pleno del Senado aprueba la reforma de la ley de reproducci\u00f3n asistida, modificaci\u00f3n que abre la puerta por primera vez en Espa\u00f1a a la investigaci\u00f3n con c\u00e9lulas madre embrionarias.<\/p>\n\n\n\n<p class=\"wp-block-paragraph\">2006.- Sale al mercado la consola de videojuegos Wii de Nintendo<\/p>\n\n\n\n<p class=\"wp-block-paragraph\">2007.- Detenido Khieu Sampan, expresidente del sanguinario r\u00e9gimen camboyano de los Jemeres Rojos, de los a\u00f1os 70.<\/p>\n\n\n\n<p class=\"wp-block-paragraph\">2007.- La reina Isabel II de Inglaterra y el pr\u00edncipe Felipe de Edimburgo celebran sus Bodas de Diamante en una ceremonia oficiada en la abad\u00eda de Westminster.<\/p>\n\n\n\n<p class=\"wp-block-paragraph\">2013.- La escritora mexicana Elena Poniatowska gana el Premio Cervantes.<\/p>\n\n\n\n<p class=\"wp-block-paragraph\">2016.- Finaliza la cumbre del clima de Marrakech (COP22). Se firma el documento para poner en marcha el Acuerdo de Par\u00eds.<\/p>\n\n\n\n<p class=\"wp-block-paragraph\">2018.- La serie espa\u00f1ola &#8216;La casa de papel\u00bb recibe el premio Emmy Internacional en la categor\u00eda de mejor drama durante la celebraci\u00f3n de la 46 edici\u00f3n de estos galardones.<\/p>\n\n\n\n<p class=\"wp-block-paragraph\">2019.- El expresidente andaluz Jos\u00e9 Antonio Gri\u00f1\u00e1n es condenado a seis a\u00f1os de prisi\u00f3n por malversaci\u00f3n, y su antecesor en el cargo, Manuel Chaves, a nueve a\u00f1os de inhabilitaci\u00f3n por prevaricaci\u00f3n.<\/p>\n\n\n\n<p class=\"wp-block-paragraph\">2020.- El Tribunal Constitucional avala la Ley de Seguridad Ciudadana, conocida como la ley mordaza, incluidas las devoluciones en caliente de inmigrantes.<\/p>\n\n\n\n<p class=\"wp-block-paragraph\">2023.- El ultraderechista Javier Milei gana la Presidencia de Argentina.<\/p>\n\n\n\n<p class=\"wp-block-paragraph\"><strong>Nacimientos<\/strong><\/p>\n\n\n\n<p class=\"wp-block-paragraph\">1831.- James A. Garfield, presidente de EE.UU.<\/p>\n\n\n\n<p class=\"wp-block-paragraph\">1900.- Anna Seghers, escritora alemana.<\/p>\n\n\n\n<p class=\"wp-block-paragraph\">1912.- George Emil Palade, bi\u00f3logo estadounidense, Premio Nobel de Medicina 1974.<\/p>\n\n\n\n<p class=\"wp-block-paragraph\">1913.- Ata\u00falfo Argenta, director de orquesta espa\u00f1ol.<\/p>\n\n\n\n<p class=\"wp-block-paragraph\">1917.- Indira Gandhi, pol\u00edtica india.<\/p>\n\n\n\n<p class=\"wp-block-paragraph\">1918.- Margarita Landi, periodista espa\u00f1ola.<\/p>\n\n\n\n<p class=\"wp-block-paragraph\">1920.- Gene Tierney, actriz estadounidense.<\/p>\n\n\n\n<p class=\"wp-block-paragraph\">1933.- Larry King, periodista y escritor estadounidense.<\/p>\n\n\n\n<p class=\"wp-block-paragraph\">1938.- Ted Turner, empresario estadounidense.<\/p>\n\n\n\n<p class=\"wp-block-paragraph\">1942.- Antonio Vallejo Arberola, arquitecto espa\u00f1ol.<\/p>\n\n\n\n<p class=\"wp-block-paragraph\">1942.- Calvin Klein, dise\u00f1ador estadounidense.<\/p>\n\n\n\n<p class=\"wp-block-paragraph\">1954.- Abdel Fatah al Sisi, pol\u00edtico egipcio.<\/p>\n\n\n\n<p class=\"wp-block-paragraph\">1961.- Meg Ryan, actriz estadounidense.<\/p>\n\n\n\n<p class=\"wp-block-paragraph\">1962.- Jodie Foster, actriz estadounidense<\/p>\n\n\n\n<p class=\"wp-block-paragraph\">1976.- Jack Dorsey, empresario estadounidense, cofundador de Twitter.<\/p>\n\n\n\n<p class=\"wp-block-paragraph\">1999.- Yevgu\u00e9niya Medv\u00e9deva, patinadora rusa.<\/p>\n\n\n\n<p class=\"wp-block-paragraph\"><strong>Defunciones<\/strong><\/p>\n\n\n\n<p class=\"wp-block-paragraph\">1828.- Franz Schubert, pianista y compositor austriaco<\/p>\n\n\n\n<p class=\"wp-block-paragraph\">1963.- Carmen Amaya, bailaora espa\u00f1ola.<\/p>\n\n\n\n<p class=\"wp-block-paragraph\">1988.- Cristina Onassis, multimillonaria griega.<\/p>\n\n\n\n<p class=\"wp-block-paragraph\">1998.- Alan J. Pakula, director y productor de cine estadounidense.<\/p>\n\n\n\n<p class=\"wp-block-paragraph\">2001.- Julio Fuentes, periodista espa\u00f1ol.<\/p>\n\n\n\n<p class=\"wp-block-paragraph\">2005.- Irineu Segarra, religioso y m\u00fasico espa\u00f1ol.<\/p>\n\n\n\n<p class=\"wp-block-paragraph\">2006.- Francis Girod, cineasta franc\u00e9s.<\/p>\n\n\n\n<p class=\"wp-block-paragraph\">2007.- Magda Szab\u00f3, novelista h\u00fangara.<\/p>\n\n\n\n<p class=\"wp-block-paragraph\">2007.- Soledad Ortega Spottorno, intelectual espa\u00f1ola, fundadora y presidenta de honor de la Fundaci\u00f3n Ortega y Gasset.<\/p>\n\n\n\n<p class=\"wp-block-paragraph\">2013.- Frederick Sanger, bioqu\u00edmico brit\u00e1nico, padre de la gen\u00f3mica.<\/p>\n\n\n\n<p class=\"wp-block-paragraph\">2014.- Mike Nichols, director de cine estadounidense.<\/p>\n\n\n\n<p class=\"wp-block-paragraph\">2015.- Ricardo de la Cierva, historiador, escritor y pol\u00edtico espa\u00f1ol.<\/p>\n\n\n\n<p class=\"wp-block-paragraph\">2017.- Jana Novotna, tenista checa.<\/p>\n\n\n\n<p class=\"wp-block-paragraph\">2017.- Charles Manson, criminal estadounidense.<\/p>\n\n\n\n<p class=\"wp-block-paragraph\">2021.- Carlos Mar\u00edn, cantante l\u00edrico espa\u00f1ol, miembro del grupo Il Divo.<\/p>\n\n\n\n<p class=\"wp-block-paragraph\">2023.- Rosalynn Carter, primera dama de EE.UU..<\/p>\n\n\n\n<p class=\"wp-block-paragraph\">2023.- Sara Tavares, cantante y compositora portuguesa.<\/p>\n","protected":false},"excerpt":{"rendered":"<p>Un d\u00eda 19 de noviembre como hoy, pero de 1969, el futbolista brasile\u00f1o \u2018Pel\u00e9\u2019 marca su gol n\u00famero mil en un partido contra el Vasco da Gama en el estadio Maracan\u00e1 de R\u00edo de Janeiro. Otras efem\u00e9rides 1493.- Crist\u00f3bal Col\u00f3n desembarca en la isla de Borinquen, a la que llam\u00f3 San Juan Bautista, actual San [&hellip;]<\/p>\n","protected":false},"author":6,"featured_media":47490,"comment_status":"open","ping_status":"open","sticky":false,"template":"","format":"standard","meta":{"_acf_changed":false,"_monsterinsights_skip_tracking":false,"slim_seo":{"title":"Efem\u00e9rides 19 de noviembre - Opini\u00f3n P\u00fablica","description":"Un d\u00eda 19 de noviembre como hoy, pero de 1969, el futbolista brasile\u00f1o \u2018Pel\u00e9\u2019 marca su gol n\u00famero mil en un partido contra el Vasco da Gama en el estadio Maraca"},"footnotes":""},"categories":[27],"tags":[],"class_list":["post-47416","post","type-post","status-publish","format-standard","has-post-thumbnail","hentry","category-un-dia-como-hoy"],"acf":[],"_links":{"self":[{"href":"https:\/\/www.opinionpublica.tv\/portada\/wp-json\/wp\/v2\/posts\/47416","targetHints":{"allow":["GET"]}}],"collection":[{"href":"https:\/\/www.opinionpublica.tv\/portada\/wp-json\/wp\/v2\/posts"}],"about":[{"href":"https:\/\/www.opinionpublica.tv\/portada\/wp-json\/wp\/v2\/types\/post"}],"author":[{"embeddable":true,"href":"https:\/\/www.opinionpublica.tv\/portada\/wp-json\/wp\/v2\/users\/6"}],"replies":[{"embeddable":true,"href":"https:\/\/www.opinionpublica.tv\/portada\/wp-json\/wp\/v2\/comments?post=47416"}],"version-history":[{"count":3,"href":"https:\/\/www.opinionpublica.tv\/portada\/wp-json\/wp\/v2\/posts\/47416\/revisions"}],"predecessor-version":[{"id":47491,"href":"https:\/\/www.opinionpublica.tv\/portada\/wp-json\/wp\/v2\/posts\/47416\/revisions\/47491"}],"wp:featuredmedia":[{"embeddable":true,"href":"https:\/\/www.opinionpublica.tv\/portada\/wp-json\/wp\/v2\/media\/47490"}],"wp:attachment":[{"href":"https:\/\/www.opinionpublica.tv\/portada\/wp-json\/wp\/v2\/media?parent=47416"}],"wp:term":[{"taxonomy":"category","embeddable":true,"href":"https:\/\/www.opinionpublica.tv\/portada\/wp-json\/wp\/v2\/categories?post=47416"},{"taxonomy":"post_tag","embeddable":true,"href":"https:\/\/www.opinionpublica.tv\/portada\/wp-json\/wp\/v2\/tags?post=47416"}],"curies":[{"name":"wp","href":"https:\/\/api.w.org\/{rel}","templated":true}]}}