{"id":47414,"date":"2024-11-18T12:51:30","date_gmt":"2024-11-18T19:51:30","guid":{"rendered":"https:\/\/www.opinionpublica.tv\/portada\/?p=47414"},"modified":"2024-11-18T12:51:30","modified_gmt":"2024-11-18T19:51:30","slug":"yo-si-voy-a-la-cumbre","status":"publish","type":"post","link":"https:\/\/www.opinionpublica.tv\/portada\/yo-si-voy-a-la-cumbre\/","title":{"rendered":"Yo s\u00ed voy a la Cumbre"},"content":{"rendered":"\n<h4 class=\"wp-block-heading\">Ra\u00fal Ruiz<\/h4>\n\n\n\n<p class=\"wp-block-paragraph\">__________________________<\/p>\n\n\n\n<p class=\"wp-block-paragraph\">En lo que tomamos caf\u00e9 usted y yo, la presidenta de M\u00e9xico ya est\u00e1 en la cumbre de los 20.<\/p>\n\n\n\n<p class=\"wp-block-paragraph\">La reuni\u00f3n cumbre del G-20 es un evento clave en la gobernanza econ\u00f3mica global, donde los l\u00edderes de las 19 principales econom\u00edas del mundo, entre las cuales est\u00e1 M\u00e9xico, junto con representantes de la Uni\u00f3n Europea, se re\u00fanen para discutir y coordinar pol\u00edticas econ\u00f3micas y financieras.<\/p>\n\n\n\n<p class=\"wp-block-paragraph\">La cumbre del G-20 de 2024 se llevar\u00e1 a cabo el 18 y 19 de noviembre en el Museo de Arte Moderno de R\u00edo de Janeiro, Brasil.<\/p>\n\n\n\n<p class=\"wp-block-paragraph\">Este a\u00f1o, bajo la presidencia de Luiz In\u00e1cio Lula da Silva, Brasil ha establecido como prioridades la inclusi\u00f3n social, la lucha contra el hambre, la transici\u00f3n energ\u00e9tica y el desarrollo sostenible.<\/p>\n\n\n\n<p class=\"wp-block-paragraph\">El lema de la presidencia brasile\u00f1a es \u00abConstruyendo un Mundo Justo y un Planeta Sostenible\u00bb.<\/p>\n\n\n\n<p class=\"wp-block-paragraph\">Entre los temas que se discutir\u00e1n est\u00e1n el cambio clim\u00e1tico, la seguridad alimentaria, la cooperaci\u00f3n sanitaria internacional y la reforma de las instituciones de gobernanza global.<\/p>\n\n\n\n<p class=\"wp-block-paragraph\">Tambi\u00e9n se espera que se aborden las guerras en Ucrania y Medio Oriente, as\u00ed como la propuesta de un impuesto a los superricos.<\/p>\n\n\n\n<p class=\"wp-block-paragraph\">Temas que Claudia Sheinbaum domina bien.<\/p>\n\n\n\n<p class=\"wp-block-paragraph\">Todos pensaban que har\u00eda lo mismo que el ex presidente L\u00f3pez Obrador, o sea menospreciar eventos internacionales.<\/p>\n\n\n\n<p class=\"wp-block-paragraph\">Nunca sabremos si era porque no dominaba el ingl\u00e9s, o porque ten\u00eda un profundo desconocimiento de los temas internacionales.<\/p>\n\n\n\n<p class=\"wp-block-paragraph\">El caso es que los temas de esta edici\u00f3n atrapan poderosamente la atenci\u00f3n de la presidenta.<\/p>\n\n\n\n<p class=\"wp-block-paragraph\">Y pienso, que har\u00e1 no s\u00f3lo un buen papel, sino que traer\u00e1 carnita para masticar.<\/p>\n\n\n\n<p class=\"wp-block-paragraph\">Vamos a ver que se dice.<\/p>\n","protected":false},"excerpt":{"rendered":"<p>Ra\u00fal Ruiz __________________________ En lo que tomamos caf\u00e9 usted y yo, la presidenta de M\u00e9xico ya est\u00e1 en la cumbre de los 20. La reuni\u00f3n cumbre del G-20 es un evento clave en la gobernanza econ\u00f3mica global, donde los l\u00edderes de las 19 principales econom\u00edas del mundo, entre las cuales est\u00e1 M\u00e9xico, junto con representantes [&hellip;]<\/p>\n","protected":false},"author":6,"featured_media":43347,"comment_status":"open","ping_status":"open","sticky":false,"template":"","format":"standard","meta":{"_acf_changed":false,"_monsterinsights_skip_tracking":false,"slim_seo":{"title":"Yo s\u00ed voy a la Cumbre - Opini\u00f3n P\u00fablica","description":"Ra\u00fal Ruiz __________________________ En lo que tomamos caf\u00e9 usted y yo, la presidenta de M\u00e9xico ya est\u00e1 en la cumbre de los 20. La reuni\u00f3n cumbre del G-20 es un"},"footnotes":""},"categories":[21],"tags":[593],"class_list":["post-47414","post","type-post","status-publish","format-standard","has-post-thumbnail","hentry","category-cartapacio","tag-cartapacio"],"acf":[],"_links":{"self":[{"href":"https:\/\/www.opinionpublica.tv\/portada\/wp-json\/wp\/v2\/posts\/47414","targetHints":{"allow":["GET"]}}],"collection":[{"href":"https:\/\/www.opinionpublica.tv\/portada\/wp-json\/wp\/v2\/posts"}],"about":[{"href":"https:\/\/www.opinionpublica.tv\/portada\/wp-json\/wp\/v2\/types\/post"}],"author":[{"embeddable":true,"href":"https:\/\/www.opinionpublica.tv\/portada\/wp-json\/wp\/v2\/users\/6"}],"replies":[{"embeddable":true,"href":"https:\/\/www.opinionpublica.tv\/portada\/wp-json\/wp\/v2\/comments?post=47414"}],"version-history":[{"count":1,"href":"https:\/\/www.opinionpublica.tv\/portada\/wp-json\/wp\/v2\/posts\/47414\/revisions"}],"predecessor-version":[{"id":47415,"href":"https:\/\/www.opinionpublica.tv\/portada\/wp-json\/wp\/v2\/posts\/47414\/revisions\/47415"}],"wp:featuredmedia":[{"embeddable":true,"href":"https:\/\/www.opinionpublica.tv\/portada\/wp-json\/wp\/v2\/media\/43347"}],"wp:attachment":[{"href":"https:\/\/www.opinionpublica.tv\/portada\/wp-json\/wp\/v2\/media?parent=47414"}],"wp:term":[{"taxonomy":"category","embeddable":true,"href":"https:\/\/www.opinionpublica.tv\/portada\/wp-json\/wp\/v2\/categories?post=47414"},{"taxonomy":"post_tag","embeddable":true,"href":"https:\/\/www.opinionpublica.tv\/portada\/wp-json\/wp\/v2\/tags?post=47414"}],"curies":[{"name":"wp","href":"https:\/\/api.w.org\/{rel}","templated":true}]}}