{"id":47365,"date":"2024-11-18T00:01:00","date_gmt":"2024-11-18T07:01:00","guid":{"rendered":"https:\/\/www.opinionpublica.tv\/portada\/?p=47365"},"modified":"2024-11-17T13:54:42","modified_gmt":"2024-11-17T20:54:42","slug":"confianza-del-consumidor-toca-maximo-historico-al-inicio-del-sexenio-de-sheinbaum","status":"publish","type":"post","link":"https:\/\/www.opinionpublica.tv\/portada\/confianza-del-consumidor-toca-maximo-historico-al-inicio-del-sexenio-de-sheinbaum\/","title":{"rendered":"Confianza del consumidor toca m\u00e1ximo hist\u00f3rico durante el inicio del sexenio de la presidenta Claudia Sheinbaum"},"content":{"rendered":"\n<figure class=\"wp-block-image size-full\"><img fetchpriority=\"high\" decoding=\"async\" width=\"1024\" height=\"692\" src=\"https:\/\/www.opinionpublica.tv\/portada\/wp-content\/uploads\/2024\/11\/Confianza-del-consumidor-toca-maximo-historico-durante-el-inicio-del-sexenio-de-la-presidenta-Claudia-Sheinbaum.avif\" alt=\"Confianza Del Consumidor Toca Ma\u0301ximo Histo\u0301rico Durante El Inicio Del Sexenio De La Presidenta Claudia Sheinbaum\" class=\"wp-image-47371\"\/><\/figure>\n\n\n\n<p class=\"wp-block-paragraph\">El inicio del sexenio de la presidenta Claudia Sheinbaum inyect\u00f3 optimismo a los mexicanos en t\u00e9rminos de percepci\u00f3n de la econom\u00eda del pa\u00eds y sobre su hogar apenas en su primer mes de mandato.<\/p>\n\n\n\n<p class=\"wp-block-paragraph\">Durante octubre, el Indicador de Confianza del Consumidor tuvo un repunte anual de 3.4 puntos, para situarse en 49.4 puntos, su lectura m\u00e1s alta desde el 2001, cuando inici\u00f3 el levantamiento del INEGI.<\/p>\n\n\n\n<p class=\"wp-block-paragraph\">Con este aumento de la confianza se super\u00f3 el m\u00e1ximo hist\u00f3rico previo, que se report\u00f3 en febrero del 2019, cuando fue de 48.5 enteros, al inicio del sexenio de Andr\u00e9s Manuel L\u00f3pez Obrador, seg\u00fan cifras desestacionalizadas.<\/p>\n\n\n\n<p class=\"wp-block-paragraph\">El mayor optimismo de los mexicanos recae en las expectativas sobre el futuro de la econom\u00eda del pa\u00eds y familiar, a pesar de que las proyecciones para el 2025 apuntan a un panorama de menor crecimiento en la actividad.<\/p>\n\n\n\n<p class=\"wp-block-paragraph\">En la expectativa sobre la situaci\u00f3n econ\u00f3mica del pa\u00eds esperada dentro de 12 meses, respecto a la actual, se vio un repunte anual de 7.4 puntos, para situarse en 55.4 puntos en octubre, su mejor dato desde marzo del 2019.<\/p>\n\n\n\n<p class=\"wp-block-paragraph\">Tambi\u00e9n hay un alto optimismo en la situaci\u00f3n econ\u00f3mica esperada de los miembros del hogar dentro de 12 meses, respecto a la actual, con un incremento de 3.6 puntos anual, con lo que se ubic\u00f3 en 60.8 puntos, un nuevo m\u00e1ximo hist\u00f3rico.<\/p>\n\n\n\n<p class=\"wp-block-paragraph\">En tanto, los consumidores mexicanos tambi\u00e9n consideraron que la situaci\u00f3n econ\u00f3mica del pa\u00eds hoy en d\u00eda, comparada con la de hace 12 meses es mejor, pues tuvo un aumento de 2.6 puntos, hasta situarse en 46.2 enteros en octubre, la lectura m\u00e1s alta de este indicador.<\/p>\n\n\n\n<p class=\"wp-block-paragraph\">Sobre la econom\u00eda familiar, la percepci\u00f3n de que la situaci\u00f3n econ\u00f3mica en el momento actual de los miembros del hogar comparada con la que ten\u00edan hace 12 meses mejor\u00f3 en 1.2 puntos, a 52.6 puntos, el mejor puntaje en cinco meses.<\/p>\n\n\n\n<p class=\"wp-block-paragraph\">Ante el optimismo de los consumidores, las posibilidades en el momento actual de los integrantes del hogar, comparadas con las de hace un a\u00f1o, para realizar compras de muebles, televisor, lavadora, otros aparatos electrodom\u00e9sticos, repunt\u00f3 1.9 puntos anual, para situarse en 31.6 enteros en octubre.<\/p>\n\n\n\n<p class=\"wp-block-paragraph\"><em>Con informaci\u00f3n de El Financiero<\/em>.<\/p>\n","protected":false},"excerpt":{"rendered":"<p>El inicio del sexenio de la presidenta Claudia Sheinbaum inyect\u00f3 optimismo a los mexicanos en t\u00e9rminos de percepci\u00f3n de la econom\u00eda del pa\u00eds y sobre su hogar apenas en su primer mes de mandato. Durante octubre, el Indicador de Confianza del Consumidor tuvo un repunte anual de 3.4 puntos, para situarse en 49.4 puntos, su [&hellip;]<\/p>\n","protected":false},"author":6,"featured_media":47371,"comment_status":"open","ping_status":"open","sticky":false,"template":"","format":"standard","meta":{"_acf_changed":false,"_monsterinsights_skip_tracking":false,"slim_seo":{"title":"Confianza del consumidor toca m\u00e1ximo hist\u00f3rico durante el inicio del sexenio de la presidenta Claudia Sheinbaum - Opini\u00f3n P\u00fablica","description":"El inicio del sexenio de la presidenta Claudia Sheinbaum inyect\u00f3 optimismo a los mexicanos en t\u00e9rminos de percepci\u00f3n de la econom\u00eda del pa\u00eds y sobre su hogar ap"},"footnotes":""},"categories":[3],"tags":[],"class_list":["post-47365","post","type-post","status-publish","format-standard","has-post-thumbnail","hentry","category-principal"],"acf":[],"_links":{"self":[{"href":"https:\/\/www.opinionpublica.tv\/portada\/wp-json\/wp\/v2\/posts\/47365","targetHints":{"allow":["GET"]}}],"collection":[{"href":"https:\/\/www.opinionpublica.tv\/portada\/wp-json\/wp\/v2\/posts"}],"about":[{"href":"https:\/\/www.opinionpublica.tv\/portada\/wp-json\/wp\/v2\/types\/post"}],"author":[{"embeddable":true,"href":"https:\/\/www.opinionpublica.tv\/portada\/wp-json\/wp\/v2\/users\/6"}],"replies":[{"embeddable":true,"href":"https:\/\/www.opinionpublica.tv\/portada\/wp-json\/wp\/v2\/comments?post=47365"}],"version-history":[{"count":4,"href":"https:\/\/www.opinionpublica.tv\/portada\/wp-json\/wp\/v2\/posts\/47365\/revisions"}],"predecessor-version":[{"id":47372,"href":"https:\/\/www.opinionpublica.tv\/portada\/wp-json\/wp\/v2\/posts\/47365\/revisions\/47372"}],"wp:featuredmedia":[{"embeddable":true,"href":"https:\/\/www.opinionpublica.tv\/portada\/wp-json\/wp\/v2\/media\/47371"}],"wp:attachment":[{"href":"https:\/\/www.opinionpublica.tv\/portada\/wp-json\/wp\/v2\/media?parent=47365"}],"wp:term":[{"taxonomy":"category","embeddable":true,"href":"https:\/\/www.opinionpublica.tv\/portada\/wp-json\/wp\/v2\/categories?post=47365"},{"taxonomy":"post_tag","embeddable":true,"href":"https:\/\/www.opinionpublica.tv\/portada\/wp-json\/wp\/v2\/tags?post=47365"}],"curies":[{"name":"wp","href":"https:\/\/api.w.org\/{rel}","templated":true}]}}