{"id":47349,"date":"2024-11-18T00:01:00","date_gmt":"2024-11-18T07:01:00","guid":{"rendered":"https:\/\/www.opinionpublica.tv\/portada\/?p=47349"},"modified":"2024-11-17T13:39:26","modified_gmt":"2024-11-17T20:39:26","slug":"depuran-a-la-guardia-nacional-10-mil-elementos-seran-enviados-a-garcia-harfuch","status":"publish","type":"post","link":"https:\/\/www.opinionpublica.tv\/portada\/depuran-a-la-guardia-nacional-10-mil-elementos-seran-enviados-a-garcia-harfuch\/","title":{"rendered":"Depuran la Guardia Nacional; 10 mil elementos le ser\u00e1n enviados a Garc\u00eda Harfuch"},"content":{"rendered":"\n<figure class=\"wp-block-image size-large\"><img fetchpriority=\"high\" decoding=\"async\" width=\"1024\" height=\"701\" src=\"https:\/\/www.opinionpublica.tv\/portada\/wp-content\/uploads\/2024\/11\/Depuran-a-Guardia-Nacional-10-mil-elementos-le-seran-enviados-a-Garcia-Harfuch-1024x701.webp\" alt=\"Depuran A Guardia Nacional; 10 Mil Elementos Le Sera\u0301n Enviados A Garci\u0301a Harfuch\" class=\"wp-image-47355\" srcset=\"https:\/\/www.opinionpublica.tv\/portada\/wp-content\/uploads\/2024\/11\/Depuran-a-Guardia-Nacional-10-mil-elementos-le-seran-enviados-a-Garcia-Harfuch-1024x701.webp 1024w, https:\/\/www.opinionpublica.tv\/portada\/wp-content\/uploads\/2024\/11\/Depuran-a-Guardia-Nacional-10-mil-elementos-le-seran-enviados-a-Garcia-Harfuch-300x205.webp 300w, https:\/\/www.opinionpublica.tv\/portada\/wp-content\/uploads\/2024\/11\/Depuran-a-Guardia-Nacional-10-mil-elementos-le-seran-enviados-a-Garcia-Harfuch-768x525.webp 768w, https:\/\/www.opinionpublica.tv\/portada\/wp-content\/uploads\/2024\/11\/Depuran-a-Guardia-Nacional-10-mil-elementos-le-seran-enviados-a-Garcia-Harfuch.webp 1200w\" sizes=\"(max-width: 1024px) 100vw, 1024px\" \/><\/figure>\n\n\n\n<p class=\"wp-block-paragraph\"><em>Ciudad de M\u00e9xico<\/em>.- La Guardia Nacional (GN) inici\u00f3 la depuraci\u00f3n de 10 mil elementos de la otrora Polic\u00eda Federal (PF) para ser trasladados a la Secretar\u00eda de Seguridad P\u00fablica y Protecci\u00f3n Ciudadana (SSPC).<\/p>\n\n\n\n<p class=\"wp-block-paragraph\">Tan s\u00f3lo hace dos semanas mil 300 efectivos que estaban concentrados en la Direcci\u00f3n General de Servicios Especiales fueron transferidos a la SSPC y en estos d\u00edas ser\u00e1n trasladados otros mil 500.<\/p>\n\n\n\n<p class=\"wp-block-paragraph\">Efectivos de la extinta PF consultados por el peri\u00f3dico El Universal refieren que van a pasar a formar parte de la nueva Subsecretar\u00eda de Inteligencia e Investigaci\u00f3n Policial, que es parte de la estrategia de seguridad denominada Fortalecimiento de la Inteligencia y la Investigaci\u00f3n.<\/p>\n\n\n\n<p class=\"wp-block-paragraph\">\u201cEn teor\u00eda 100% del personal va a pasar a la SSPC, en diciembre se prev\u00e9n 4 mil y el resto en el transcurso del primer trimestre de 2025. Y ahora que se realiz\u00f3 la reforma al art\u00edculo 21 constitucional la dependencia ya tiene facultades para investigaci\u00f3n, inteligencia e incluso auditar el recurso que se destine para seguridad p\u00fablica y coordinarse con las autoridades estatales.<\/p>\n\n\n\n<p class=\"wp-block-paragraph\">\u201cEs ah\u00ed donde vamos a entrar, est\u00e1 mucho mejor porque nos despegamos de los militares, desde un principio no fuimos utilizados, as\u00ed que la esperanza de los que quedamos es integrar esta nueva subsecretar\u00eda y que sea un contrapeso de los castrenses\u201d, consideran los uniformados.<\/p>\n\n\n\n<p class=\"wp-block-paragraph\">Cuestionados en qu\u00e9 \u00e1rea pueden estar los elementos que anteriormente en la Polic\u00eda Federal se desempe\u00f1aron en la vigilancia de carreteras, comentan que se requiere esperar: \u201cEn el Senado se aprob\u00f3 la reforma al art\u00edculo 21, tiene que pasar por los congresos estatales. porque es una reforma constitucional\u201d.<\/p>\n\n\n\n<p class=\"wp-block-paragraph\">Enfatizan que no dejaron de ser parte de la secretar\u00eda, ya que la GN pertenec\u00eda en teor\u00eda a esta dependencia, pero en la pr\u00e1ctica est\u00e1 controlada por personal militar.<\/p>\n\n\n\n<p class=\"wp-block-paragraph\">\u201cNos van a pasar a otras direcciones y dejar a la GN con personal castrense. En t\u00e9rminos t\u00e9cnicos, la Guardia deja de ser parte de la Secretar\u00eda de Seguridad y pasa a la Secretar\u00eda de la Defensa Nacional\u201d, sostienen.<\/p>\n\n\n\n<p class=\"wp-block-paragraph\">En un oficio dirigido al comisario titular de la Direcci\u00f3n General de Recursos Financieros de la GN, se solicita la relaci\u00f3n del personal de carrera que considere que sea necesario que contin\u00fae prestando sus servicios.<\/p>\n\n\n\n<p class=\"wp-block-paragraph\">As\u00ed como ajustarse al efectivo autorizado para cada direcci\u00f3n, verificar que no se incluya a personal que cuente con juicios de amparo, procedimientos por indisciplina, licencias m\u00e9dicas, denuncias o averiguaciones previas, preventivas de pago, licencias ilimitadas, entre otros aspectos.<\/p>\n\n\n\n<p class=\"wp-block-paragraph\">En otro oficio dirigido al titular de la Jefatura de Coordinaci\u00f3n Policial del Batall\u00f3n de Seguridad a Instalaciones se detalla que se ha observado frecuentemente que el personal comete conductas que quebrantan la disciplina, sin que los titulares o jefes tomen acciones de mando preventivas y ejemplificativas para su correcci\u00f3n siendo principalmente las siguientes: ingresar y salir de predios de la GN estando uniformados.<\/p>\n\n\n\n<p class=\"wp-block-paragraph\">As\u00ed como transitar en la v\u00eda p\u00fablica uniformado, fuera de actos del servicio, adquirir o consumir alimentos en la v\u00eda p\u00fablica uniformado o de civil, salir con mochilas o cangureras suspendidas en la espalda o del hombro lo cual demerita la presentaci\u00f3n.<\/p>\n\n\n\n<p class=\"wp-block-paragraph\">Utilizar aud\u00edfonos inal\u00e1mbricos dentro de las instalaciones, no utilizar los uniformes conforme al Manual de Uniformes, Insignias y Equipo de la GN (mezcla prendas civiles con el uniforme, realiza modificaciones), entre otros puntos.<\/p>\n\n\n\n<p class=\"wp-block-paragraph\">El especialista en seguridad e inteligencia, Armando Rodr\u00edguez, califica la depuraci\u00f3n del personal de los exintegrantes del PF como necesaria en t\u00e9rminos de que la GN ahora forma parte org\u00e1nica de la Secretar\u00eda de la Defensa Nacional.<\/p>\n\n\n\n<p class=\"wp-block-paragraph\">Explica que para el Ej\u00e9rcito particularmente es importante contar con un cuerpo de la GN que tenga tanto la doctrina como el adiestramiento propio del \u00e1mbito militar, adem\u00e1s que no han aceptado debidamente que exmiembros de la PF permanezcan en la GN.<\/p>\n\n\n\n<p class=\"wp-block-paragraph\">\u201cDesde la perspectiva del Ej\u00e9rcito es una depuraci\u00f3n que debe llevarse a cabo, por otro lado, para Omar Garc\u00eda Harfuch, titular de la SSPC, es importante contar con efectivos con los cuales hay una mayor identidad en t\u00e9rminos de formaci\u00f3n y experiencia.<\/p>\n\n\n\n<p class=\"wp-block-paragraph\">\u201cLos polic\u00edas que se mantuvieron en la GN son aquellos que cubrieron varios requisitos; por ejemplo, no contar con averiguaciones previas o carpetas de investigaci\u00f3n. Permanecieron aquellos que no recurrieron a los tribunales para luchar por sus haberes de la extinta PF\u201d, argumenta.<\/p>\n\n\n\n<p class=\"wp-block-paragraph\">El especialista expresa que la SSPC va a tener elementos con buena formaci\u00f3n y est\u00e1ndares que los califican para realizar tareas de diverso tipo, las que m\u00e1s interesan est\u00e1n relacionadas a las \u00e1reas de investigaci\u00f3n tanto de peritajes, an\u00e1lisis de inteligencia en campo, tambi\u00e9n hay otras \u00e1reas como resguardo de infraestructura f\u00edsica.<\/p>\n\n\n\n<p class=\"wp-block-paragraph\">El especialista enfatiza que se realiza una reordenaci\u00f3n administrativa y de personal entre elementos de la GN y SSPC que no se pudo lograr en la administraci\u00f3n del expresidente Andr\u00e9s Manuel L\u00f3pez Obrador.<\/p>\n\n\n\n<p class=\"wp-block-paragraph\">Subraya que se requiere determinar cu\u00e1les son los espacios que va a ocupar el equipo de la SSPC que ocupaba la GN, \u201cpor ejemplo, en Constituyentes que se encuentra el b\u00fanker de inteligencia, es el \u00e1rea m\u00e1s importante y estrat\u00e9gica en materia de inteligencia civil\u201d. (El Universal)<\/p>\n","protected":false},"excerpt":{"rendered":"<p>Ciudad de M\u00e9xico.- La Guardia Nacional (GN) inici\u00f3 la depuraci\u00f3n de 10 mil elementos de la otrora Polic\u00eda Federal (PF) para ser trasladados a la Secretar\u00eda de Seguridad P\u00fablica y Protecci\u00f3n Ciudadana (SSPC). Tan s\u00f3lo hace dos semanas mil 300 efectivos que estaban concentrados en la Direcci\u00f3n General de Servicios Especiales fueron transferidos a la [&hellip;]<\/p>\n","protected":false},"author":6,"featured_media":47355,"comment_status":"open","ping_status":"open","sticky":false,"template":"","format":"standard","meta":{"_acf_changed":false,"_monsterinsights_skip_tracking":false,"slim_seo":{"title":"Depuran la Guardia Nacional; 10 mil elementos le ser\u00e1n enviados a Garc\u00eda Harfuch - Opini\u00f3n P\u00fablica","description":"Ciudad de M\u00e9xico .- La Guardia Nacional (GN) inici\u00f3 la depuraci\u00f3n de 10 mil elementos de la otrora Polic\u00eda Federal (PF) para ser trasladados a la Secretar\u00eda de"},"footnotes":""},"categories":[4],"tags":[],"class_list":["post-47349","post","type-post","status-publish","format-standard","has-post-thumbnail","hentry","category-pulsopolitico"],"acf":[],"_links":{"self":[{"href":"https:\/\/www.opinionpublica.tv\/portada\/wp-json\/wp\/v2\/posts\/47349","targetHints":{"allow":["GET"]}}],"collection":[{"href":"https:\/\/www.opinionpublica.tv\/portada\/wp-json\/wp\/v2\/posts"}],"about":[{"href":"https:\/\/www.opinionpublica.tv\/portada\/wp-json\/wp\/v2\/types\/post"}],"author":[{"embeddable":true,"href":"https:\/\/www.opinionpublica.tv\/portada\/wp-json\/wp\/v2\/users\/6"}],"replies":[{"embeddable":true,"href":"https:\/\/www.opinionpublica.tv\/portada\/wp-json\/wp\/v2\/comments?post=47349"}],"version-history":[{"count":6,"href":"https:\/\/www.opinionpublica.tv\/portada\/wp-json\/wp\/v2\/posts\/47349\/revisions"}],"predecessor-version":[{"id":47358,"href":"https:\/\/www.opinionpublica.tv\/portada\/wp-json\/wp\/v2\/posts\/47349\/revisions\/47358"}],"wp:featuredmedia":[{"embeddable":true,"href":"https:\/\/www.opinionpublica.tv\/portada\/wp-json\/wp\/v2\/media\/47355"}],"wp:attachment":[{"href":"https:\/\/www.opinionpublica.tv\/portada\/wp-json\/wp\/v2\/media?parent=47349"}],"wp:term":[{"taxonomy":"category","embeddable":true,"href":"https:\/\/www.opinionpublica.tv\/portada\/wp-json\/wp\/v2\/categories?post=47349"},{"taxonomy":"post_tag","embeddable":true,"href":"https:\/\/www.opinionpublica.tv\/portada\/wp-json\/wp\/v2\/tags?post=47349"}],"curies":[{"name":"wp","href":"https:\/\/api.w.org\/{rel}","templated":true}]}}