{"id":47333,"date":"2024-11-17T12:24:52","date_gmt":"2024-11-17T19:24:52","guid":{"rendered":"https:\/\/www.opinionpublica.tv\/portada\/?p=47333"},"modified":"2024-11-17T12:25:13","modified_gmt":"2024-11-17T19:25:13","slug":"angelus-papa-francisco-domingo-17-de-noviembre-de-2024","status":"publish","type":"post","link":"https:\/\/www.opinionpublica.tv\/portada\/angelus-papa-francisco-domingo-17-de-noviembre-de-2024\/","title":{"rendered":"\u00c1ngelus Papa Francisco, domingo 17 de noviembre de 2024"},"content":{"rendered":"\n<p class=\"wp-block-paragraph\"><a href=\"https:\/\/www.youtube.com\/@VaticanNewsES\"><\/a><\/p>\n\n\n\n<figure class=\"wp-block-embed is-type-video is-provider-youtube wp-block-embed-youtube wp-embed-aspect-16-9 wp-has-aspect-ratio\"><div class=\"wp-block-embed__wrapper\">\n<iframe title=\"\u00c1ngelus 17 de noviembre de 2024- Papa Francisco\" width=\"800\" height=\"450\" src=\"https:\/\/www.youtube.com\/embed\/_qj315kaCnM?feature=oembed\" frameborder=\"0\" allow=\"accelerometer; autoplay; clipboard-write; encrypted-media; gyroscope; picture-in-picture; web-share\" referrerpolicy=\"strict-origin-when-cross-origin\" allowfullscreen><\/iframe>\n<\/div><\/figure>\n\n\n\n<p class=\"wp-block-paragraph\"><em>Ciudad del Vaticano<\/em>.- Desde la Plaza de San Pedro, el rezo de la Oraci\u00f3n del \u00c1ngelus, dirigido por el Papa Francisco.<\/p>\n","protected":false},"excerpt":{"rendered":"<p>Ciudad del Vaticano.- Desde la Plaza de San Pedro, el rezo de la Oraci\u00f3n del \u00c1ngelus, dirigido por el Papa Francisco.<\/p>\n","protected":false},"author":6,"featured_media":47334,"comment_status":"open","ping_status":"open","sticky":false,"template":"","format":"standard","meta":{"_acf_changed":false,"_monsterinsights_skip_tracking":false,"slim_seo":{"title":"\u00c1ngelus Papa Francisco, domingo 17 de noviembre de 2024 - Opini\u00f3n P\u00fablica","description":"https:\/\/youtu.be\/_qj315kaCnM?si=m58jX_y-LaCWTHdX Ciudad del Vaticano .- Desde la Plaza de San Pedro, el rezo de la Oraci\u00f3n del \u00c1ngelus, dirigido por el Papa Fra"},"footnotes":""},"categories":[2,13,8],"tags":[],"class_list":["post-47333","post","type-post","status-publish","format-standard","has-post-thumbnail","hentry","category-videos-destacados","category-videos-destacados-contenido","category-videos"],"acf":[],"_links":{"self":[{"href":"https:\/\/www.opinionpublica.tv\/portada\/wp-json\/wp\/v2\/posts\/47333","targetHints":{"allow":["GET"]}}],"collection":[{"href":"https:\/\/www.opinionpublica.tv\/portada\/wp-json\/wp\/v2\/posts"}],"about":[{"href":"https:\/\/www.opinionpublica.tv\/portada\/wp-json\/wp\/v2\/types\/post"}],"author":[{"embeddable":true,"href":"https:\/\/www.opinionpublica.tv\/portada\/wp-json\/wp\/v2\/users\/6"}],"replies":[{"embeddable":true,"href":"https:\/\/www.opinionpublica.tv\/portada\/wp-json\/wp\/v2\/comments?post=47333"}],"version-history":[{"count":1,"href":"https:\/\/www.opinionpublica.tv\/portada\/wp-json\/wp\/v2\/posts\/47333\/revisions"}],"predecessor-version":[{"id":47335,"href":"https:\/\/www.opinionpublica.tv\/portada\/wp-json\/wp\/v2\/posts\/47333\/revisions\/47335"}],"wp:featuredmedia":[{"embeddable":true,"href":"https:\/\/www.opinionpublica.tv\/portada\/wp-json\/wp\/v2\/media\/47334"}],"wp:attachment":[{"href":"https:\/\/www.opinionpublica.tv\/portada\/wp-json\/wp\/v2\/media?parent=47333"}],"wp:term":[{"taxonomy":"category","embeddable":true,"href":"https:\/\/www.opinionpublica.tv\/portada\/wp-json\/wp\/v2\/categories?post=47333"},{"taxonomy":"post_tag","embeddable":true,"href":"https:\/\/www.opinionpublica.tv\/portada\/wp-json\/wp\/v2\/tags?post=47333"}],"curies":[{"name":"wp","href":"https:\/\/api.w.org\/{rel}","templated":true}]}}