{"id":47321,"date":"2024-11-17T00:01:00","date_gmt":"2024-11-17T07:01:00","guid":{"rendered":"https:\/\/www.opinionpublica.tv\/portada\/?p=47321"},"modified":"2024-11-16T20:52:12","modified_gmt":"2024-11-17T03:52:12","slug":"emiten-alerta-preventiva-por-bajas-temperaturas-y-vientos-en-juarez-y-el-paso","status":"publish","type":"post","link":"https:\/\/www.opinionpublica.tv\/portada\/emiten-alerta-preventiva-por-bajas-temperaturas-y-vientos-en-juarez-y-el-paso\/","title":{"rendered":"Emiten alerta preventiva por bajas temperaturas y vientos en frontera Ju\u00e1rez &#8211; El Paso"},"content":{"rendered":"\n<figure class=\"wp-block-image size-full\"><img fetchpriority=\"high\" decoding=\"async\" width=\"800\" height=\"533\" src=\"https:\/\/www.opinionpublica.tv\/portada\/wp-content\/uploads\/2024\/11\/Emiten-alerta-preventiva-por-bajas-temperaturas-y-vientos-en-frontera-Juarez-El-Paso.jpg\" alt=\"Emiten Alerta Preventiva Por Bajas Temperaturas Y Vientos En Frontera Jua\u0301rez El Paso\" class=\"wp-image-47325\" srcset=\"https:\/\/www.opinionpublica.tv\/portada\/wp-content\/uploads\/2024\/11\/Emiten-alerta-preventiva-por-bajas-temperaturas-y-vientos-en-frontera-Juarez-El-Paso.jpg 800w, https:\/\/www.opinionpublica.tv\/portada\/wp-content\/uploads\/2024\/11\/Emiten-alerta-preventiva-por-bajas-temperaturas-y-vientos-en-frontera-Juarez-El-Paso-300x200.jpg 300w, https:\/\/www.opinionpublica.tv\/portada\/wp-content\/uploads\/2024\/11\/Emiten-alerta-preventiva-por-bajas-temperaturas-y-vientos-en-frontera-Juarez-El-Paso-768x512.jpg 768w\" sizes=\"(max-width: 800px) 100vw, 800px\" \/><\/figure>\n\n\n\n<p class=\"wp-block-paragraph\"><em>Ciudad Ju\u00e1rez, Chih<\/em>.- La Direcci\u00f3n General de Protecci\u00f3n Civil emiti\u00f3 una alerta preventiva por bajas temperaturas que se registrar\u00e1n a partir de este lunes 18 de noviembre.<\/p>\n\n\n\n<p class=\"wp-block-paragraph\">Seg\u00fan el pron\u00f3stico meteorol\u00f3gico, se espera una temperatura m\u00e1xima de entre 14\u00b0C y 17\u00b0C, y m\u00ednimas de entre 1\u00b0C y 4\u00b0C, condiciones que se mantendr\u00e1n durante toda la semana.<\/p>\n\n\n\n<p class=\"wp-block-paragraph\">Se recomienda a la poblaci\u00f3n mantenerse atenta a las actualizaciones meteorol\u00f3gicas, ya que las condiciones podr\u00edan variar, dijo el titular de la dependencia, Sergio Rodr\u00edguez.<\/p>\n\n\n\n<p class=\"wp-block-paragraph\">Dijo que entre las recomendaciones para protegerse del fr\u00edo est\u00e1n usar ropa abrigadora, cubrir boca y nariz, evitar cambios bruscos de temperatura, consumir alimentos ricos en vitamina C y proteger a los adultos mayores, ni\u00f1os y personas con enfermedades cr\u00f3nicas.<\/p>\n\n\n\n<p class=\"wp-block-paragraph\">Tambi\u00e9n se aconseja no utilizar braseros ni estufas dentro de casa y revisar que las rejillas de ventilaci\u00f3n est\u00e9n libres de obstrucciones para evitar intoxicaciones.<\/p>\n\n\n\n<p class=\"wp-block-paragraph\">El titular de Protecci\u00f3n Civil dio a conocer tambi\u00e9n una alerta preventiva por vientos fuertes que se tendr\u00e1n en la regi\u00f3n durante el domingo 17 y el lunes 18.<\/p>\n\n\n\n<p class=\"wp-block-paragraph\">Se espera que el viento alcance velocidades de entre 8 y 28 kil\u00f3metros por hora, con r\u00e1fagas de hasta 60 kil\u00f3metros por hora, lo cual podr\u00eda afectar la visibilidad en algunas zonas.<\/p>\n\n\n\n<p class=\"wp-block-paragraph\">Recomend\u00f3 a la poblaci\u00f3n tomar varias medidas de prevenci\u00f3n, como evitar salir de casa si no es necesario, conducir con precauci\u00f3n y asegurar objetos que puedan ser arrastrados por el viento.<\/p>\n\n\n\n<p class=\"wp-block-paragraph\">Tambi\u00e9n se aconseja evitar transitar cerca de \u00e1rboles, espectaculares y construcciones, adem\u00e1s de mantener puertas y ventanas cerradas.<\/p>\n","protected":false},"excerpt":{"rendered":"<p>Ciudad Ju\u00e1rez, Chih.- La Direcci\u00f3n General de Protecci\u00f3n Civil emiti\u00f3 una alerta preventiva por bajas temperaturas que se registrar\u00e1n a partir de este lunes 18 de noviembre. Seg\u00fan el pron\u00f3stico meteorol\u00f3gico, se espera una temperatura m\u00e1xima de entre 14\u00b0C y 17\u00b0C, y m\u00ednimas de entre 1\u00b0C y 4\u00b0C, condiciones que se mantendr\u00e1n durante toda la [&hellip;]<\/p>\n","protected":false},"author":6,"featured_media":47325,"comment_status":"open","ping_status":"open","sticky":false,"template":"","format":"standard","meta":{"_acf_changed":false,"_monsterinsights_skip_tracking":false,"slim_seo":{"title":"Emiten alerta preventiva por bajas temperaturas y vientos en frontera Ju\u00e1rez - El Paso - Opini\u00f3n P\u00fablica","description":"Ciudad Ju\u00e1rez, Chih .- La Direcci\u00f3n General de Protecci\u00f3n Civil emiti\u00f3 una alerta preventiva por bajas temperaturas que se registrar\u00e1n a partir de este lunes 18"},"footnotes":""},"categories":[41],"tags":[],"class_list":["post-47321","post","type-post","status-publish","format-standard","has-post-thumbnail","hentry","category-juarez"],"acf":[],"_links":{"self":[{"href":"https:\/\/www.opinionpublica.tv\/portada\/wp-json\/wp\/v2\/posts\/47321","targetHints":{"allow":["GET"]}}],"collection":[{"href":"https:\/\/www.opinionpublica.tv\/portada\/wp-json\/wp\/v2\/posts"}],"about":[{"href":"https:\/\/www.opinionpublica.tv\/portada\/wp-json\/wp\/v2\/types\/post"}],"author":[{"embeddable":true,"href":"https:\/\/www.opinionpublica.tv\/portada\/wp-json\/wp\/v2\/users\/6"}],"replies":[{"embeddable":true,"href":"https:\/\/www.opinionpublica.tv\/portada\/wp-json\/wp\/v2\/comments?post=47321"}],"version-history":[{"count":4,"href":"https:\/\/www.opinionpublica.tv\/portada\/wp-json\/wp\/v2\/posts\/47321\/revisions"}],"predecessor-version":[{"id":47326,"href":"https:\/\/www.opinionpublica.tv\/portada\/wp-json\/wp\/v2\/posts\/47321\/revisions\/47326"}],"wp:featuredmedia":[{"embeddable":true,"href":"https:\/\/www.opinionpublica.tv\/portada\/wp-json\/wp\/v2\/media\/47325"}],"wp:attachment":[{"href":"https:\/\/www.opinionpublica.tv\/portada\/wp-json\/wp\/v2\/media?parent=47321"}],"wp:term":[{"taxonomy":"category","embeddable":true,"href":"https:\/\/www.opinionpublica.tv\/portada\/wp-json\/wp\/v2\/categories?post=47321"},{"taxonomy":"post_tag","embeddable":true,"href":"https:\/\/www.opinionpublica.tv\/portada\/wp-json\/wp\/v2\/tags?post=47321"}],"curies":[{"name":"wp","href":"https:\/\/api.w.org\/{rel}","templated":true}]}}