{"id":47317,"date":"2024-11-17T00:01:00","date_gmt":"2024-11-17T07:01:00","guid":{"rendered":"https:\/\/www.opinionpublica.tv\/portada\/?p=47317"},"modified":"2024-11-16T20:35:53","modified_gmt":"2024-11-17T03:35:53","slug":"un-espejo","status":"publish","type":"post","link":"https:\/\/www.opinionpublica.tv\/portada\/un-espejo\/","title":{"rendered":"Un espejo"},"content":{"rendered":"\n<h4 class=\"wp-block-heading\">Jos\u00e9 Woldenberg<\/h4>\n\n\n\n<p class=\"wp-block-paragraph\">___________________________<\/p>\n\n\n\n<p class=\"wp-block-paragraph\">En 2019 apareci\u00f3 el libro de Ece Temelkuran C\u00f3mo perder un pa\u00eds. Los siete pasos de la democracia a la dictadura (Anagrama). Centrado en la experiencia turca, nutr\u00eda su libro de historias similares (Trump era un invitado imprescindible), y era un llamado de alarma de lo que estaba sucediendo en diferentes partes del mundo. No era un texto acad\u00e9mico sino un reportaje\/cr\u00f3nica que resultaba no solo ilustrativo sino elocuente. Hoy lo he rele\u00eddo y me parece un espejo. Recreo con libertad solo los primeros pasos. Juzgue el lector.<\/p>\n\n\n\n<p class=\"wp-block-paragraph\">1. \u201cCrea un movimiento\u201d y tu noci\u00f3n de pueblo. Se trata de inventar un \u201cnosotros\u201d abarcador, pero que no incluya a todos. Ese movimiento por definici\u00f3n ser\u00e1 virtuoso y combatir\u00e1 la corrupci\u00f3n y el sistema podrido. Y el pueblo ser\u00e1 aquel que se identifique con ese nosotros; y el que no, autom\u00e1ticamente queda fuera de ese manantial de virtudes que es nuestro pueblo. Ese pueblo requiere un l\u00edder, un pastor, que les indique qui\u00e9nes son los malos de la pel\u00edcula, a quienes es menester odiar. Eso es muy relevante para aprovechar el malestar social y ofrecerle un rumbo y una tarea: votar por nosotros, el aut\u00e9ntico pueblo. El movimiento puede romper las tradicionales barreras entre izquierda y derecha, todo lo puede absorber, siempre y cuando quien ingrese se subordine a la voluntad del l\u00edder, es decir, del pueblo.<\/p>\n\n\n\n<p class=\"wp-block-paragraph\">2. Simplificar los campos e \u201cinfantilizar\u201d las explicaciones. Las voces cr\u00edticas deben aparecer como enemigas del pueblo, incluso como criminales y presentar los problemas y retos sociales como si fueran de f\u00e1cil e inmediata comprensi\u00f3n. Las redes sociales resultan un aliado fabuloso: en ellas cristaliza con facilidad ese \u201cnosotros contra ellos\u201d tan \u00fatil para mantener la cohesi\u00f3n y el sentido de pertenencia, y son un veh\u00edculo excelente para reproducir las paparruchas m\u00e1s delirantes. Si adem\u00e1s se utiliza un lenguaje vulgar, degradado, mejor; eso servir\u00e1 para ofrecerle un sello de autenticidad e incluso de sinceridad.<\/p>\n\n\n\n<p class=\"wp-block-paragraph\">3. En el espacio de la posverdad hay que despojarse de pudor, de verg\u00fcenza. Inventa. La ciencia es un relato m\u00e1s, con el mismo valor que otros. El conocimiento es elitista e innecesario. \u201cTodo es igual, nada es mejor\/ lo mismo un burro que un gran profesor\u201d, dice el tango. Se puede reescribir la historia, lanzar iniciativas sin fundamento, apelar a otros datos, desechar certezas probadas (valga el pleonasmo) con ocurrencias. Repite slogans pegajosos, deja en un ba\u00fal la \u00e9tica. Multiplica la agresividad hacia los que se encuentran fuera del redil.<\/p>\n\n\n\n<p class=\"wp-block-paragraph\">4. \u201cDesmantela los mecanismos judiciales y pol\u00edticos\u201d. Dado que la democracia no \u201ces m\u00e1s que un escaparate del sistema neoliberal\u201d acabar con ella es parte fundamental del proyecto transformador. Partidos, pol\u00edticos, gobiernos, parlamentos, jueces y magistrados, todos est\u00e1n podridos y puede prescindirse de ellos. De la misma manera, la ley y sus l\u00edmites pueden ser desechados porque el l\u00edder y su pueblo no los requieren. Es un proceso. No sucede la transformaci\u00f3n de la noche a la ma\u00f1ana, pero paulatinamente se van destruyendo las normas, instituciones y rutinas que hacen posible la democracia. A cambio, dice Temelkuran, \u201cErdogan explotaba las ya terribles condiciones de vida\u2026 (y) transformaba gradualmente los derechos sociales b\u00e1sicos en una cuesti\u00f3n de caridad pol\u00edtica del partido\u201d.<\/p>\n\n\n\n<p class=\"wp-block-paragraph\">Por falta de espacio, el lector, si as\u00ed lo quiere, tendr\u00e1 que asomarse al libro. Pero el desenlace es conocido: concentraci\u00f3n del poder, autoritarismo, antipluralismo y sumisi\u00f3n.<\/p>\n","protected":false},"excerpt":{"rendered":"<p>Jos\u00e9 Woldenberg ___________________________ En 2019 apareci\u00f3 el libro de Ece Temelkuran C\u00f3mo perder un pa\u00eds. Los siete pasos de la democracia a la dictadura (Anagrama). Centrado en la experiencia turca, nutr\u00eda su libro de historias similares (Trump era un invitado imprescindible), y era un llamado de alarma de lo que estaba sucediendo en diferentes partes [&hellip;]<\/p>\n","protected":false},"author":6,"featured_media":43694,"comment_status":"open","ping_status":"open","sticky":false,"template":"","format":"standard","meta":{"_acf_changed":false,"_monsterinsights_skip_tracking":false,"slim_seo":{"title":"Un espejo - Opini\u00f3n P\u00fablica","description":"Jos\u00e9 Woldenberg ___________________________ En 2019 apareci\u00f3 el libro de Ece Temelkuran C\u00f3mo perder un pa\u00eds. Los siete pasos de la democracia a la dictadura (An"},"footnotes":""},"categories":[26],"tags":[782],"class_list":["post-47317","post","type-post","status-publish","format-standard","has-post-thumbnail","hentry","category-de-chile-dulce-y-manteca-columna-invitada","tag-jose-woldenberg"],"acf":[],"_links":{"self":[{"href":"https:\/\/www.opinionpublica.tv\/portada\/wp-json\/wp\/v2\/posts\/47317","targetHints":{"allow":["GET"]}}],"collection":[{"href":"https:\/\/www.opinionpublica.tv\/portada\/wp-json\/wp\/v2\/posts"}],"about":[{"href":"https:\/\/www.opinionpublica.tv\/portada\/wp-json\/wp\/v2\/types\/post"}],"author":[{"embeddable":true,"href":"https:\/\/www.opinionpublica.tv\/portada\/wp-json\/wp\/v2\/users\/6"}],"replies":[{"embeddable":true,"href":"https:\/\/www.opinionpublica.tv\/portada\/wp-json\/wp\/v2\/comments?post=47317"}],"version-history":[{"count":2,"href":"https:\/\/www.opinionpublica.tv\/portada\/wp-json\/wp\/v2\/posts\/47317\/revisions"}],"predecessor-version":[{"id":47320,"href":"https:\/\/www.opinionpublica.tv\/portada\/wp-json\/wp\/v2\/posts\/47317\/revisions\/47320"}],"wp:featuredmedia":[{"embeddable":true,"href":"https:\/\/www.opinionpublica.tv\/portada\/wp-json\/wp\/v2\/media\/43694"}],"wp:attachment":[{"href":"https:\/\/www.opinionpublica.tv\/portada\/wp-json\/wp\/v2\/media?parent=47317"}],"wp:term":[{"taxonomy":"category","embeddable":true,"href":"https:\/\/www.opinionpublica.tv\/portada\/wp-json\/wp\/v2\/categories?post=47317"},{"taxonomy":"post_tag","embeddable":true,"href":"https:\/\/www.opinionpublica.tv\/portada\/wp-json\/wp\/v2\/tags?post=47317"}],"curies":[{"name":"wp","href":"https:\/\/api.w.org\/{rel}","templated":true}]}}