{"id":47298,"date":"2024-11-17T00:01:00","date_gmt":"2024-11-17T07:01:00","guid":{"rendered":"https:\/\/www.opinionpublica.tv\/portada\/?p=47298"},"modified":"2024-11-16T19:40:08","modified_gmt":"2024-11-17T02:40:08","slug":"buen-fin-2024-fan-de-apple-6-productos-que-debes-tener-en-la-mira","status":"publish","type":"post","link":"https:\/\/www.opinionpublica.tv\/portada\/buen-fin-2024-fan-de-apple-6-productos-que-debes-tener-en-la-mira\/","title":{"rendered":"Buen Fin 2024: \u00bfFan de Apple? 6 productos que debes tener en la mira"},"content":{"rendered":"\n<figure class=\"wp-block-image size-full\"><img fetchpriority=\"high\" decoding=\"async\" width=\"1005\" height=\"620\" src=\"https:\/\/www.opinionpublica.tv\/portada\/wp-content\/uploads\/2024\/11\/Buen-Fin-2024-\u00bfFan-de-Apple-6-productos-que-debes-tener-en-la-mira.avif\" alt=\"Buen Fin 2024 \u00bffan De Apple? 6 Productos Que Debes Tener En La Mira\" class=\"wp-image-47300\"\/><\/figure>\n\n\n\n<p class=\"wp-block-paragraph\">Apple se ha consolidado como una marca que genera identidad en sus usuarios. Por ello, muchos aprovechan momentos como el Buen Fin para comprar aquellos productos que completan su colecci\u00f3n o para renovarlos por los m\u00e1s nuevos presentados por la compa\u00f1\u00eda.<\/p>\n\n\n\n<p class=\"wp-block-paragraph\">Por ello, a continuaci\u00f3n te presentamos una lista de productos de Apple que puedes adquirir durante el Buen Fin 2024.<\/p>\n\n\n\n<p class=\"wp-block-paragraph\"><strong>iPhone 16 Pro<\/strong><\/p>\n\n\n\n<p class=\"wp-block-paragraph\">El iPhone 16 Pro es una versi\u00f3n avanzada del iPhone 16 gracias a su chip A18 Pro y a sus tres c\u00e1maras mejoradas con un teleobjetivo de 5x y la capacidad de capturar videos en 4K a 120 cuadros por segundo. No es descabellado considerarlo como una herramienta profesional tanto para fot\u00f3grafos como para cineastas.<\/p>\n\n\n\n<p class=\"wp-block-paragraph\">Con pantalla de 6.3 pulgadas (6.9 pulgadas para el 16 Pro Max) y disponible en cuatro colores, est\u00e1 construido con titanio y un vidrio mate texturizado en la parte posterior&#8230; Por ello, es resistente y ligero. Est\u00e1 dise\u00f1ado para Apple Intelligence, el sistema de inteligencia artificial de la marca que, por ahora, solo est\u00e1 en ingl\u00e9s.<\/p>\n\n\n\n<p class=\"wp-block-paragraph\">\u00bfD\u00f3nde? Tienda virtual de la marca<\/p>\n\n\n\n<p class=\"wp-block-paragraph\">Precio: a partir de 26,000 pesos<\/p>\n\n\n\n<p class=\"wp-block-paragraph\"><strong>iMac 2024<\/strong><\/p>\n\n\n\n<p class=\"wp-block-paragraph\">Gracias al chip M4, la nueva iMac es m\u00e1s r\u00e1pida para tareas cotidianas y m\u00e1s eficiente en flujos de trabajo exigentes como la edici\u00f3n de fotos y juegos, en comparaci\u00f3n con la versi\u00f3n anterior con chip M1.<\/p>\n\n\n\n<p class=\"wp-block-paragraph\">Con el Neural Engine del chip, est\u00e1 lista para usar la inteligencia artificial generativa de casa, Apple Intelligence. Se compone de una pantalla Retina con resoluci\u00f3n 4.5K de 24 pulgadas, c\u00e1mara de 12 MP, cuatro puertos Thunderbolt 4 y accesorios del mismo color con puerto USB-C. Adem\u00e1s, ofrece conectividad Wi-Fi 6E y Bluetooth 5.3, as\u00ed como la opci\u00f3n de integrar hasta dos monitores externos 6K.<\/p>\n\n\n\n<p class=\"wp-block-paragraph\">\u00bfD\u00f3nde? Tienda virtual de la marca<\/p>\n\n\n\n<p class=\"wp-block-paragraph\">Precios: desde 32 mil pesos<\/p>\n\n\n\n<p class=\"wp-block-paragraph\"><strong>Mac Mini 2024<\/strong><\/p>\n\n\n\n<p class=\"wp-block-paragraph\">Esta computadora tambi\u00e9n es otra de las grandes sorpresas. Incluye los M4 y M4 Pro que ofrecen un rendimiento de CPU casi dos veces m\u00e1s r\u00e1pido y procesamiento gr\u00e1fico dos veces m\u00e1s veloz que el modelo anterior con M1.<\/p>\n\n\n\n<p class=\"wp-block-paragraph\">Tiene un tama\u00f1o de 5 x 5 pulgadas, por lo que ocupa menos espacio en el escritorio, incorpora veloces puertos Thunderbolt 5 para mejorar la conectividad y la transferencia de datos, acepta hasta 3 monitores a la vez y viene lista para Apple Intelligence. La configuraci\u00f3n m\u00ednima viene con M4 (16 GB de memoria unificada) y SSD de 256 GB, adem\u00e1s de macOS Sequoia.<\/p>\n\n\n\n<p class=\"wp-block-paragraph\">\u00bfD\u00f3nde? Tienda virtual de la marca<\/p>\n\n\n\n<p class=\"wp-block-paragraph\">Precios: desde 15 mil pesos<\/p>\n\n\n\n<p class=\"wp-block-paragraph\"><strong>iPad Mini<\/strong><\/p>\n\n\n\n<p class=\"wp-block-paragraph\">Tambi\u00e9n pensada para Apple Intelligence, est\u00e1 hecha con una carcasa de aluminio 100% reciclado, pantalla Liquid Retina de 8.3 pulgadas, brillo de 500 nits, chip A17 Pro para disfrutar lo mismo juegos AAA que resolver distintas tareas.<\/p>\n\n\n\n<p class=\"wp-block-paragraph\">Por si fuera poco, acepta el Apple Pencil Pro, por lo que dibujar y pintar es un proceso sencillo e intuitivo. La c\u00e1mara ultra gran angular con la funci\u00f3n Encuadre Centrado es ideal para tener videollamadas de calidad de todo tipo.<\/p>\n\n\n\n<p class=\"wp-block-paragraph\">\u00bfD\u00f3nde? Tienda virtual de la marca<\/p>\n\n\n\n<p class=\"wp-block-paragraph\">Precios: desde 12 mil pesos<\/p>\n\n\n\n<p class=\"wp-block-paragraph\"><strong>AirPods 4<\/strong><\/p>\n\n\n\n<p class=\"wp-block-paragraph\">Mantienen su ic\u00f3nico dise\u00f1o de o\u00eddo abierto, pero mejoran tanto la calidad del sonido como la comodidad. Solo uno de sus dos modelos tiene tecnolog\u00edas de cancelaci\u00f3n activa de ruido y audio adaptativo.<\/p>\n\n\n\n<p class=\"wp-block-paragraph\">Los aud\u00edfonos incluyen un estuche de carga con conexi\u00f3n USB-C (su autonom\u00eda es de hasta 30 horas). La versi\u00f3n m\u00e1s avanzada es compatible con carga inal\u00e1mbrica (se puede emplear el cargador del Apple Watch).<\/p>\n\n\n\n<p class=\"wp-block-paragraph\">\u00bfD\u00f3nde? Tienda virtual de la marca<\/p>\n\n\n\n<p class=\"wp-block-paragraph\">Precios: 3,000 y 4,300 pesos<\/p>\n\n\n\n<p class=\"wp-block-paragraph\"><strong>Apple Watch Ultra 2<\/strong><\/p>\n\n\n\n<p class=\"wp-block-paragraph\">Esta versi\u00f3n del reloj de Apple est\u00e1 dise\u00f1ada para los amantes del deporte extremo, adem\u00e1s de que presenta mejoras en la duraci\u00f3n de la bater\u00eda y la integraci\u00f3n de mapas sin conexi\u00f3n.<\/p>\n\n\n\n<p class=\"wp-block-paragraph\">Su caja de titanio ofrece resistencia al agua (100 metros) e incluye conexi\u00f3n celular y GPS de precisi\u00f3n y doble frecuencia. Integra una pantalla Retina OLED LTPO2 siempre activa, la app ECG, monitoreo de sue\u00f1o, sensor de temperatura y una autonom\u00eda de hasta 72 horas en modo de ahorro de energ\u00eda.<\/p>\n\n\n\n<p class=\"wp-block-paragraph\">\u00bfD\u00f3nde? Tienda virtual de la marca<\/p>\n\n\n\n<p class=\"wp-block-paragraph\">Precio: a partir de 20 mil pesos<\/p>\n\n\n\n<p class=\"wp-block-paragraph\"><em>Fuente: El Universal<\/em>.<\/p>\n","protected":false},"excerpt":{"rendered":"<p>Apple se ha consolidado como una marca que genera identidad en sus usuarios. Por ello, muchos aprovechan momentos como el Buen Fin para comprar aquellos productos que completan su colecci\u00f3n o para renovarlos por los m\u00e1s nuevos presentados por la compa\u00f1\u00eda. Por ello, a continuaci\u00f3n te presentamos una lista de productos de Apple que puedes [&hellip;]<\/p>\n","protected":false},"author":6,"featured_media":47300,"comment_status":"open","ping_status":"open","sticky":false,"template":"","format":"standard","meta":{"_acf_changed":false,"_monsterinsights_skip_tracking":false,"slim_seo":{"title":"Buen Fin 2024: \u00bfFan de Apple? 6 productos que debes tener en la mira - Opini\u00f3n P\u00fablica","description":"Apple se ha consolidado como una marca que genera identidad en sus usuarios. Por ello, muchos aprovechan momentos como el Buen Fin para comprar aquellos product"},"footnotes":""},"categories":[22],"tags":[],"class_list":["post-47298","post","type-post","status-publish","format-standard","has-post-thumbnail","hentry","category-ciencia-y-tecnologia"],"acf":[],"_links":{"self":[{"href":"https:\/\/www.opinionpublica.tv\/portada\/wp-json\/wp\/v2\/posts\/47298","targetHints":{"allow":["GET"]}}],"collection":[{"href":"https:\/\/www.opinionpublica.tv\/portada\/wp-json\/wp\/v2\/posts"}],"about":[{"href":"https:\/\/www.opinionpublica.tv\/portada\/wp-json\/wp\/v2\/types\/post"}],"author":[{"embeddable":true,"href":"https:\/\/www.opinionpublica.tv\/portada\/wp-json\/wp\/v2\/users\/6"}],"replies":[{"embeddable":true,"href":"https:\/\/www.opinionpublica.tv\/portada\/wp-json\/wp\/v2\/comments?post=47298"}],"version-history":[{"count":2,"href":"https:\/\/www.opinionpublica.tv\/portada\/wp-json\/wp\/v2\/posts\/47298\/revisions"}],"predecessor-version":[{"id":47302,"href":"https:\/\/www.opinionpublica.tv\/portada\/wp-json\/wp\/v2\/posts\/47298\/revisions\/47302"}],"wp:featuredmedia":[{"embeddable":true,"href":"https:\/\/www.opinionpublica.tv\/portada\/wp-json\/wp\/v2\/media\/47300"}],"wp:attachment":[{"href":"https:\/\/www.opinionpublica.tv\/portada\/wp-json\/wp\/v2\/media?parent=47298"}],"wp:term":[{"taxonomy":"category","embeddable":true,"href":"https:\/\/www.opinionpublica.tv\/portada\/wp-json\/wp\/v2\/categories?post=47298"},{"taxonomy":"post_tag","embeddable":true,"href":"https:\/\/www.opinionpublica.tv\/portada\/wp-json\/wp\/v2\/tags?post=47298"}],"curies":[{"name":"wp","href":"https:\/\/api.w.org\/{rel}","templated":true}]}}