{"id":47286,"date":"2024-11-16T18:01:50","date_gmt":"2024-11-17T01:01:50","guid":{"rendered":"https:\/\/www.opinionpublica.tv\/portada\/?p=47286"},"modified":"2024-11-16T18:02:44","modified_gmt":"2024-11-17T01:02:44","slug":"destacan-importancia-del-presupuesto-participativo-en-entrega-de-obras-a-oratorio","status":"publish","type":"post","link":"https:\/\/www.opinionpublica.tv\/portada\/destacan-importancia-del-presupuesto-participativo-en-entrega-de-obras-a-oratorio\/","title":{"rendered":"Destacan importancia del Presupuesto Participativo en entrega de obras a oratorio"},"content":{"rendered":"\n<figure class=\"wp-block-image size-large\"><img fetchpriority=\"high\" decoding=\"async\" width=\"1024\" height=\"682\" src=\"https:\/\/www.opinionpublica.tv\/portada\/wp-content\/uploads\/2024\/11\/Destacan-importancia-del-Presupuesto-Participativo-en-entrega-de-obras-a-oratorio-1024x682.jpeg\" alt=\"Destacan Importancia Del Presupuesto Participativo En Entrega De Obras A Oratorio\" class=\"wp-image-47289\" srcset=\"https:\/\/www.opinionpublica.tv\/portada\/wp-content\/uploads\/2024\/11\/Destacan-importancia-del-Presupuesto-Participativo-en-entrega-de-obras-a-oratorio-1024x682.jpeg 1024w, https:\/\/www.opinionpublica.tv\/portada\/wp-content\/uploads\/2024\/11\/Destacan-importancia-del-Presupuesto-Participativo-en-entrega-de-obras-a-oratorio-300x200.jpeg 300w, https:\/\/www.opinionpublica.tv\/portada\/wp-content\/uploads\/2024\/11\/Destacan-importancia-del-Presupuesto-Participativo-en-entrega-de-obras-a-oratorio-768x512.jpeg 768w, https:\/\/www.opinionpublica.tv\/portada\/wp-content\/uploads\/2024\/11\/Destacan-importancia-del-Presupuesto-Participativo-en-entrega-de-obras-a-oratorio-1536x1023.jpeg 1536w, https:\/\/www.opinionpublica.tv\/portada\/wp-content\/uploads\/2024\/11\/Destacan-importancia-del-Presupuesto-Participativo-en-entrega-de-obras-a-oratorio.jpeg 1600w\" sizes=\"(max-width: 1024px) 100vw, 1024px\" \/><\/figure>\n\n\n\n<p class=\"wp-block-paragraph\"><em>Ciudad Ju\u00e1rez, Chih<\/em>.- Durante la entrega de obras al Oratorio Salesiano Lupita, encabezada por el presidente municipal, Cruz P\u00e9rez Cu\u00e9llar, se destac\u00f3 la importancia de que la comunidad participe en el programa del Presupuesto Participativo.<\/p>\n\n\n\n<p class=\"wp-block-paragraph\">En este lugar, los trabajos incluyeron la construcci\u00f3n de tres salones de usos m\u00faltiples, as\u00ed como su acondicionamiento integral.<\/p>\n\n\n\n<p class=\"wp-block-paragraph\">Durante su mensaje, el alcalde P\u00e9rez Cu\u00e9llar destac\u00f3 que estas obras son el resultado del trabajo en equipo entre gobierno y sociedad, un esfuerzo que refleja el compromiso de los juarenses.<\/p>\n\n\n\n<p class=\"wp-block-paragraph\">\u00abCada vez m\u00e1s ciudadanos se suman a este proyecto, entendiendo que las obras s\u00ed se llevan a cabo y benefician a la comunidad\u00bb, se\u00f1al\u00f3.<\/p>\n\n\n\n<p class=\"wp-block-paragraph\">Sebasti\u00e1n Aguilera Brenes, coordinador de Participaci\u00f3n Ciudadana, detall\u00f3 que las obras incluyeron la construcci\u00f3n de tres nuevos salones, impermeabilizaci\u00f3n, instalaci\u00f3n de canceler\u00eda, acabados, instalaciones el\u00e9ctricas y sistemas de climatizaci\u00f3n. La inversi\u00f3n total fue de 4 millones 370,000 pesos.<\/p>\n\n\n\n<p class=\"wp-block-paragraph\">El funcionario agradeci\u00f3 a todos los ciudadanos que votaron para que este proyecto se hiciera realidad.<\/p>\n\n\n\n<p class=\"wp-block-paragraph\">Por su parte, el sacerdote Agust\u00edn Novoa, director del oratorio, enfatiz\u00f3 la importancia de la corresponsabilidad en estos proyectos.<\/p>\n\n\n\n<p class=\"wp-block-paragraph\">\u00abLa participaci\u00f3n ciudadana implica que no solo el gobierno, sino toda la sociedad, sea parte activa en la realizaci\u00f3n de estas obras\u00bb, afirm\u00f3. Con esta entrega, se fortalece el impacto del Presupuesto Participativo como una herramienta de colaboraci\u00f3n que permite mejorar la infraestructura y calidad de vida en las comunidades de Ciudad Ju\u00e1rez.<\/p>\n","protected":false},"excerpt":{"rendered":"<p>Ciudad Ju\u00e1rez, Chih.- Durante la entrega de obras al Oratorio Salesiano Lupita, encabezada por el presidente municipal, Cruz P\u00e9rez Cu\u00e9llar, se destac\u00f3 la importancia de que la comunidad participe en el programa del Presupuesto Participativo. En este lugar, los trabajos incluyeron la construcci\u00f3n de tres salones de usos m\u00faltiples, as\u00ed como su acondicionamiento integral. Durante [&hellip;]<\/p>\n","protected":false},"author":6,"featured_media":47289,"comment_status":"open","ping_status":"open","sticky":false,"template":"","format":"standard","meta":{"_acf_changed":false,"_monsterinsights_skip_tracking":false,"slim_seo":{"title":"Destacan importancia del Presupuesto Participativo en entrega de obras a oratorio - Opini\u00f3n P\u00fablica","description":"Ciudad Ju\u00e1rez, Chih .- Durante la entrega de obras al Oratorio Salesiano Lupita, encabezada por el presidente municipal, Cruz P\u00e9rez Cu\u00e9llar, se destac\u00f3 la impor"},"footnotes":""},"categories":[41],"tags":[],"class_list":["post-47286","post","type-post","status-publish","format-standard","has-post-thumbnail","hentry","category-juarez"],"acf":[],"_links":{"self":[{"href":"https:\/\/www.opinionpublica.tv\/portada\/wp-json\/wp\/v2\/posts\/47286","targetHints":{"allow":["GET"]}}],"collection":[{"href":"https:\/\/www.opinionpublica.tv\/portada\/wp-json\/wp\/v2\/posts"}],"about":[{"href":"https:\/\/www.opinionpublica.tv\/portada\/wp-json\/wp\/v2\/types\/post"}],"author":[{"embeddable":true,"href":"https:\/\/www.opinionpublica.tv\/portada\/wp-json\/wp\/v2\/users\/6"}],"replies":[{"embeddable":true,"href":"https:\/\/www.opinionpublica.tv\/portada\/wp-json\/wp\/v2\/comments?post=47286"}],"version-history":[{"count":2,"href":"https:\/\/www.opinionpublica.tv\/portada\/wp-json\/wp\/v2\/posts\/47286\/revisions"}],"predecessor-version":[{"id":47290,"href":"https:\/\/www.opinionpublica.tv\/portada\/wp-json\/wp\/v2\/posts\/47286\/revisions\/47290"}],"wp:featuredmedia":[{"embeddable":true,"href":"https:\/\/www.opinionpublica.tv\/portada\/wp-json\/wp\/v2\/media\/47289"}],"wp:attachment":[{"href":"https:\/\/www.opinionpublica.tv\/portada\/wp-json\/wp\/v2\/media?parent=47286"}],"wp:term":[{"taxonomy":"category","embeddable":true,"href":"https:\/\/www.opinionpublica.tv\/portada\/wp-json\/wp\/v2\/categories?post=47286"},{"taxonomy":"post_tag","embeddable":true,"href":"https:\/\/www.opinionpublica.tv\/portada\/wp-json\/wp\/v2\/tags?post=47286"}],"curies":[{"name":"wp","href":"https:\/\/api.w.org\/{rel}","templated":true}]}}