{"id":47265,"date":"2024-11-18T00:01:00","date_gmt":"2024-11-18T07:01:00","guid":{"rendered":"https:\/\/www.opinionpublica.tv\/portada\/?p=47265"},"modified":"2024-11-16T17:34:37","modified_gmt":"2024-11-17T00:34:37","slug":"efemerides-18-de-noviembre-7","status":"publish","type":"post","link":"https:\/\/www.opinionpublica.tv\/portada\/efemerides-18-de-noviembre-7\/","title":{"rendered":"Efem\u00e9rides 18 de noviembre"},"content":{"rendered":"\n<p class=\"wp-block-paragraph\"><em>Un d\u00eda 18 de noviembre como hoy, pero de 1928, Walt Disney estrena \u00abSteamboat Willie\u00bb, primera pel\u00edcula sonora de dibujos animados, con Mickey Mouse de protagonista.<\/em><\/p>\n\n\n\n<figure class=\"wp-block-image size-large\"><img fetchpriority=\"high\" decoding=\"async\" width=\"1024\" height=\"683\" src=\"https:\/\/www.opinionpublica.tv\/portada\/wp-content\/uploads\/2024\/11\/Walt-Disney-estrena-22Steamboat-Willie22-primera-pelicula-sonora-de-dibujos-animados-1024x683.webp\" alt=\"Walt Disney Estrena %22steamboat Willie%22, Primera Peli\u0301cula Sonora De Dibujos Animados\" class=\"wp-image-47266\" srcset=\"https:\/\/www.opinionpublica.tv\/portada\/wp-content\/uploads\/2024\/11\/Walt-Disney-estrena-22Steamboat-Willie22-primera-pelicula-sonora-de-dibujos-animados-1024x683.webp 1024w, https:\/\/www.opinionpublica.tv\/portada\/wp-content\/uploads\/2024\/11\/Walt-Disney-estrena-22Steamboat-Willie22-primera-pelicula-sonora-de-dibujos-animados-300x200.webp 300w, https:\/\/www.opinionpublica.tv\/portada\/wp-content\/uploads\/2024\/11\/Walt-Disney-estrena-22Steamboat-Willie22-primera-pelicula-sonora-de-dibujos-animados-768x512.webp 768w, https:\/\/www.opinionpublica.tv\/portada\/wp-content\/uploads\/2024\/11\/Walt-Disney-estrena-22Steamboat-Willie22-primera-pelicula-sonora-de-dibujos-animados-1536x1024.webp 1536w, https:\/\/www.opinionpublica.tv\/portada\/wp-content\/uploads\/2024\/11\/Walt-Disney-estrena-22Steamboat-Willie22-primera-pelicula-sonora-de-dibujos-animados.webp 1600w\" sizes=\"(max-width: 1024px) 100vw, 1024px\" \/><\/figure>\n\n\n\n<p class=\"wp-block-paragraph\"><strong>Otras efem\u00e9rides<\/strong><\/p>\n\n\n\n<p class=\"wp-block-paragraph\">1823.- El Congreso peruano nombra al general Jos\u00e9 Bernardo de Tagle como primer presidente constitucional de la Rep\u00fablica del Per\u00fa.<\/p>\n\n\n\n<p class=\"wp-block-paragraph\">1824.- Se crea el Distrito Federal de M\u00e9xico como capital de la Rep\u00fablica, con sede en la Ciudad de M\u00e9xico.<\/p>\n\n\n\n<p class=\"wp-block-paragraph\">1841.- Los bolivianos, invadidos por fuerzas peruanas, vencen a \u00e9stas en la batalla de Ingav\u00ed, en la que muere el presidente de Per\u00fa, Agust\u00edn Gamarra.<\/p>\n\n\n\n<p class=\"wp-block-paragraph\">1903.- Tratado de Hay-Bunau-Varilla, por el que EE.UU. obtiene de Panam\u00e1 el control en uso exclusivo de la zona del Canal.<\/p>\n\n\n\n<p class=\"wp-block-paragraph\">1918.- El Consejo del Pueblo de Letonia proclama la independencia.<\/p>\n\n\n\n<p class=\"wp-block-paragraph\">1959.- Estreno en Nueva York de la pel\u00edcula Ben-Hur dirigida por William Wyler.<\/p>\n\n\n\n<p class=\"wp-block-paragraph\">1960.- El Tribunal Internacional de La Haya resuelve a favor de Honduras el viejo conflicto fronterizo con Nicaragua.<\/p>\n\n\n\n<p class=\"wp-block-paragraph\">1978.- Tragedia de Jonestown: suicidio de m\u00e1s de 900 seguidores estadounidenses de la secta Templo del Pueblo en Guyana.<\/p>\n\n\n\n<p class=\"wp-block-paragraph\">1987.- El informe del Congreso estadounidense sobre el \u00abIrangate\u00bb responsabiliza al presidente Ronald Reagan pero descarta la base legal para procesarle.<\/p>\n\n\n\n<p class=\"wp-block-paragraph\">1991.- La banda irlandesa U2 publica su \u00e1lbum \u00abAchtung Baby\u00bb, con el que se reinventa y marca el comienzo de una d\u00e9cada m\u00e1s creativa y experimental.<\/p>\n\n\n\n<p class=\"wp-block-paragraph\">1994.- El Parlamento de Finlandia ratifica la adhesi\u00f3n del pa\u00eds a la Uni\u00f3n Europea.<\/p>\n\n\n\n<p class=\"wp-block-paragraph\">1995.- El Vaticano considera irrevocable la negativa al acceso de la mujer a la ordenaci\u00f3n sacerdotal, seg\u00fan una declaraci\u00f3n aprobada por Juan Pablo II.<\/p>\n\n\n\n<p class=\"wp-block-paragraph\">1996.- La argentina Gabriela Sabatini se despide definitivamente del tenis profesional en el Madison Square Garden de Nueva York. El 24 de octubre anterior hab\u00eda anunciado oficialmente su retirada.<\/p>\n\n\n\n<p class=\"wp-block-paragraph\">2002.- La Uni\u00f3n Europea y Chile firman un acuerdo de Asociaci\u00f3n pol\u00edtica, econ\u00f3mica y de cooperaci\u00f3n.<\/p>\n\n\n\n<p class=\"wp-block-paragraph\">2004.- Asesinado en Venezuela el fiscal Danilo Anderson, encargado de los procesos contra quienes respaldaron el golpe de Estado de 2002.<\/p>\n\n\n\n<p class=\"wp-block-paragraph\">2004.- Entra en vigor en Chile la Ley del Matrimonio Civil que legaliza el divorcio.<\/p>\n\n\n\n<p class=\"wp-block-paragraph\">2004.- El Consejo de la Uni\u00f3n Europea respeta las denominaciones de valenciano y catal\u00e1n como expresiones de un mismo idioma.<\/p>\n\n\n\n<p class=\"wp-block-paragraph\">2004.- Rusia ratifica el Protocolo de Kioto.<\/p>\n\n\n\n<p class=\"wp-block-paragraph\">2005.- El exviceministro de Defensa de El Salvador Nicol\u00e1s Carranza declarado culpable por un tribunal de EE.UU. de torturas, asesinatos y otros delitos de lesa humanidad cometidos durante la guerra civil (1980-1992).<\/p>\n\n\n\n<p class=\"wp-block-paragraph\">2008.- Piratas somal\u00edes secuestran un carguero chino, el Delilght, con 36.000 toneladas de trigo en aguas del golfo de Ad\u00e9n, cerca de la costa de Yemen.<\/p>\n\n\n\n<p class=\"wp-block-paragraph\">2009.- El poeta, traductor y ensayista mexicano Jos\u00e9 Emilio Pacheco es galardonado con el Premio Reina Sof\u00eda de Poes\u00eda Iberoamericana, que otorga el gobierno de Espa\u00f1a.<\/p>\n\n\n\n<p class=\"wp-block-paragraph\">2012.- La empresa japonesa Nintendo lanza la consola Wii U.<\/p>\n\n\n\n<p class=\"wp-block-paragraph\">2013.- Palestina participa por primera vez en su historia en una votaci\u00f3n en la Asamblea General de Naciones Unidas.<\/p>\n\n\n\n<p class=\"wp-block-paragraph\">2016.- La agrupaci\u00f3n musical Serenata Guayanesa es declarada por la Unesco Patrimonio Cultural de Venezuela.<\/p>\n\n\n\n<p class=\"wp-block-paragraph\">2018.- El expresidente peruano Alan Garc\u00eda P\u00e9rez solicita asilo en la embajada de Uruguay en Lima.<\/p>\n\n\n\n<p class=\"wp-block-paragraph\">2019.- Estados Unidos deja de considerar ilegales los asentamientos israel\u00edes en Cisjordania.<\/p>\n\n\n\n<p class=\"wp-block-paragraph\">2020.- Un tribunal de Nueva York retira todos los cargos presentados contra el exsecretario de Defensa mexicano Salvador Cienfuegos por tr\u00e1fico de drogas y lavado de activos.<\/p>\n\n\n\n<p class=\"wp-block-paragraph\">2021.- Una jueza de Nueva York anula las condenas emitidas en 1966 contra dos acusados del asesinato del activista por los derechos civiles Malcolm X.<\/p>\n\n\n\n<p class=\"wp-block-paragraph\">2022.- El uruguayo Jorge Drexler, gran vencedor de los Latin Grammy al lograr los gram\u00f3fonos a la mejor canci\u00f3n y grabaci\u00f3n del a\u00f1o por \u00abTocarte\u00bb.<\/p>\n\n\n\n<p class=\"wp-block-paragraph\"><strong>Nacimientos<\/strong><\/p>\n\n\n\n<p class=\"wp-block-paragraph\">1787.- Luis Daguerre, pintor y f\u00edsico franc\u00e9s.<\/p>\n\n\n\n<p class=\"wp-block-paragraph\">1882.- Jacques Maritain, fil\u00f3sofo franc\u00e9s.<\/p>\n\n\n\n<p class=\"wp-block-paragraph\">1901.- George Horace Gallup, estad\u00edstico estadounidense.<\/p>\n\n\n\n<p class=\"wp-block-paragraph\">1907.- Compay Segundo, cantante y compositor cubano.<\/p>\n\n\n\n<p class=\"wp-block-paragraph\">1917.- Pedro Infante, cantante y actor mexicano.<\/p>\n\n\n\n<p class=\"wp-block-paragraph\">1923.- Alan Shepard, astronauta estadounidense.<\/p>\n\n\n\n<p class=\"wp-block-paragraph\">1939.- Margaret Atwood, escritora canadiense.<\/p>\n\n\n\n<p class=\"wp-block-paragraph\">1940.- Qabus bin Said, sult\u00e1n de Om\u00e1n.<\/p>\n\n\n\n<p class=\"wp-block-paragraph\">1943.- Daniel Rabinovich, humorista argentino, integrante de Les Luthiers.<\/p>\n\n\n\n<p class=\"wp-block-paragraph\">1968.- Owen Wilson, actor estadounidense.<\/p>\n\n\n\n<p class=\"wp-block-paragraph\"><strong>Defunciones<\/strong><\/p>\n\n\n\n<p class=\"wp-block-paragraph\">1922.- Marcel Proust, escritor franc\u00e9s.<\/p>\n\n\n\n<p class=\"wp-block-paragraph\">1952.- Paul Elouard, poeta franc\u00e9s.<\/p>\n\n\n\n<p class=\"wp-block-paragraph\">1962 &#8211; Niels Bohr, f\u00edsico dan\u00e9s, Premio Nobel 1922.<\/p>\n\n\n\n<p class=\"wp-block-paragraph\">1976.- Man Ray, artista y fot\u00f3grafo surrealista estadounidense.<\/p>\n\n\n\n<p class=\"wp-block-paragraph\">1982.- Heinar Kippardt, dramaturgo alem\u00e1n.<\/p>\n\n\n\n<p class=\"wp-block-paragraph\">1987.- Jacques Anquetil, ciclista franc\u00e9s.<\/p>\n\n\n\n<p class=\"wp-block-paragraph\">1991.- Gustav Husak, ex presidente y \u00faltimo jefe de Estado de la Checoslovaquia comunista.<\/p>\n\n\n\n<p class=\"wp-block-paragraph\">1998.- Jeanine Moulin, escritora belga.<\/p>\n\n\n\n<p class=\"wp-block-paragraph\">1999.- Paul Bowles, escritor estadounidense.<\/p>\n\n\n\n<p class=\"wp-block-paragraph\">2002.- James Coburn, actor estadounidense.<\/p>\n\n\n\n<p class=\"wp-block-paragraph\">2012.- Emilio Arag\u00f3n, \u00abMiliki\u00bb, payaso espa\u00f1ol.<\/p>\n\n\n\n<p class=\"wp-block-paragraph\">2017.- Malcolm Young, guitarrista escoc\u00e9s.<\/p>\n\n\n\n<p class=\"wp-block-paragraph\">2021.- Mick Rock, fot\u00f3grafo brit\u00e1nico.<\/p>\n","protected":false},"excerpt":{"rendered":"<p>Un d\u00eda 18 de noviembre como hoy, pero de 1928, Walt Disney estrena \u00abSteamboat Willie\u00bb, primera pel\u00edcula sonora de dibujos animados, con Mickey Mouse de protagonista. Otras efem\u00e9rides 1823.- El Congreso peruano nombra al general Jos\u00e9 Bernardo de Tagle como primer presidente constitucional de la Rep\u00fablica del Per\u00fa. 1824.- Se crea el Distrito Federal de [&hellip;]<\/p>\n","protected":false},"author":6,"featured_media":47266,"comment_status":"open","ping_status":"open","sticky":false,"template":"","format":"standard","meta":{"_acf_changed":false,"_monsterinsights_skip_tracking":false,"slim_seo":{"title":"Efem\u00e9rides 18 de noviembre - Opini\u00f3n P\u00fablica","description":"Un d\u00eda 18 de noviembre como hoy, pero de 1928, Walt Disney estrena \"Steamboat Willie\", primera pel\u00edcula sonora de dibujos animados, con Mickey Mouse de protagon"},"footnotes":""},"categories":[27],"tags":[],"class_list":["post-47265","post","type-post","status-publish","format-standard","has-post-thumbnail","hentry","category-un-dia-como-hoy"],"acf":[],"_links":{"self":[{"href":"https:\/\/www.opinionpublica.tv\/portada\/wp-json\/wp\/v2\/posts\/47265","targetHints":{"allow":["GET"]}}],"collection":[{"href":"https:\/\/www.opinionpublica.tv\/portada\/wp-json\/wp\/v2\/posts"}],"about":[{"href":"https:\/\/www.opinionpublica.tv\/portada\/wp-json\/wp\/v2\/types\/post"}],"author":[{"embeddable":true,"href":"https:\/\/www.opinionpublica.tv\/portada\/wp-json\/wp\/v2\/users\/6"}],"replies":[{"embeddable":true,"href":"https:\/\/www.opinionpublica.tv\/portada\/wp-json\/wp\/v2\/comments?post=47265"}],"version-history":[{"count":1,"href":"https:\/\/www.opinionpublica.tv\/portada\/wp-json\/wp\/v2\/posts\/47265\/revisions"}],"predecessor-version":[{"id":47267,"href":"https:\/\/www.opinionpublica.tv\/portada\/wp-json\/wp\/v2\/posts\/47265\/revisions\/47267"}],"wp:featuredmedia":[{"embeddable":true,"href":"https:\/\/www.opinionpublica.tv\/portada\/wp-json\/wp\/v2\/media\/47266"}],"wp:attachment":[{"href":"https:\/\/www.opinionpublica.tv\/portada\/wp-json\/wp\/v2\/media?parent=47265"}],"wp:term":[{"taxonomy":"category","embeddable":true,"href":"https:\/\/www.opinionpublica.tv\/portada\/wp-json\/wp\/v2\/categories?post=47265"},{"taxonomy":"post_tag","embeddable":true,"href":"https:\/\/www.opinionpublica.tv\/portada\/wp-json\/wp\/v2\/tags?post=47265"}],"curies":[{"name":"wp","href":"https:\/\/api.w.org\/{rel}","templated":true}]}}