{"id":47262,"date":"2024-11-17T00:01:00","date_gmt":"2024-11-17T07:01:00","guid":{"rendered":"https:\/\/www.opinionpublica.tv\/portada\/?p=47262"},"modified":"2024-11-16T17:28:33","modified_gmt":"2024-11-17T00:28:33","slug":"efemerides-17-de-noviembre-8","status":"publish","type":"post","link":"https:\/\/www.opinionpublica.tv\/portada\/efemerides-17-de-noviembre-8\/","title":{"rendered":"Efem\u00e9rides 17 de noviembre"},"content":{"rendered":"\n<p class=\"wp-block-paragraph\"><em>Un d\u00eda 17 de noviembre como hoy, pero de 1989, una manifestaci\u00f3n estudiantil pac\u00edfica en Praga se convierte en una protesta multitudinaria contra el r\u00e9gimen comunista. Es el inicio de la Revoluci\u00f3n de Terciopelo, que el 29 de diciembre culmin\u00f3 con la ca\u00edda del r\u00e9gimen comunista en Checoslovaquia.<\/em><\/p>\n\n\n\n<figure class=\"wp-block-image size-large\"><img fetchpriority=\"high\" decoding=\"async\" width=\"1024\" height=\"684\" src=\"https:\/\/www.opinionpublica.tv\/portada\/wp-content\/uploads\/2024\/11\/revolucion-de-terciopelo-1024x684.jpg\" alt=\"Revolucion De Terciopelo\" class=\"wp-image-47263\" srcset=\"https:\/\/www.opinionpublica.tv\/portada\/wp-content\/uploads\/2024\/11\/revolucion-de-terciopelo-1024x684.jpg 1024w, https:\/\/www.opinionpublica.tv\/portada\/wp-content\/uploads\/2024\/11\/revolucion-de-terciopelo-300x200.jpg 300w, https:\/\/www.opinionpublica.tv\/portada\/wp-content\/uploads\/2024\/11\/revolucion-de-terciopelo-768x513.jpg 768w, https:\/\/www.opinionpublica.tv\/portada\/wp-content\/uploads\/2024\/11\/revolucion-de-terciopelo-1536x1026.jpg 1536w, https:\/\/www.opinionpublica.tv\/portada\/wp-content\/uploads\/2024\/11\/revolucion-de-terciopelo.jpg 1760w\" sizes=\"(max-width: 1024px) 100vw, 1024px\" \/><\/figure>\n\n\n\n<p class=\"wp-block-paragraph\"><strong>Otras efem\u00e9rides<\/strong><\/p>\n\n\n\n<p class=\"wp-block-paragraph\">1659.- Francia y Espa\u00f1a firman el Tratado de los Pirineos o Paz de los Pirineos que puso fin a un conflicto iniciado en 1963 durante la guerra de los Treinta A\u00f1os.<\/p>\n\n\n\n<p class=\"wp-block-paragraph\">1869.- Se inaugura oficialmente en Egipto el Canal de Suez, una de las v\u00edas artificiales de navegaci\u00f3n m\u00e1s grandes del mundo que conecta Europa, \u00c1frica y Asia.<\/p>\n\n\n\n<p class=\"wp-block-paragraph\">1889.- Tras el triunfo de la revoluci\u00f3n en Brasil, el Emperador Pedro II y la familia imperial se embarcan con rumbo a Lisboa (Portugal).<\/p>\n\n\n\n<p class=\"wp-block-paragraph\">1905.- El Imperio de Corea y el Imperio de Jap\u00f3n firman el Tratado de Eulsa por el que la pen\u00ednsula de Corea es ocupada y declarada protectorado japon\u00e9s.<\/p>\n\n\n\n<p class=\"wp-block-paragraph\">1929.- En M\u00e9xico, es elegido presidente Pascual Ortiz Rubio, candidato del Partido Nacional Revolucionario.<\/p>\n\n\n\n<p class=\"wp-block-paragraph\">1946.- Tailandia devuelve los territorios de Camboya y Laos, anexionados en 1941, para poder ser admitida en la ONU.<\/p>\n\n\n\n<p class=\"wp-block-paragraph\">1947.- Los f\u00edsicos estadounidenses John Bardeen, Walter Houser Brattain y William Shockley inventan el \u00abtransistor\u00bb, t\u00e9rmino que fue sugerido por el ingeniero estadounidense John R.Pierce. El invento fue registrado d\u00edas despu\u00e9s.<\/p>\n\n\n\n<p class=\"wp-block-paragraph\">1950.- El decimocuarto Dalai Lama, Tenzin Gyatso, es entronizado rey absoluto del T\u00edbet tras la invasi\u00f3n del Ej\u00e9rcito Popular de Liberaci\u00f3n de China en 1949.<\/p>\n\n\n\n<p class=\"wp-block-paragraph\">1970.- La sonda no tripulada sovi\u00e9tica Luna-17 pone el robot Lunojod 1 en la superficie lunar, fue el primer aparato autom\u00e1tico controlado a distancia desde la Tierra.<\/p>\n\n\n\n<p class=\"wp-block-paragraph\">1970.- El inventor estadounidense Douglas Engelbart patenta el rat\u00f3n (mouse) de ordenador PC.<\/p>\n\n\n\n<p class=\"wp-block-paragraph\">1972.- El expresidente de Argentina, Juan Domingo Per\u00f3n, regresa temporalmente a Buenos Aires tras 17 a\u00f1os de exilio en Paraguay, Panam\u00e1, Venezuela, Rep\u00fablica Dominicana y Espa\u00f1a.<\/p>\n\n\n\n<p class=\"wp-block-paragraph\">1973.- Se produce en Atenas (Grecia) la revuelta estudiantil de la Universidad Polit\u00e9cnica que supuso el principio del fin de la dictadura de los coroneles, que cay\u00f3 en 1974 tras siete a\u00f1os en el poder.<\/p>\n\n\n\n<p class=\"wp-block-paragraph\">1975.- El bajista Steve Harris funda la banda brit\u00e1nica de heavy metal \u00abIron Maiden\u00bb, una de las m\u00e1s importantes de su g\u00e9nero.<\/p>\n\n\n\n<p class=\"wp-block-paragraph\">1983.- En M\u00e9xico, en las monta\u00f1as del sureste, un reducido grupo de guerrilleros funda el Ej\u00e9rcito Zapatista de Liberaci\u00f3n Nacional (EZLN).<\/p>\n\n\n\n<p class=\"wp-block-paragraph\">1991.- El Parlamento de Macedonia aprueba su nueva Constituci\u00f3n, con la que se proclama Estado independiente, democr\u00e1tico y social.<\/p>\n\n\n\n<p class=\"wp-block-paragraph\">1997.- Terroristas isl\u00e1micos asesinan a 58 turistas extranjeros y a cuatro egipcios en el Valle de los Reyes (Egipto). La organizaci\u00f3n integrista \u00abYam\u00e1 Islamiya\u00bb se atribuye el atentado.<\/p>\n\n\n\n<p class=\"wp-block-paragraph\">2001.- Se celebran en Kosovo las primeras elecciones legislativas libres desde que la provincia yugoslava fue puesta bajo protectorado de la UNMIK, la misi\u00f3n de la ONU en 1999.<\/p>\n\n\n\n<p class=\"wp-block-paragraph\">2002.- Israel anula el acuerdo de Hebr\u00f3n, suscrito en 1997, por el que compart\u00edan con los palestinos el control de la capital del sur de Cisjordania.<\/p>\n\n\n\n<p class=\"wp-block-paragraph\">2003.- La estadounidense Britney Spears se convierte en la cantante m\u00e1s joven en recibir una estrella en el Paseo de la Fama en Hollywood.<\/p>\n\n\n\n<p class=\"wp-block-paragraph\">2004.- El Parlamento Europeo aprueba una resoluci\u00f3n por la que la Uni\u00f3n Europea no debe cambiar su pol\u00edtica hacia Cuba hasta que el gobierno de Castro no libere a todos los presos pol\u00edticos y respete los derechos humanos.<\/p>\n\n\n\n<p class=\"wp-block-paragraph\">2004.- En Chile, la Corte Suprema rechaza los recursos del general retirado Manuel Contreras y confirma su condena de 12 a\u00f1os de prisi\u00f3n por la desaparici\u00f3n del disidente Miguel \u00c1ngel Sandoval. El fallo pone fin a la ley de amnist\u00eda impuesta por Augusto Pinochet.<\/p>\n\n\n\n<p class=\"wp-block-paragraph\">2006.- En Uruguay, el exdictador Juan Mar\u00eda Bordaberry (1973-1976) y su excanciller Juan Carlos Blancos ingresan en prisi\u00f3n por los asesinatos de dos exlegisladores y dos expresos pol\u00edticos en 1976.<\/p>\n\n\n\n<p class=\"wp-block-paragraph\">2008.- Mikel Garikoiz Aspiazu, \u00abTxeroki\u00bb, considerado el jefe militar de la organizaci\u00f3n terrorista ETA, y Leire L\u00f3pez Zurutuza, supuesta miembro de la banda, son detenidos en Francia.<\/p>\n\n\n\n<p class=\"wp-block-paragraph\">2014.- En Colombia, el presidente Juan Manuel Santos suspende el ciclo de di\u00e1logos con la guerrilla de las FARC tras el secuestro de un general.<\/p>\n\n\n\n<p class=\"wp-block-paragraph\">2016.- En El Salvador, encuentran los primeros restos de la masacre de El Mozote, en 1981, cuando unidades de elite del Batall\u00f3n Atlacatl torturaron y ejecutaron a ni\u00f1os, hombres y mujeres en ese cant\u00f3n y otros aleda\u00f1os.<\/p>\n\n\n\n<p class=\"wp-block-paragraph\">2018.- En Francia, se producen las primeras movilizaciones de los \u00abchalecos amarillos\u00bb, movimiento social de protesta que surge por la subida del precio de los carburantes y la p\u00e9rdida de poder adquisitivo.<\/p>\n\n\n\n<p class=\"wp-block-paragraph\">2018.- La compa\u00f1\u00eda estadounidense Ocean Infinity halla el submarino argentino ARA San Juan, desaparecido en aguas del Atl\u00e1ntico con 44 tripulantes a bordo.<\/p>\n\n\n\n<p class=\"wp-block-paragraph\">2019.- El piloto espa\u00f1ol de motociclismo, Jorge Lorenzo, pentacampe\u00f3n del mundo en 250 cc (2006 y 2007) y en MotoGP (2010, 2012 y 2015), se retira de la competici\u00f3n tras participar en el Gran Premio de la Comunidad Valenciana de MotoGP, en el circuito Ricardo Tormo.<\/p>\n\n\n\n<p class=\"wp-block-paragraph\">2021.- Jap\u00f3n prueba con \u00e9xito el primer tren bala autopilotado.<\/p>\n\n\n\n<p class=\"wp-block-paragraph\">2021.- Los presidentes de Israel, Isaac Herzog, y de China, Xi Jinping, mantienen una conversaci\u00f3n telef\u00f3nica, es la primera llamada en la historia entre presidentes de ambos estados.<\/p>\n\n\n\n<p class=\"wp-block-paragraph\">2021.- Llega a Madrid (Espa\u00f1a) el artista cubano Yunior Garc\u00eda Aguilera, promotor de la marcha del 15N en Cuba para exigir un cambio pol\u00edtico en la isla.<\/p>\n\n\n\n<p class=\"wp-block-paragraph\">2022.- Nace la Fundaci\u00f3n Eurecat Latam, para avanzar en la transferencia tecnol\u00f3gica y el desarrollo de proyectos de innovaci\u00f3n empresarial en Am\u00e9rica Latina, que tendr\u00e1 su sede en Chile.<\/p>\n\n\n\n<p class=\"wp-block-paragraph\">2022.- Jamaica aprueba un Comit\u00e9 de Reforma Constitucional para completar la transici\u00f3n de una monarqu\u00eda constitucional a un Estado republicano.<\/p>\n\n\n\n<p class=\"wp-block-paragraph\"><strong>Nacimientos<\/strong><\/p>\n\n\n\n<p class=\"wp-block-paragraph\">1905.- Astrid de Suecia, reina consorte de B\u00e9lgica.<\/p>\n\n\n\n<p class=\"wp-block-paragraph\">1919.- Luis Mart\u00ednez de Irujo y Art\u00e1zcoz, noble espa\u00f1ol, primer esposo de la duquesa de Alba, Cayetana Fitz-James Stuart.<\/p>\n\n\n\n<p class=\"wp-block-paragraph\">1923.- Pablo Porta Bussoms, abogado espa\u00f1ol y dirigente de la FIFA.<\/p>\n\n\n\n<p class=\"wp-block-paragraph\">1925.- Rock Hudson, actor estadounidense de cine.<\/p>\n\n\n\n<p class=\"wp-block-paragraph\">1936.- Luis Rafael S\u00e1nchez, escritor portorrique\u00f1o.<\/p>\n\n\n\n<p class=\"wp-block-paragraph\">1942.- Martin Scorsese, director estadounidense de cine.<\/p>\n\n\n\n<p class=\"wp-block-paragraph\">1957.- Dany Levy, director de cine suizo.<\/p>\n\n\n\n<p class=\"wp-block-paragraph\">1966.- Sophie Marceau, actriz francesa.<\/p>\n\n\n\n<p class=\"wp-block-paragraph\">1974.- Alberto Romero Tom\u00e1s \u00abBerto Romero\u00bb, actor y humorista espa\u00f1ol.<\/p>\n\n\n\n<p class=\"wp-block-paragraph\"><strong>Defunciones<\/strong><\/p>\n\n\n\n<p class=\"wp-block-paragraph\">1494.- Giovanni Pico della Mir\u00e1ndola, humanista italiano.<\/p>\n\n\n\n<p class=\"wp-block-paragraph\">1945.- Manuel Hugu\u00e9, escultor y pintor espa\u00f1ol.<\/p>\n\n\n\n<p class=\"wp-block-paragraph\">1986.- Jos\u00e9 Mar\u00eda Ruiz Gallard\u00f3n, pol\u00edtico y abogado espa\u00f1ol.<\/p>\n\n\n\n<p class=\"wp-block-paragraph\">1999.- Enrique Urquijo, cantante espa\u00f1ol.<\/p>\n\n\n\n<p class=\"wp-block-paragraph\">2002.- Abba Eban, exministro israel\u00ed de Asuntos Exteriores y uno de los padres de la diplomacia israel\u00ed.<\/p>\n\n\n\n<p class=\"wp-block-paragraph\">2006.- Ferenc Puskas, futbolista h\u00fangaro.<\/p>\n\n\n\n<p class=\"wp-block-paragraph\">2008.- Ennio de Concini, guionista italiano.<\/p>\n\n\n\n<p class=\"wp-block-paragraph\">2010.- Isabelle Caro, modelo francesa.<\/p>\n\n\n\n<p class=\"wp-block-paragraph\">2013.- Doris Lessing, escritora brit\u00e1nica.<\/p>\n\n\n\n<p class=\"wp-block-paragraph\">2017.- Tot\u00f2 Riina, jefe de la mafia siciliana.<\/p>\n\n\n\n<p class=\"wp-block-paragraph\">2018.- Arnaldo Roche Rabell, pintor puertorrique\u00f1o.<\/p>\n\n\n\n<p class=\"wp-block-paragraph\">2021.- Dar\u00edo Xoh\u00e1n Cabana, escritor espa\u00f1ol.<\/p>\n","protected":false},"excerpt":{"rendered":"<p>Un d\u00eda 17 de noviembre como hoy, pero de 1989, una manifestaci\u00f3n estudiantil pac\u00edfica en Praga se convierte en una protesta multitudinaria contra el r\u00e9gimen comunista. Es el inicio de la Revoluci\u00f3n de Terciopelo, que el 29 de diciembre culmin\u00f3 con la ca\u00edda del r\u00e9gimen comunista en Checoslovaquia. Otras efem\u00e9rides 1659.- Francia y Espa\u00f1a firman [&hellip;]<\/p>\n","protected":false},"author":6,"featured_media":47263,"comment_status":"open","ping_status":"open","sticky":false,"template":"","format":"standard","meta":{"_acf_changed":false,"_monsterinsights_skip_tracking":false,"slim_seo":{"title":"Efem\u00e9rides 17 de noviembre - Opini\u00f3n P\u00fablica","description":"Un d\u00eda 17 de noviembre como hoy, pero de 1989, una manifestaci\u00f3n estudiantil pac\u00edfica en Praga se convierte en una protesta multitudinaria contra el r\u00e9gimen com"},"footnotes":""},"categories":[27],"tags":[],"class_list":["post-47262","post","type-post","status-publish","format-standard","has-post-thumbnail","hentry","category-un-dia-como-hoy"],"acf":[],"_links":{"self":[{"href":"https:\/\/www.opinionpublica.tv\/portada\/wp-json\/wp\/v2\/posts\/47262","targetHints":{"allow":["GET"]}}],"collection":[{"href":"https:\/\/www.opinionpublica.tv\/portada\/wp-json\/wp\/v2\/posts"}],"about":[{"href":"https:\/\/www.opinionpublica.tv\/portada\/wp-json\/wp\/v2\/types\/post"}],"author":[{"embeddable":true,"href":"https:\/\/www.opinionpublica.tv\/portada\/wp-json\/wp\/v2\/users\/6"}],"replies":[{"embeddable":true,"href":"https:\/\/www.opinionpublica.tv\/portada\/wp-json\/wp\/v2\/comments?post=47262"}],"version-history":[{"count":1,"href":"https:\/\/www.opinionpublica.tv\/portada\/wp-json\/wp\/v2\/posts\/47262\/revisions"}],"predecessor-version":[{"id":47264,"href":"https:\/\/www.opinionpublica.tv\/portada\/wp-json\/wp\/v2\/posts\/47262\/revisions\/47264"}],"wp:featuredmedia":[{"embeddable":true,"href":"https:\/\/www.opinionpublica.tv\/portada\/wp-json\/wp\/v2\/media\/47263"}],"wp:attachment":[{"href":"https:\/\/www.opinionpublica.tv\/portada\/wp-json\/wp\/v2\/media?parent=47262"}],"wp:term":[{"taxonomy":"category","embeddable":true,"href":"https:\/\/www.opinionpublica.tv\/portada\/wp-json\/wp\/v2\/categories?post=47262"},{"taxonomy":"post_tag","embeddable":true,"href":"https:\/\/www.opinionpublica.tv\/portada\/wp-json\/wp\/v2\/tags?post=47262"}],"curies":[{"name":"wp","href":"https:\/\/api.w.org\/{rel}","templated":true}]}}