{"id":47257,"date":"2024-11-16T17:19:29","date_gmt":"2024-11-17T00:19:29","guid":{"rendered":"https:\/\/www.opinionpublica.tv\/portada\/?p=47257"},"modified":"2024-11-16T17:21:48","modified_gmt":"2024-11-17T00:21:48","slug":"47257-2","status":"publish","type":"post","link":"https:\/\/www.opinionpublica.tv\/portada\/47257-2\/","title":{"rendered":"Efem\u00e9rides 16 de noviembre"},"content":{"rendered":"\n<p class=\"wp-block-paragraph\"><em>Un d\u00eda 16 de noviembre como hoy, pero de 1885, el empresario norteamericano George Eastman, fundador de la empresa Kodak, inventa en Estados Unidos la pel\u00edcula de nitrocelulosa para impresionar im\u00e1genes.<\/em><\/p>\n\n\n\n<figure class=\"wp-block-image size-large\"><img fetchpriority=\"high\" decoding=\"async\" width=\"1024\" height=\"675\" src=\"https:\/\/www.opinionpublica.tv\/portada\/wp-content\/uploads\/2024\/11\/George-Eastman-fundador-de-la-empresa-Kodak-1024x675.jpg\" alt=\"George Eastman, Fundador De La Empresa Kodak\" class=\"wp-image-47258\" srcset=\"https:\/\/www.opinionpublica.tv\/portada\/wp-content\/uploads\/2024\/11\/George-Eastman-fundador-de-la-empresa-Kodak-1024x675.jpg 1024w, https:\/\/www.opinionpublica.tv\/portada\/wp-content\/uploads\/2024\/11\/George-Eastman-fundador-de-la-empresa-Kodak-300x198.jpg 300w, https:\/\/www.opinionpublica.tv\/portada\/wp-content\/uploads\/2024\/11\/George-Eastman-fundador-de-la-empresa-Kodak-768x506.jpg 768w, https:\/\/www.opinionpublica.tv\/portada\/wp-content\/uploads\/2024\/11\/George-Eastman-fundador-de-la-empresa-Kodak.jpg 1068w\" sizes=\"(max-width: 1024px) 100vw, 1024px\" \/><\/figure>\n\n\n\n<p class=\"wp-block-paragraph\"><strong>Otras efem\u00e9rides<\/strong><\/p>\n\n\n\n<p class=\"wp-block-paragraph\">1519.- El conquistador espa\u00f1ol Diego V\u00e1zquez de Cu\u00e9llar funda la ciudad de La Habana, la actual capital de Cuba, que se denomin\u00f3 villa de San Crist\u00f3bal de La Habana.<\/p>\n\n\n\n<p class=\"wp-block-paragraph\">1780.- El caudillo ind\u00edgena T\u00fapac Amaru II proclama por primera vez la abolici\u00f3n de la esclavitud en Am\u00e9rica.<\/p>\n\n\n\n<p class=\"wp-block-paragraph\">1855.- El m\u00e9dico, explorador y misionero brit\u00e1nico David Livingstone descubre las cataratas Victoria en el curso del r\u00edo Zambeze, en Rhodesia.<\/p>\n\n\n\n<p class=\"wp-block-paragraph\">1904.- Estados Unidos se hace con todos los derechos sobre el canal de Panam\u00e1 por 40 millones de d\u00f3lares.<\/p>\n\n\n\n<p class=\"wp-block-paragraph\">1918.- Se proclama la Rep\u00fablica Popular de Hungr\u00eda, tras la declaraci\u00f3n de independencia y disoluci\u00f3n del imperio austroh\u00fangaro.<\/p>\n\n\n\n<p class=\"wp-block-paragraph\">1933.- Estados Unidos y la Uni\u00f3n Sovi\u00e9tica establecen relaciones diplom\u00e1ticas.<\/p>\n\n\n\n<p class=\"wp-block-paragraph\">1945.- Convocados en Londres 44 pa\u00edses por Francia y Reino Unido, se acuerda crear la Organizaci\u00f3n de las Naciones Unidas para la Educaci\u00f3n la Ciencia y la Cultura (UNESCO), que se fund\u00f3 en 1946.<\/p>\n\n\n\n<p class=\"wp-block-paragraph\">1965.- La Uni\u00f3n Sovi\u00e9tica lanza al espacio la sonda Venera-3, la primera nave que toc\u00f3 otro planeta al impactar en marzo de 1966 contra la superficie de Venus.<\/p>\n\n\n\n<p class=\"wp-block-paragraph\">1973.- Despega la tercera y \u00faltima tripulaci\u00f3n del \u00abSkylab\u00bb, la primera estaci\u00f3n espacial de Estados Unidos construida como respuesta a la sovi\u00e9tica Salyut-1, la primera estaci\u00f3n orbital de la historia.<\/p>\n\n\n\n<p class=\"wp-block-paragraph\">1985.- Fallece en Armero (Colombia) la ni\u00f1a Omayra S\u00e1nchez Garz\u00f3n, v\u00edctima de la erupci\u00f3n del volc\u00e1n Nevado del Ruiz. Permaneci\u00f3 tres d\u00edas atrapada entre los restos de su casa.<\/p>\n\n\n\n<p class=\"wp-block-paragraph\">1989.- Los \u00abEscuadrones de la muerte\u00bb asesinan en San Salvador a seis religiosos jesuitas y dos mujeres. Cinco de los jesuitas son espa\u00f1oles, entre ellos el rector de la Universidad Centroamericana (UCA), Ignacio Ellacur\u00eda.<\/p>\n\n\n\n<p class=\"wp-block-paragraph\">2000.- El presidente de Estados Unidos, Bill Clinton, visita Vietnam, 25 a\u00f1os despu\u00e9s de concluir la guerra. Es la primera visita de un presidente estadounidense desde que Richard Nixon viaj\u00f3 a Saig\u00f3n en 1969.<\/p>\n\n\n\n<p class=\"wp-block-paragraph\">2001.- Muere Mohamed Atef, lugarteniente de Osama Bin Laden y cerebro de los atentados del 11-S, tras un bombardeo norteamericano sobre Kabul (Afganist\u00e1n).<\/p>\n\n\n\n<p class=\"wp-block-paragraph\">2004.- El Tribunal Supremo confirma la competencia de la justicia espa\u00f1ola para juzgar al exmilitar argentino Adolfo Scilingo por cr\u00edmenes contra la humanidad durante la dictadura argentina.<\/p>\n\n\n\n<p class=\"wp-block-paragraph\">2005.- El Tribunal Supremo de Chile determina que Augusto Pinochet est\u00e1 en condiciones de ser juzgado y que exager\u00f3 su demencia senil.<\/p>\n\n\n\n<p class=\"wp-block-paragraph\">2007.- La cola del cometa Holmes alcanza un di\u00e1metro de 1,4 millones de kil\u00f3metros, con lo que supera el di\u00e1metro del Sol y se convierte en el objeto m\u00e1s grande del Sistema Solar.<\/p>\n\n\n\n<p class=\"wp-block-paragraph\">2017.- El escritor nicarag\u00fcense Sergio Ram\u00edrez obtiene el Premio Cervantes de las letras espa\u00f1olas.<\/p>\n\n\n\n<p class=\"wp-block-paragraph\">2017.- El cuadro de Leonardo Da Vinci \u00abSalvator Mundi\u00bb es vendido por 450 millones de d\u00f3lares, un r\u00e9cord mundial.<\/p>\n\n\n\n<p class=\"wp-block-paragraph\">2019.- En Cuba, se celebra el 500 aniversario de la inauguraci\u00f3n de la ciudad de La Habana, evento en el que se reabre el Capitolio, edificio construido entre 1927 y 1929 a imagen de su gemelo de Washington, y que permanec\u00eda cerrado tras una d\u00e9cada de restauraci\u00f3n.<\/p>\n\n\n\n<p class=\"wp-block-paragraph\">2020.- Lanzamiento desde Cabo Ca\u00f1averal (EEUU) de la c\u00e1psula Resilience de SpaceX y la Nasa, en la primera misi\u00f3n operativa tripulada a la Estaci\u00f3n Espacial Internacional (EEI) desde suelo estadounidense.<\/p>\n\n\n\n<p class=\"wp-block-paragraph\">2022.- Despega con \u00e9xito, desde Cabo Ca\u00f1averal (Florida), la misi\u00f3n Artemis I de la Nasa para retomar la exploraci\u00f3n de la Luna y el env\u00edo posterior de astronautas al sat\u00e9lite de la Tierra.<\/p>\n\n\n\n<p class=\"wp-block-paragraph\"><strong>Nacimientos<\/strong><\/p>\n\n\n\n<p class=\"wp-block-paragraph\">1717.- Jean Le Rond D&#8217;Alambert, matem\u00e1tico y f\u00edsico franc\u00e9s.<\/p>\n\n\n\n<p class=\"wp-block-paragraph\">1895.- Pau Hindemith, compositor alem\u00e1n.<\/p>\n\n\n\n<p class=\"wp-block-paragraph\">1922.- Jos\u00e9 Saramago, escritor portugu\u00e9s.<\/p>\n\n\n\n<p class=\"wp-block-paragraph\">1955.- H\u00e9ctor Ra\u00fal C\u00faper, entrenador de f\u00fatbol argentino.<\/p>\n\n\n\n<p class=\"wp-block-paragraph\">1964.- Diana Krall, pianista y cantante de jazz canadiense.<\/p>\n\n\n\n<p class=\"wp-block-paragraph\"><strong>Defunciones<\/strong><\/p>\n\n\n\n<p class=\"wp-block-paragraph\">1797.- Federico Guillermo II, rey de Prusia.<\/p>\n\n\n\n<p class=\"wp-block-paragraph\">1960.- Clark Gable, actor estadounidense.<\/p>\n\n\n\n<p class=\"wp-block-paragraph\">1997.- Georges Marchais, dirigente comunista franc\u00e9s.<\/p>\n\n\n\n<p class=\"wp-block-paragraph\">2006.- Milton Friedman, economista, premio Nobel de Econom\u00eda 1976.<\/p>\n\n\n\n<p class=\"wp-block-paragraph\">2019.- Terry O&#8217;Neill, fot\u00f3grafo brit\u00e1nico.<\/p>\n","protected":false},"excerpt":{"rendered":"<p>Un d\u00eda 16 de noviembre como hoy, pero de 1885, el empresario norteamericano George Eastman, fundador de la empresa Kodak, inventa en Estados Unidos la pel\u00edcula de nitrocelulosa para impresionar im\u00e1genes. Otras efem\u00e9rides 1519.- El conquistador espa\u00f1ol Diego V\u00e1zquez de Cu\u00e9llar funda la ciudad de La Habana, la actual capital de Cuba, que se denomin\u00f3 [&hellip;]<\/p>\n","protected":false},"author":6,"featured_media":47258,"comment_status":"open","ping_status":"open","sticky":false,"template":"","format":"standard","meta":{"_acf_changed":false,"_monsterinsights_skip_tracking":false,"slim_seo":{"title":"Efem\u00e9rides 16 de noviembre - Opini\u00f3n P\u00fablica","description":"Un d\u00eda 16 de noviembre como hoy, pero de 1885, el empresario norteamericano George Eastman, fundador de la empresa Kodak, inventa en Estados Unidos la pel\u00edcula"},"footnotes":""},"categories":[27],"tags":[],"class_list":["post-47257","post","type-post","status-publish","format-standard","has-post-thumbnail","hentry","category-un-dia-como-hoy"],"acf":[],"_links":{"self":[{"href":"https:\/\/www.opinionpublica.tv\/portada\/wp-json\/wp\/v2\/posts\/47257","targetHints":{"allow":["GET"]}}],"collection":[{"href":"https:\/\/www.opinionpublica.tv\/portada\/wp-json\/wp\/v2\/posts"}],"about":[{"href":"https:\/\/www.opinionpublica.tv\/portada\/wp-json\/wp\/v2\/types\/post"}],"author":[{"embeddable":true,"href":"https:\/\/www.opinionpublica.tv\/portada\/wp-json\/wp\/v2\/users\/6"}],"replies":[{"embeddable":true,"href":"https:\/\/www.opinionpublica.tv\/portada\/wp-json\/wp\/v2\/comments?post=47257"}],"version-history":[{"count":3,"href":"https:\/\/www.opinionpublica.tv\/portada\/wp-json\/wp\/v2\/posts\/47257\/revisions"}],"predecessor-version":[{"id":47261,"href":"https:\/\/www.opinionpublica.tv\/portada\/wp-json\/wp\/v2\/posts\/47257\/revisions\/47261"}],"wp:featuredmedia":[{"embeddable":true,"href":"https:\/\/www.opinionpublica.tv\/portada\/wp-json\/wp\/v2\/media\/47258"}],"wp:attachment":[{"href":"https:\/\/www.opinionpublica.tv\/portada\/wp-json\/wp\/v2\/media?parent=47257"}],"wp:term":[{"taxonomy":"category","embeddable":true,"href":"https:\/\/www.opinionpublica.tv\/portada\/wp-json\/wp\/v2\/categories?post=47257"},{"taxonomy":"post_tag","embeddable":true,"href":"https:\/\/www.opinionpublica.tv\/portada\/wp-json\/wp\/v2\/tags?post=47257"}],"curies":[{"name":"wp","href":"https:\/\/api.w.org\/{rel}","templated":true}]}}