{"id":47151,"date":"2024-11-16T00:01:00","date_gmt":"2024-11-16T07:01:00","guid":{"rendered":"https:\/\/www.opinionpublica.tv\/portada\/?p=47151"},"modified":"2024-11-13T22:19:37","modified_gmt":"2024-11-14T05:19:37","slug":"marco-rubio-personaje-complicado","status":"publish","type":"post","link":"https:\/\/www.opinionpublica.tv\/portada\/marco-rubio-personaje-complicado\/","title":{"rendered":"Marco Rubio, personaje complicado"},"content":{"rendered":"\n<h4 class=\"wp-block-heading\"><strong><em>Jorge G. Casta\u00f1eda<\/em><\/strong><\/h4>\n\n\n\n<p class=\"wp-block-paragraph\">___________________________<\/p>\n\n\n\n<p class=\"wp-block-paragraph\">Los nombramientos de Donald Trump que m\u00e1s afectan a M\u00e9xico ya han sido anunciados, con la excepci\u00f3n del representante de comercio internacional y el secretario de Comercio.<\/p>\n\n\n\n<p class=\"wp-block-paragraph\">Ambos ser\u00e1n ubicados probablemente bajo la \u00e9gida de Robert Lighthizer, el negociador del T-MEC, un creyente devoto en la debilidad que entra\u00f1an los d\u00e9ficits comerciales para cualquier econom\u00eda, y en aranceles para remediar dicha debilidad. Ya se han comentado las implicaciones de la selecci\u00f3n de personajes como Tom Homan y Stephen Miller en materia migratoria, subrayando la insistencia de ambos en \u201cdeportaciones masivas\u201d de indocumentados, y en el cierre de la frontera.<\/p>\n\n\n\n<p class=\"wp-block-paragraph\">Como apenas sucedieron el lunes, las designaciones de Marco Rubio como Secretario de Estado y de Michael Waltz como Consejero de Seguridad Nacional han sido menos discutidas en M\u00e9xico. Quisiera concentrarme en el primero y en las consecuencias de su probable aunque todav\u00eda pendiente nominaci\u00f3n -tiene que ser ratificado por el Senado- para M\u00e9xico.<\/p>\n\n\n\n<p class=\"wp-block-paragraph\">Como se sabe, Rubio es cubano-americano, nacido en Miami (no en Cuba), de padres cubanos que salieron de la isla antes de la Revoluci\u00f3n, en 1956. No eran refugiados huyendo del castrismo, aunque Rubio con frecuencia da a entender que s\u00ed lo fueron, y \u00e9l mismo ha sido un furioso adversario de la dictadura castrista. Hasta hace poco, era uno de los tres senadores cubano-americanos (los otros dos siendo Ted Cruz y Bob Men\u00e9ndez), y a lo largo de su carrera en el Senado -que arranc\u00f3 en 2010- se ha dedicado a temas de pol\u00edtica exterior en general, y de Am\u00e9rica Latina en particular.<\/p>\n\n\n\n<p class=\"wp-block-paragraph\">Es, obviamente, partidario de mayores sanciones estadounidenses contra Cuba y Venezuela, en menor medida contra Nicaragua, y se opuso a la normalizaci\u00f3n que llev\u00f3 a cabo Obama en 2015-2016. Se mostr\u00f3 ultra cr\u00edtico del gobierno de L\u00f3pez Obrador, acus\u00e1ndolo de entregar la mitad del pa\u00eds a los c\u00e1rteles, y de ser c\u00f3mplice de los dictadores D\u00edaz-Canel, Ortega y Maduro, adem\u00e1s de caer en tentaciones autoritarias en M\u00e9xico mismo.<\/p>\n\n\n\n<p class=\"wp-block-paragraph\">Su nombramiento fue bien recibido en Estados Unidos, en primer lugar porque Trump hubiera podido escoger a alguien m\u00e1s extremista, y en segundo t\u00e9rmino porque Rubio es visto como un profesional con experiencia de pol\u00edtica exterior. No es del todo cierto, pero en Estados Unidos, al igual que en nuestro pa\u00eds, la comentocracia se agarra de lo que pueda para ser optimista.<\/p>\n\n\n\n<p class=\"wp-block-paragraph\">Sobre todo, se han subrayado las posturas virulentas de Rubio contra China, a favor de Israel y de Netanyahu. En tiempos recientes, ha moderado su denuncia de la invasi\u00f3n rusa de Ucrania, insinuando que Zelensky deber\u00e1 pronto resignarse a perder una parte del territorio ucraniano, a no ingresar a la OTAN, y a pactar con Putin.<\/p>\n\n\n\n<p class=\"wp-block-paragraph\">Para la 4T, el personaje es complicado. Lo ser\u00eda para cualquier gobierno, pero van a coincidir, por primera vez en la historia, el gobierno m\u00e1s anticastrista de Estados Unidos desde Kennedy (presidente y secretario de Estado) y el m\u00e1s pro cubano de M\u00e9xico (presidente y secretario de Relaciones) desde L\u00f3pez Mateos. Si Cuba y Venezuela fueron los \u00fanicos dos temas conflictivos en la agenda bilateral, los regalos de petr\u00f3leo a La Habana y el alquiler de hasta seis mil m\u00e9dicos cubanos en M\u00e9xico no resultar\u00edan inmanejables. No es el caso.&nbsp; Rubio es adepto de la l\u00ednea dura en materia migratoria -aunque apoy\u00f3 un acuerdo migratorio bipartidista en tiempos de Obama- y sobre todo en lo tocante al fentanilo y la guerra contra el crimen organizado en M\u00e9xico.<\/p>\n\n\n\n<p class=\"wp-block-paragraph\">Lo que no sabemos es si se ha vuelto cr\u00edtico de todo lo mexicano por estos temas en si mismos, adem\u00e1s de ser anticastrista, o si su hostilidad frente a la 4T proviene en realidad del castrismo de la misma.<\/p>\n\n\n\n<p class=\"wp-block-paragraph\">A cualquier gobierno de M\u00e9xico le costar\u00eda un enorme esfuerzo lidiar con un segundo per\u00edodo de alguien como Trump. Sus actitudes en materia migratoria, comercial, sobre China, crimen organizado, Venezuela y Cuba resultar\u00edan dif\u00edciles de enfrentar al equipo m\u00e1s experimentado, inteligente y honesto. No existen soluciones id\u00f3neas para ninguno de los retos que se nos presentan; todas las opciones son malas.<\/p>\n\n\n\n<p class=\"wp-block-paragraph\">Escasean las buenas respuestas a dos preguntas, una de forma, otra de fondo. La de forma: \u00bfconviene seguir afirmando que no pasa nada, o es preferible reconocer que el panorama es, por lo menos, nublado? La de fondo: habiendo tantas otras cosas importantes de por medio \u00bfqueremos morir en la raya por la dictadura cubana? \u00bfVale la pena subsidiar a lo que queda del castrismo, aunque ahora s\u00ed envenenemos con eso la relaci\u00f3n con Estados Unidos?<\/p>\n","protected":false},"excerpt":{"rendered":"<p>Jorge G. Casta\u00f1eda ___________________________ Los nombramientos de Donald Trump que m\u00e1s afectan a M\u00e9xico ya han sido anunciados, con la excepci\u00f3n del representante de comercio internacional y el secretario de Comercio. Ambos ser\u00e1n ubicados probablemente bajo la \u00e9gida de Robert Lighthizer, el negociador del T-MEC, un creyente devoto en la debilidad que entra\u00f1an los d\u00e9ficits [&hellip;]<\/p>\n","protected":false},"author":6,"featured_media":43385,"comment_status":"open","ping_status":"open","sticky":false,"template":"","format":"standard","meta":{"_acf_changed":false,"_monsterinsights_skip_tracking":false,"slim_seo":{"title":"Marco Rubio, personaje complicado - Opini\u00f3n P\u00fablica","description":"Jorge G. Casta\u00f1eda ___________________________ Los nombramientos de Donald Trump que m\u00e1s afectan a M\u00e9xico ya han sido anunciados, con la excepci\u00f3n del represent"},"footnotes":""},"categories":[18],"tags":[82],"class_list":["post-47151","post","type-post","status-publish","format-standard","has-post-thumbnail","hentry","category-castaneda-opina","tag-jorge-castaneda"],"acf":[],"_links":{"self":[{"href":"https:\/\/www.opinionpublica.tv\/portada\/wp-json\/wp\/v2\/posts\/47151","targetHints":{"allow":["GET"]}}],"collection":[{"href":"https:\/\/www.opinionpublica.tv\/portada\/wp-json\/wp\/v2\/posts"}],"about":[{"href":"https:\/\/www.opinionpublica.tv\/portada\/wp-json\/wp\/v2\/types\/post"}],"author":[{"embeddable":true,"href":"https:\/\/www.opinionpublica.tv\/portada\/wp-json\/wp\/v2\/users\/6"}],"replies":[{"embeddable":true,"href":"https:\/\/www.opinionpublica.tv\/portada\/wp-json\/wp\/v2\/comments?post=47151"}],"version-history":[{"count":2,"href":"https:\/\/www.opinionpublica.tv\/portada\/wp-json\/wp\/v2\/posts\/47151\/revisions"}],"predecessor-version":[{"id":47153,"href":"https:\/\/www.opinionpublica.tv\/portada\/wp-json\/wp\/v2\/posts\/47151\/revisions\/47153"}],"wp:featuredmedia":[{"embeddable":true,"href":"https:\/\/www.opinionpublica.tv\/portada\/wp-json\/wp\/v2\/media\/43385"}],"wp:attachment":[{"href":"https:\/\/www.opinionpublica.tv\/portada\/wp-json\/wp\/v2\/media?parent=47151"}],"wp:term":[{"taxonomy":"category","embeddable":true,"href":"https:\/\/www.opinionpublica.tv\/portada\/wp-json\/wp\/v2\/categories?post=47151"},{"taxonomy":"post_tag","embeddable":true,"href":"https:\/\/www.opinionpublica.tv\/portada\/wp-json\/wp\/v2\/tags?post=47151"}],"curies":[{"name":"wp","href":"https:\/\/api.w.org\/{rel}","templated":true}]}}