{"id":4680,"date":"2016-09-20T06:00:00","date_gmt":"2016-09-20T04:00:00","guid":{"rendered":"https:\/\/www.opinionpublica.tv\/portada\/2016\/09\/20\/dan-por-atendida-iniciativa-que-pretendia-regular-el-uso-de-drones\/"},"modified":"2016-09-20T06:00:00","modified_gmt":"2016-09-20T04:00:00","slug":"dan-por-atendida-iniciativa-que-pretendia-regular-el-uso-de-drones","status":"publish","type":"post","link":"https:\/\/www.opinionpublica.tv\/portada\/dan-por-atendida-iniciativa-que-pretendia-regular-el-uso-de-drones\/","title":{"rendered":"Dan por atendida iniciativa que pretend\u00eda regular el uso de drones"},"content":{"rendered":"<p><img fetchpriority=\"high\" decoding=\"async\" class=\" size-full wp-image-4679\" src=\"https:\/\/www.opinionpublica.tv\/portada\/wp-content\/uploads\/2016\/09\/b0ccfdc71ad7b1e5260a567a30b9ecab.jpg\" alt=\"\" width=\"594\" height=\"386\" srcset=\"https:\/\/www.opinionpublica.tv\/portada\/wp-content\/uploads\/2016\/09\/b0ccfdc71ad7b1e5260a567a30b9ecab.jpg 594w, https:\/\/www.opinionpublica.tv\/portada\/wp-content\/uploads\/2016\/09\/b0ccfdc71ad7b1e5260a567a30b9ecab-300x195.jpg 300w\" sizes=\"(max-width: 594px) 100vw, 594px\" \/><\/p>\n<p style=\"text-align: justify;\">La Diputaci\u00f3n Permanente del Congreso del Estado, dio por atendida la iniciativa de Acuerdo en la que se solicitaba exhortar al Congreso de la Uni\u00f3n, legislar en materia de sistemas de aeronaves pilotadas a distancia.<\/p>\n<p style=\"text-align: justify;\">Sin embargo, leyes federales ya regulan este tipo de actividad,\u00a0 incluso dentro de la circula CO AV-23\/10 R2, documento de la Direcci\u00f3n de Aeron\u00e1utica Civil, que\u00a0 establece los requerimientos para operar una nave pilotada a distancia.<\/p>\n<p style=\"text-align: justify;\">Por lo antes mencionado, es que los integrantes de la Comisi\u00f3n de Seguridad P\u00fablica, consideraron dar por atendida la iniciativa antes mencionada, Acuerdo que fue aprobado por unanimidad de votos de los integrantes de la Mesa Directiva de la Diputaci\u00f3n Permanente.<\/p>\n<p style=\"text-align: justify;\">En el caso de M\u00e9xico, la autoridad encargada de prestar y controlar los servicios a la navegaci\u00f3n a\u00e9rea y establecer las condiciones de operaci\u00f3n a que deben sujetarse los drones, es la Secretar\u00eda de Comunicaciones y Transportes Federal.<\/p>\n","protected":false},"excerpt":{"rendered":"<p>La Diputaci\u00f3n Permanente del Congreso del Estado, dio por atendida la iniciativa de Acuerdo en la que se solicitaba exhortar al Congreso de la Uni\u00f3n, legislar en materia de sistemas de aeronaves pilotadas a distancia. Sin embargo, leyes federales ya regulan este tipo de actividad,\u00a0 incluso dentro de la circula CO AV-23\/10 R2, documento de [&hellip;]<\/p>\n","protected":false},"author":1,"featured_media":4679,"comment_status":"open","ping_status":"open","sticky":false,"template":"","format":"standard","meta":{"_acf_changed":false,"_monsterinsights_skip_tracking":false,"slim_seo":{"title":"Dan por atendida iniciativa que pretend\u00eda regular el uso de drones - Opini\u00f3n P\u00fablica","description":"La Diputaci\u00f3n Permanente del Congreso del Estado, dio por atendida la iniciativa de Acuerdo en la que se solicitaba exhortar al Congreso de la Uni\u00f3n, legislar e"},"footnotes":""},"categories":[4],"tags":[],"class_list":["post-4680","post","type-post","status-publish","format-standard","has-post-thumbnail","hentry","category-pulsopolitico"],"acf":[],"_links":{"self":[{"href":"https:\/\/www.opinionpublica.tv\/portada\/wp-json\/wp\/v2\/posts\/4680","targetHints":{"allow":["GET"]}}],"collection":[{"href":"https:\/\/www.opinionpublica.tv\/portada\/wp-json\/wp\/v2\/posts"}],"about":[{"href":"https:\/\/www.opinionpublica.tv\/portada\/wp-json\/wp\/v2\/types\/post"}],"author":[{"embeddable":true,"href":"https:\/\/www.opinionpublica.tv\/portada\/wp-json\/wp\/v2\/users\/1"}],"replies":[{"embeddable":true,"href":"https:\/\/www.opinionpublica.tv\/portada\/wp-json\/wp\/v2\/comments?post=4680"}],"version-history":[{"count":0,"href":"https:\/\/www.opinionpublica.tv\/portada\/wp-json\/wp\/v2\/posts\/4680\/revisions"}],"wp:featuredmedia":[{"embeddable":true,"href":"https:\/\/www.opinionpublica.tv\/portada\/wp-json\/wp\/v2\/media\/4679"}],"wp:attachment":[{"href":"https:\/\/www.opinionpublica.tv\/portada\/wp-json\/wp\/v2\/media?parent=4680"}],"wp:term":[{"taxonomy":"category","embeddable":true,"href":"https:\/\/www.opinionpublica.tv\/portada\/wp-json\/wp\/v2\/categories?post=4680"},{"taxonomy":"post_tag","embeddable":true,"href":"https:\/\/www.opinionpublica.tv\/portada\/wp-json\/wp\/v2\/tags?post=4680"}],"curies":[{"name":"wp","href":"https:\/\/api.w.org\/{rel}","templated":true}]}}