{"id":46726,"date":"2024-11-11T00:01:00","date_gmt":"2024-11-11T07:01:00","guid":{"rendered":"https:\/\/www.opinionpublica.tv\/portada\/?p=46726"},"modified":"2024-11-09T20:17:23","modified_gmt":"2024-11-10T03:17:23","slug":"efemerides-11-de-noviembre-7","status":"publish","type":"post","link":"https:\/\/www.opinionpublica.tv\/portada\/efemerides-11-de-noviembre-7\/","title":{"rendered":"Efem\u00e9rides 11 de noviembre"},"content":{"rendered":"\n<p class=\"wp-block-paragraph\"><em>Un d\u00eda 11 de noviembre como hoy, pero de 2021, Corea del Sur hace la primera prueba de un aerotaxi con piloto en su territorio.<\/em><\/p>\n\n\n\n<figure class=\"wp-block-image size-large\"><img fetchpriority=\"high\" decoding=\"async\" width=\"1024\" height=\"660\" src=\"https:\/\/www.opinionpublica.tv\/portada\/wp-content\/uploads\/2024\/11\/Corea-del-Sur-hace-la-primera-prueba-de-un-aerotaxi-con-piloto-en-su-territorio-1024x660.jpg\" alt=\"Corea Del Sur Hace La Primera Prueba De Un Aerotaxi Con Piloto En Su Territorio\" class=\"wp-image-46727\" srcset=\"https:\/\/www.opinionpublica.tv\/portada\/wp-content\/uploads\/2024\/11\/Corea-del-Sur-hace-la-primera-prueba-de-un-aerotaxi-con-piloto-en-su-territorio-1024x660.jpg 1024w, https:\/\/www.opinionpublica.tv\/portada\/wp-content\/uploads\/2024\/11\/Corea-del-Sur-hace-la-primera-prueba-de-un-aerotaxi-con-piloto-en-su-territorio-300x193.jpg 300w, https:\/\/www.opinionpublica.tv\/portada\/wp-content\/uploads\/2024\/11\/Corea-del-Sur-hace-la-primera-prueba-de-un-aerotaxi-con-piloto-en-su-territorio-768x495.jpg 768w, https:\/\/www.opinionpublica.tv\/portada\/wp-content\/uploads\/2024\/11\/Corea-del-Sur-hace-la-primera-prueba-de-un-aerotaxi-con-piloto-en-su-territorio-1536x990.jpg 1536w, https:\/\/www.opinionpublica.tv\/portada\/wp-content\/uploads\/2024\/11\/Corea-del-Sur-hace-la-primera-prueba-de-un-aerotaxi-con-piloto-en-su-territorio-2048x1320.jpg 2048w\" sizes=\"(max-width: 1024px) 100vw, 1024px\" \/><\/figure>\n\n\n\n<p class=\"wp-block-paragraph\"><strong>Otras efem\u00e9rides<\/strong><\/p>\n\n\n\n<p class=\"wp-block-paragraph\">1811.- La ciudad colombiana de Cartagena de Indias se declara independiente del gobierno de la Corona espa\u00f1ola.<\/p>\n\n\n\n<p class=\"wp-block-paragraph\">1817.- Es fusilado en M\u00e9xico, por traidor, el militar espa\u00f1ol Francisco Javier Mina \u00abel guerrillero\u00bb.<\/p>\n\n\n\n<p class=\"wp-block-paragraph\">1838.- Comienza en Uruguay la dictadura de Jos\u00e9 Fructuoso Rivera, primer presidente de la Rep\u00fablica, cuyo mandato se prolong\u00f3 hasta 1843.<\/p>\n\n\n\n<p class=\"wp-block-paragraph\">1887.- Se canta, por primera vez, el himno nacional de Colombia, con letra de Rafael N\u00fa\u00f1ez y m\u00fasica de Oreste Sindici.<\/p>\n\n\n\n<p class=\"wp-block-paragraph\">1889.- Washington se une a la federaci\u00f3n como estado n\u00famero 42 de Estados Unidos.<\/p>\n\n\n\n<p class=\"wp-block-paragraph\">1918.- En el vag\u00f3n de un tren, en el bosque de Compi\u00e8gne, (Francia), los aliados (representantes de Francia e Inglaterra) y el imperio alem\u00e1n, perdedor de la contienda, firman el armisticio con el nombre de ese lugar, que puso fin a la Primera Guerra Mundial.<\/p>\n\n\n\n<p class=\"wp-block-paragraph\">1918.- En Austria, Carlos I renuncia a la Jefatura del Estado. Fue el \u00faltimo emperador del Imperio Austroh\u00fangaro, que se disolvi\u00f3 ese d\u00eda, coincidiendo con el fin de la Primera Guerra Mundial.<\/p>\n\n\n\n<p class=\"wp-block-paragraph\">1921.- El presidente estadounidense, Warreng Harding, inaugura en el Cementerio Nacional de Arlington, pr\u00f3ximo a Washington, la tumba del Soldado Desconocido.<\/p>\n\n\n\n<p class=\"wp-block-paragraph\">1951.- Juan Domingo Per\u00f3n es reelegido presidente de Argentina. Es la primera vez que las mujeres ejercen su derecho al voto, a lo que contribuy\u00f3 Eva Per\u00f3n, esposa del presidente.<\/p>\n\n\n\n<p class=\"wp-block-paragraph\">1961.- El gobierno de Venezuela, presidido por R\u00f3mulo Betancourt, rompe relaciones diplom\u00e1ticas con Cuba.<\/p>\n\n\n\n<p class=\"wp-block-paragraph\">1965.- Declaraci\u00f3n unilateral de independencia de Rodesia, que pone fin a la soberan\u00eda brit\u00e1nica en ese territorio africano.<\/p>\n\n\n\n<p class=\"wp-block-paragraph\">1966.- La agencia espacial estadounidense, NASA, lanza al espacio la nave tripulada Gemini 12, el \u00faltimo vuelo del programa G\u00e9mini, de desarrollo de t\u00e9cnicas para futuros vuelos lunares.<\/p>\n\n\n\n<p class=\"wp-block-paragraph\">1975.- Tras una larga guerra, Angola se independiza de Portugal mediante el tratado de Alvor, resultado de las negociaciones que tuvieron lugar en el balneario de esa localidad costera del Algarve portugu\u00e9s.<\/p>\n\n\n\n<p class=\"wp-block-paragraph\">1991.- Se publica el single \u00abBlack or White\u00bb del m\u00fasico estadounidense Michael Jackson.<\/p>\n\n\n\n<p class=\"wp-block-paragraph\">1992.- El S\u00ednodo General de la Iglesia anglicana de Inglaterra rompe con m\u00e1s de 400 a\u00f1os de tradici\u00f3n y aprueba la ordenaci\u00f3n sacerdotal de las mujeres.<\/p>\n\n\n\n<p class=\"wp-block-paragraph\">1996.- Se clausura en Chile la IV Cumbre Iberoamericana con la \u00abDeclaraci\u00f3n de Vi\u00f1a del Mar\u00bb, que aboga por la defensa del modelo democr\u00e1tico frente al autoritario.<\/p>\n\n\n\n<p class=\"wp-block-paragraph\">1997.- La UNESCO aprueba en Par\u00eds la Declaraci\u00f3n Universal sobre el Genoma Humano, el Patrimonio Gen\u00e9tico de la Humanidad y los Derechos Humanos, el primer texto internacional que concilia libertad de investigaci\u00f3n y protecci\u00f3n de la humanidad.<\/p>\n\n\n\n<p class=\"wp-block-paragraph\">2000.- Mueren 155 personas en el incendio de un funicular subterr\u00e1neo que conduce al glaciar de Kitzsteinhorn, en los Alpes austriacos.<\/p>\n\n\n\n<p class=\"wp-block-paragraph\">2004.- Muere, en un hospital militar de Par\u00eds, Yaser Arafat, el primer presidente de la Autoridad Nacional Palestina y l\u00edder hist\u00f3rico de la Organizaci\u00f3n para la Liberaci\u00f3n de Palestina (OLP).<\/p>\n\n\n\n<p class=\"wp-block-paragraph\">2010.- El dirigente kurdo Yalal Talabani es reelegido presidente de Irak.<\/p>\n\n\n\n<p class=\"wp-block-paragraph\">2013.- Descubren en el parque natural de Choco (Rep\u00fablica Dominicana) la cueva submarina m\u00e1s grande de la isla La Espa\u00f1ola.<\/p>\n\n\n\n<p class=\"wp-block-paragraph\">2015.- Eslovenia levanta una valla en la frontera con Croacia debido a la creciente llegada de refugiados desde Siria.<\/p>\n\n\n\n<p class=\"wp-block-paragraph\">2016.- La Justicia argentina confirma el procesamiento de la expresidenta Cristina Fern\u00e1ndez de Kirchner en la causa que investiga la venta, por parte del Banco Central, de contratos de futuros de d\u00f3lar al final de su Gobierno en 2015.<\/p>\n\n\n\n<p class=\"wp-block-paragraph\">2020.- Cient\u00edficos australianos descubren una especie desconocida hasta ese momento de gigantesca foca monje, que vivi\u00f3 hace tres millones de a\u00f1os en el Hemisferio Sur.<\/p>\n\n\n\n<p class=\"wp-block-paragraph\">2021.- El Partido Comunista chino aprueba una resoluci\u00f3n que cimenta el liderazgo absoluto de su secretario general y presidente del pa\u00eds, Xi Jinping, es la tercera resoluci\u00f3n desde la aprobada en 1945, que encumbr\u00f3 a Mao Zedong.<\/p>\n\n\n\n<p class=\"wp-block-paragraph\">2021.- La piloto espa\u00f1ola Cristina Guti\u00e9rrez, primera mujer que hace historia al conquistar la Copa del Mundo de la Federaci\u00f3n Internacional de Automovilismo de Cross-Country en la categor\u00eda T3.<\/p>\n\n\n\n<p class=\"wp-block-paragraph\">2022.- Un grupo de 41 organizaciones de mujeres de Asia, \u00c1frica y Am\u00e9rica Latina, presentan en el marco de la COP27 celebrada en Egipto, la organizaci\u00f3n Mujeres de la Alianza del Sur Global para la Propiedad y el Clima.<\/p>\n\n\n\n<p class=\"wp-block-paragraph\">2022.- La Bolsa de Sao Paulo (B3), una de las cinco mayores del mundo, adquiere la empresa de tecnolog\u00eda Neurotech, por un valor inicial de 620 millones de reales (unos 116,9 millones de d\u00f3lares).<\/p>\n\n\n\n<p class=\"wp-block-paragraph\"><strong>Nacimientos<\/strong><\/p>\n\n\n\n<p class=\"wp-block-paragraph\">1885.- George S. Patton, militar estadounidense.<\/p>\n\n\n\n<p class=\"wp-block-paragraph\">1898.- Ren\u00e9 Clair, director franc\u00e9s de cine.<\/p>\n\n\n\n<p class=\"wp-block-paragraph\">1928.- Carlos Fuentes, escritor y diplom\u00e1tico mexicano.<\/p>\n\n\n\n<p class=\"wp-block-paragraph\">1942.- Juan Ignacio Pardo Su\u00e1rez, \u00abJuan Pardo\u00bb, cantante y compositor espa\u00f1ol.<\/p>\n\n\n\n<p class=\"wp-block-paragraph\">1945.- Daniel Ortega, presidente sandinista de Nicaragua.<\/p>\n\n\n\n<p class=\"wp-block-paragraph\">1958.- Luz Casal, cantante espa\u00f1ola.<\/p>\n\n\n\n<p class=\"wp-block-paragraph\">1962.- Demi Moore, actriz estadounidense.<\/p>\n\n\n\n<p class=\"wp-block-paragraph\">1974.- Leonardo Wilhelm DiCaprio, actor estadounidense.<\/p>\n\n\n\n<p class=\"wp-block-paragraph\"><strong>Defunciones<\/strong><\/p>\n\n\n\n<p class=\"wp-block-paragraph\">1855.- Soren Kierkegaard, fil\u00f3sofo y escritor dan\u00e9s.<\/p>\n\n\n\n<p class=\"wp-block-paragraph\">1976.- Alexander Calder, escultor estadounidense.<\/p>\n\n\n\n<p class=\"wp-block-paragraph\">2004.- Yaser Arafat, l\u00edder palestino y presidente de la ANP.<\/p>\n\n\n\n<p class=\"wp-block-paragraph\">2005.- Jos\u00e9 Miguel Gallardo Vera, \u00abMiguel Gallardo\u00bb, cantautor espa\u00f1ol.<\/p>\n\n\n\n<p class=\"wp-block-paragraph\">2007.- Delbert Mann, director de cine estadounidense.<\/p>\n\n\n\n<p class=\"wp-block-paragraph\">2010.- Dino de Laurentiis, productor de cine italiano.<\/p>\n\n\n\n<p class=\"wp-block-paragraph\">2019.- Teresa Pinto Coelho Telles da Silva, fadista portuguesa.<\/p>\n\n\n\n<p class=\"wp-block-paragraph\">2021.- Frederik Willem de Klerk, expresidente sudafricano y Premio Nobel de la Paz.<\/p>\n","protected":false},"excerpt":{"rendered":"<p>Un d\u00eda 11 de noviembre como hoy, pero de 2021, Corea del Sur hace la primera prueba de un aerotaxi con piloto en su territorio. Otras efem\u00e9rides 1811.- La ciudad colombiana de Cartagena de Indias se declara independiente del gobierno de la Corona espa\u00f1ola. 1817.- Es fusilado en M\u00e9xico, por traidor, el militar espa\u00f1ol Francisco [&hellip;]<\/p>\n","protected":false},"author":6,"featured_media":46727,"comment_status":"open","ping_status":"open","sticky":false,"template":"","format":"standard","meta":{"_acf_changed":false,"_monsterinsights_skip_tracking":false,"slim_seo":{"title":"Efem\u00e9rides 11 de noviembre - Opini\u00f3n P\u00fablica","description":"Un d\u00eda 11 de noviembre como hoy, pero de 2021, Corea del Sur hace la primera prueba de un aerotaxi con piloto en su territorio. Otras efem\u00e9rides 1811.- La ciuda"},"footnotes":""},"categories":[27],"tags":[],"class_list":["post-46726","post","type-post","status-publish","format-standard","has-post-thumbnail","hentry","category-un-dia-como-hoy"],"acf":[],"_links":{"self":[{"href":"https:\/\/www.opinionpublica.tv\/portada\/wp-json\/wp\/v2\/posts\/46726","targetHints":{"allow":["GET"]}}],"collection":[{"href":"https:\/\/www.opinionpublica.tv\/portada\/wp-json\/wp\/v2\/posts"}],"about":[{"href":"https:\/\/www.opinionpublica.tv\/portada\/wp-json\/wp\/v2\/types\/post"}],"author":[{"embeddable":true,"href":"https:\/\/www.opinionpublica.tv\/portada\/wp-json\/wp\/v2\/users\/6"}],"replies":[{"embeddable":true,"href":"https:\/\/www.opinionpublica.tv\/portada\/wp-json\/wp\/v2\/comments?post=46726"}],"version-history":[{"count":1,"href":"https:\/\/www.opinionpublica.tv\/portada\/wp-json\/wp\/v2\/posts\/46726\/revisions"}],"predecessor-version":[{"id":46728,"href":"https:\/\/www.opinionpublica.tv\/portada\/wp-json\/wp\/v2\/posts\/46726\/revisions\/46728"}],"wp:featuredmedia":[{"embeddable":true,"href":"https:\/\/www.opinionpublica.tv\/portada\/wp-json\/wp\/v2\/media\/46727"}],"wp:attachment":[{"href":"https:\/\/www.opinionpublica.tv\/portada\/wp-json\/wp\/v2\/media?parent=46726"}],"wp:term":[{"taxonomy":"category","embeddable":true,"href":"https:\/\/www.opinionpublica.tv\/portada\/wp-json\/wp\/v2\/categories?post=46726"},{"taxonomy":"post_tag","embeddable":true,"href":"https:\/\/www.opinionpublica.tv\/portada\/wp-json\/wp\/v2\/tags?post=46726"}],"curies":[{"name":"wp","href":"https:\/\/api.w.org\/{rel}","templated":true}]}}