{"id":4672,"date":"2016-09-20T06:00:00","date_gmt":"2016-09-20T04:00:00","guid":{"rendered":"https:\/\/www.opinionpublica.tv\/portada\/2016\/09\/20\/video-que-habia-dentro-de-la-capsula-del-tiempo-nazi-de-polonia\/"},"modified":"2016-09-20T06:00:00","modified_gmt":"2016-09-20T04:00:00","slug":"video-que-habia-dentro-de-la-capsula-del-tiempo-nazi-de-polonia","status":"publish","type":"post","link":"https:\/\/www.opinionpublica.tv\/portada\/video-que-habia-dentro-de-la-capsula-del-tiempo-nazi-de-polonia\/","title":{"rendered":"Video: Qu\u00e9 hab\u00eda dentro de la c\u00e1psula del tiempo nazi de Polonia"},"content":{"rendered":"<p><img fetchpriority=\"high\" decoding=\"async\" class=\" size-full wp-image-4671\" src=\"https:\/\/www.opinionpublica.tv\/portada\/wp-content\/uploads\/2016\/09\/d7d6a9589b3a4f47423d3fe1ef092de2.jpg\" alt=\"\" width=\"518\" height=\"329\" srcset=\"https:\/\/www.opinionpublica.tv\/portada\/wp-content\/uploads\/2016\/09\/d7d6a9589b3a4f47423d3fe1ef092de2.jpg 518w, https:\/\/www.opinionpublica.tv\/portada\/wp-content\/uploads\/2016\/09\/d7d6a9589b3a4f47423d3fe1ef092de2-300x191.jpg 300w\" sizes=\"(max-width: 518px) 100vw, 518px\" \/><\/p>\n<p class=\"story-body__introduction\" style=\"text-align: justify;\">El paso del tiempo no dej\u00f3 rastro alguno en los documentos de la Alemania nazi encontrados hace unos d\u00edas en Polonia. Estaban intactos.<\/p>\n<p style=\"text-align: justify;\">Un grupo de arque\u00f3logos armados con martillos derribaron parte de la estructura de una antigua edificaci\u00f3n nazi hasta dar con una c\u00e1psula que llevaba 82 a\u00f1os enterrada en la ciudad polaca de Z\u0142ocieniec.<\/p>\n<p style=\"text-align: justify;\">\u00abFue muy emocionante dar por fin con el lugar donde estaba escondida\u00bb, le dijo a la BBC la arque\u00f3loga Alicja Witowiak, quien particip\u00f3 en el descubrimiento.<\/p>\n<p style=\"text-align: justify;\">Witowiak detall\u00f3 que se hab\u00eda iniciado una primera b\u00fasqueda en la d\u00e9cada de los 70 por parte de soldados de la Uni\u00f3n Sovi\u00e9tica que ocupaban la construcci\u00f3n, un antiguo campo de entrenamiento nazi.Pero el intento fue fallido.<\/p>\n<p style=\"text-align: justify;\">\u00abHicimos una investigaci\u00f3n documental exhaustiva para ubicar el sitio preciso\u00bb, se\u00f1al\u00f3 la investigadora.<\/p>\n<p style=\"text-align: justify;\">Lo m\u00e1s sorprendente, seg\u00fan Witowiak, fue encontrar unos documentos que describ\u00edan con detalle la creaci\u00f3n de la escuela de Kr\u00f6ssinsee, que se levant\u00f3 en ese mismo lugar antes de la Segunda Guerra Mundial.<\/p>\n<p style=\"text-align: justify;\">Dentro del tubo de cobre hab\u00eda peri\u00f3dicos locales con fechas del 21 y 22 de abril de 1934 que hablaban de la inauguraci\u00f3n del instituto, uno de tres que se fundaron para formar a los futuros combatientes nazis.<\/p>\n<p style=\"text-align: justify;\">Tambi\u00e9n hab\u00eda una invitaci\u00f3n a la apertura del lugar y un programa con las celebraciones que se llevar\u00edan a cabo en la ciudad de Falkenburg, hoy llamada Z\u0142ocieniec, en el noroeste de Polonia.<\/p>\n<p style=\"text-align: justify;\">El cilindro tambi\u00e9n almacenaba fotograf\u00edas de Adolf Hitler, varias copias de su manifiesto nazi \u00abMein Kampf\u00bb (\u00abMi lucha\u00bb), monedas y fotos de la ciudad, as\u00ed como un folleto publicado con ocasi\u00f3n del 600 aniversario de esta y un cuaderno ilustrado que inclu\u00eda informaci\u00f3n de la misma.<\/p>\n<p>\u00a0<\/p>\n<div class=\"k2_video\"><a href=\"https:\/\/www.youtube.com\/watch?v=AXKrzA3_4rs\">https:\/\/www.youtube.com\/watch?v=AXKrzA3_4rs<\/a>\n<\/div>\n","protected":false},"excerpt":{"rendered":"<p>El paso del tiempo no dej\u00f3 rastro alguno en los documentos de la Alemania nazi encontrados hace unos d\u00edas en Polonia. Estaban intactos. Un grupo de arque\u00f3logos armados con martillos derribaron parte de la estructura de una antigua edificaci\u00f3n nazi hasta dar con una c\u00e1psula que llevaba 82 a\u00f1os enterrada en la ciudad polaca de [&hellip;]<\/p>\n","protected":false},"author":1,"featured_media":4671,"comment_status":"open","ping_status":"open","sticky":false,"template":"","format":"standard","meta":{"_acf_changed":false,"_monsterinsights_skip_tracking":false,"slim_seo":{"title":"Video: Qu\u00e9 hab\u00eda dentro de la c\u00e1psula del tiempo nazi de Polonia - Opini\u00f3n P\u00fablica","description":"El paso del tiempo no dej\u00f3 rastro alguno en los documentos de la Alemania nazi encontrados hace unos d\u00edas en Polonia. Estaban intactos. Un grupo de arque\u00f3logos"},"footnotes":""},"categories":[14],"tags":[],"class_list":["post-4672","post","type-post","status-publish","format-standard","has-post-thumbnail","hentry","category-historias"],"acf":[],"_links":{"self":[{"href":"https:\/\/www.opinionpublica.tv\/portada\/wp-json\/wp\/v2\/posts\/4672","targetHints":{"allow":["GET"]}}],"collection":[{"href":"https:\/\/www.opinionpublica.tv\/portada\/wp-json\/wp\/v2\/posts"}],"about":[{"href":"https:\/\/www.opinionpublica.tv\/portada\/wp-json\/wp\/v2\/types\/post"}],"author":[{"embeddable":true,"href":"https:\/\/www.opinionpublica.tv\/portada\/wp-json\/wp\/v2\/users\/1"}],"replies":[{"embeddable":true,"href":"https:\/\/www.opinionpublica.tv\/portada\/wp-json\/wp\/v2\/comments?post=4672"}],"version-history":[{"count":0,"href":"https:\/\/www.opinionpublica.tv\/portada\/wp-json\/wp\/v2\/posts\/4672\/revisions"}],"wp:featuredmedia":[{"embeddable":true,"href":"https:\/\/www.opinionpublica.tv\/portada\/wp-json\/wp\/v2\/media\/4671"}],"wp:attachment":[{"href":"https:\/\/www.opinionpublica.tv\/portada\/wp-json\/wp\/v2\/media?parent=4672"}],"wp:term":[{"taxonomy":"category","embeddable":true,"href":"https:\/\/www.opinionpublica.tv\/portada\/wp-json\/wp\/v2\/categories?post=4672"},{"taxonomy":"post_tag","embeddable":true,"href":"https:\/\/www.opinionpublica.tv\/portada\/wp-json\/wp\/v2\/tags?post=4672"}],"curies":[{"name":"wp","href":"https:\/\/api.w.org\/{rel}","templated":true}]}}