{"id":46628,"date":"2024-11-08T00:01:00","date_gmt":"2024-11-08T07:01:00","guid":{"rendered":"https:\/\/www.opinionpublica.tv\/portada\/?p=46628"},"modified":"2024-11-07T19:03:55","modified_gmt":"2024-11-08T02:03:55","slug":"se-crean-138-mil-empleos-formales-en-octubre-la-peor-cifra-para-un-mismo-mes-en-13-anos","status":"publish","type":"post","link":"https:\/\/www.opinionpublica.tv\/portada\/se-crean-138-mil-empleos-formales-en-octubre-la-peor-cifra-para-un-mismo-mes-en-13-anos\/","title":{"rendered":"Solamente se crearon 138 mil empleos formales durante octubre, la peor cifra para un mismo mes en 13 a\u00f1os: IMSS"},"content":{"rendered":"\n<figure class=\"wp-block-image size-full\"><img fetchpriority=\"high\" decoding=\"async\" width=\"800\" height=\"450\" src=\"https:\/\/www.opinionpublica.tv\/portada\/wp-content\/uploads\/2024\/11\/Solamente-se-crearon-138-mil-empleos-formales-durante-octubre-la-peor-cifra-para-un-mismo-mes-en-13-anos-IMSS.jpg\" alt=\"Solamente Se Crearon 138 Mil Empleos Formales Durante Octubre, La Peor Cifra Para Un Mismo Mes En 13 An\u0303os Imss\" class=\"wp-image-46633\" srcset=\"https:\/\/www.opinionpublica.tv\/portada\/wp-content\/uploads\/2024\/11\/Solamente-se-crearon-138-mil-empleos-formales-durante-octubre-la-peor-cifra-para-un-mismo-mes-en-13-anos-IMSS.jpg 800w, https:\/\/www.opinionpublica.tv\/portada\/wp-content\/uploads\/2024\/11\/Solamente-se-crearon-138-mil-empleos-formales-durante-octubre-la-peor-cifra-para-un-mismo-mes-en-13-anos-IMSS-300x169.jpg 300w, https:\/\/www.opinionpublica.tv\/portada\/wp-content\/uploads\/2024\/11\/Solamente-se-crearon-138-mil-empleos-formales-durante-octubre-la-peor-cifra-para-un-mismo-mes-en-13-anos-IMSS-768x432.jpg 768w\" sizes=\"(max-width: 800px) 100vw, 800px\" \/><\/figure>\n\n\n\n<p class=\"wp-block-paragraph\">Durante octubre de 2024 se generaron 138 mil empleos formales, la peor cifra en 13 a\u00f1os despu\u00e9s de que en 2011 se crearon 129 mil 876 plazas, de acuerdo con cifras del Instituto Mexicano del Seguro Social (IMSS).<\/p>\n\n\n\n<p class=\"wp-block-paragraph\">Zo\u00e9 Robledo, director del IMSS, destac\u00f3 que la creaci\u00f3n de empleos de octubre representa la segunda cifra m\u00e1s alta de lo que va de 2024.<\/p>\n\n\n\n<p class=\"wp-block-paragraph\">Agreg\u00f3 que durante los primeros 10 meses de este a\u00f1o se han creado 594 mil 556 empleos, lo que equivale a una tasa de crecimiento del 2.7 por ciento.<\/p>\n\n\n\n<p class=\"wp-block-paragraph\">Sin embargo, las estad\u00edsticas muestran que la generaci\u00f3n acumulada de empleos en lo que va del a\u00f1o es la m\u00e1s baja desde 2020, cuando las plazas cayeron en 518 mil 609 debido a la afectaci\u00f3n en la econom\u00eda por los cierres de empresas ocasionados por la pandemia.<\/p>\n\n\n\n<p class=\"wp-block-paragraph\">\u201cEn los \u00faltimos 12 meses, cuando se mide de octubre a octubre, tambi\u00e9n es una cifra positiva de 316 mil empleos para el \u00faltimo a\u00f1o; en lo que va de 2024 casi se han creado 600 mil empleos\u201d, recalc\u00f3.<\/p>\n\n\n\n<p class=\"wp-block-paragraph\">\u201cEntonces, en la evoluci\u00f3n del empleo que tenemos en el IMSS llegamos a 22 millones 618 mil 942 empleos, es la cifra m\u00e1s alta desde 1997, cuando comenz\u00f3 a medirse con la metodolog\u00eda que se usa actualmente. El 2018, para dar una idea, el empleo registrado en el IMSS era de 20 millones 79 mil empleos\u201d, subray\u00f3 Robledo.<\/p>\n\n\n\n<p class=\"wp-block-paragraph\">Refiri\u00f3 que un elemento que es importante es la calidad del empleo, ya que antes se enfocaba en la creaci\u00f3n del empleo, pero el salario estaba muy bajo.<\/p>\n\n\n\n<p class=\"wp-block-paragraph\">\u201cEn ese sentido, estamos alcanzando, en octubre del 2024, en 580.5 pesos diarios de base salario de cotizaciones; es decir, el salario promedio de los trabajadores y las trabajadoras que est\u00e1n registrados en el IMSS alcanza estos 580.5 pesos diarios\u201d, expres\u00f3.<\/p>\n\n\n\n<p class=\"wp-block-paragraph\">Por ejemplo, 2018 cerr\u00f3 con 352 pesos diarios, por lo que a la fecha, dijo, ha tenido un incremento muy importante. \u201cEn los \u00faltimos 12 meses ese mismo salario se increment\u00f3 en 49 pesos, un crecimiento del 9.2 por ciento\u201d. \u201cFinalmente, podemos ver c\u00f3mo ha ido ese crecimiento del salario base de cotizaci\u00f3n que, si lo tomamos para todo el mes, equivale a 17 mil 414 pesos. Este salario base de cotizaci\u00f3n ha tenido un incremento de 23.4 puntos porcentuales de crecimiento real\u201d, reiter\u00f3 Zo\u00e9. (El Financiero)<\/p>\n","protected":false},"excerpt":{"rendered":"<p>Durante octubre de 2024 se generaron 138 mil empleos formales, la peor cifra en 13 a\u00f1os despu\u00e9s de que en 2011 se crearon 129 mil 876 plazas, de acuerdo con cifras del Instituto Mexicano del Seguro Social (IMSS). Zo\u00e9 Robledo, director del IMSS, destac\u00f3 que la creaci\u00f3n de empleos de octubre representa la segunda cifra [&hellip;]<\/p>\n","protected":false},"author":6,"featured_media":46633,"comment_status":"open","ping_status":"open","sticky":false,"template":"","format":"standard","meta":{"_acf_changed":false,"_monsterinsights_skip_tracking":false,"slim_seo":{"title":"Solamente se crearon 138 mil empleos formales durante octubre, la peor cifra para un mismo mes en 13 a\u00f1os: IMSS - Opini\u00f3n P\u00fablica","description":"Durante octubre de 2024 se generaron 138 mil empleos formales, la peor cifra en 13 a\u00f1os despu\u00e9s de que en 2011 se crearon 129 mil 876 plazas, de acuerdo con cif"},"footnotes":""},"categories":[3],"tags":[],"class_list":["post-46628","post","type-post","status-publish","format-standard","has-post-thumbnail","hentry","category-principal"],"acf":[],"_links":{"self":[{"href":"https:\/\/www.opinionpublica.tv\/portada\/wp-json\/wp\/v2\/posts\/46628","targetHints":{"allow":["GET"]}}],"collection":[{"href":"https:\/\/www.opinionpublica.tv\/portada\/wp-json\/wp\/v2\/posts"}],"about":[{"href":"https:\/\/www.opinionpublica.tv\/portada\/wp-json\/wp\/v2\/types\/post"}],"author":[{"embeddable":true,"href":"https:\/\/www.opinionpublica.tv\/portada\/wp-json\/wp\/v2\/users\/6"}],"replies":[{"embeddable":true,"href":"https:\/\/www.opinionpublica.tv\/portada\/wp-json\/wp\/v2\/comments?post=46628"}],"version-history":[{"count":4,"href":"https:\/\/www.opinionpublica.tv\/portada\/wp-json\/wp\/v2\/posts\/46628\/revisions"}],"predecessor-version":[{"id":46634,"href":"https:\/\/www.opinionpublica.tv\/portada\/wp-json\/wp\/v2\/posts\/46628\/revisions\/46634"}],"wp:featuredmedia":[{"embeddable":true,"href":"https:\/\/www.opinionpublica.tv\/portada\/wp-json\/wp\/v2\/media\/46633"}],"wp:attachment":[{"href":"https:\/\/www.opinionpublica.tv\/portada\/wp-json\/wp\/v2\/media?parent=46628"}],"wp:term":[{"taxonomy":"category","embeddable":true,"href":"https:\/\/www.opinionpublica.tv\/portada\/wp-json\/wp\/v2\/categories?post=46628"},{"taxonomy":"post_tag","embeddable":true,"href":"https:\/\/www.opinionpublica.tv\/portada\/wp-json\/wp\/v2\/tags?post=46628"}],"curies":[{"name":"wp","href":"https:\/\/api.w.org\/{rel}","templated":true}]}}