{"id":46601,"date":"2024-11-07T00:01:00","date_gmt":"2024-11-07T07:01:00","guid":{"rendered":"https:\/\/www.opinionpublica.tv\/portada\/?p=46601"},"modified":"2024-11-06T21:04:13","modified_gmt":"2024-11-07T04:04:13","slug":"ine-a-la-espera-de-analisis-juridico-para-iniciar-organizacion-de-eleccion-judicial","status":"publish","type":"post","link":"https:\/\/www.opinionpublica.tv\/portada\/ine-a-la-espera-de-analisis-juridico-para-iniciar-organizacion-de-eleccion-judicial\/","title":{"rendered":"Espera INE an\u00e1lisis jur\u00eddico para iniciar organizaci\u00f3n de la elecci\u00f3n judicial"},"content":{"rendered":"\n<figure class=\"wp-block-image size-full\"><img fetchpriority=\"high\" decoding=\"async\" width=\"1024\" height=\"768\" src=\"https:\/\/www.opinionpublica.tv\/portada\/wp-content\/uploads\/2024\/11\/Espera-INE-analisis-juridico-para-iniciar-organizacion-de-la-eleccion-judicial.webp\" alt=\"Espera Ine Ana\u0301lisis Juri\u0301dico Para Iniciar Organizacio\u0301n De La Eleccio\u0301n Judicial\" class=\"wp-image-46605\" srcset=\"https:\/\/www.opinionpublica.tv\/portada\/wp-content\/uploads\/2024\/11\/Espera-INE-analisis-juridico-para-iniciar-organizacion-de-la-eleccion-judicial.webp 1024w, https:\/\/www.opinionpublica.tv\/portada\/wp-content\/uploads\/2024\/11\/Espera-INE-analisis-juridico-para-iniciar-organizacion-de-la-eleccion-judicial-300x225.webp 300w, https:\/\/www.opinionpublica.tv\/portada\/wp-content\/uploads\/2024\/11\/Espera-INE-analisis-juridico-para-iniciar-organizacion-de-la-eleccion-judicial-768x576.webp 768w\" sizes=\"(max-width: 1024px) 100vw, 1024px\" \/><\/figure>\n\n\n\n<p class=\"wp-block-paragraph\"><em>Ciudad de M\u00e9xico<\/em>.- En el Instituto Nacional Electoral (INE) no ha iniciado el proceso de organizaci\u00f3n de la elecci\u00f3n de juzgadores; pese a lo acontecido ayer en la Suprema Corte de Justicia de la Naci\u00f3n los consejeros contin\u00faan a la espera del an\u00e1lisis que sobre el particular haga la direcci\u00f3n jur\u00eddica del Instituto.<\/p>\n\n\n\n<p class=\"wp-block-paragraph\">Al momento, el INE no ha instalado la comisi\u00f3n especial organizadora de la elecci\u00f3n de juzgadores. Por lo pronto, tres de los once consejeros (Espadas, Faz y Humprhey) no se encuentran en el pa\u00eds pues est\u00e1n comisionados como observadores de la elecci\u00f3n presidencial de Estados Unidos.<\/p>\n\n\n\n<p class=\"wp-block-paragraph\">La consejera Claudia Zavala dej\u00f3 en claro que el INE cumplir\u00e1 con todas las sentencias del Poder Judicial de la Federaci\u00f3n.<\/p>\n\n\n\n<p class=\"wp-block-paragraph\">\u201cLo que no me queda claro es si sigue el camino de las suspensiones luego de lo que vimos ayer. Hay suspensiones particulares, con efectos particulares, y creo que eso es lo que la direcci\u00f3n jur\u00eddica (del INE) nos tiene que dar con mucha puntualidad\u201d, dijo.<\/p>\n\n\n\n<p class=\"wp-block-paragraph\">Se\u00f1al\u00f3 que deben conocer los efectos de cada suspensi\u00f3n de amparos promovidos por personas en lo particular.<\/p>\n\n\n\n<p class=\"wp-block-paragraph\">\u201cHay que analizar con mucha pulcritud esos efectos para poder tomar las interpretaciones\u201d, indic\u00f3.<\/p>\n\n\n\n<p class=\"wp-block-paragraph\">Zavala insisti\u00f3 en que los consejeros deben esperar al an\u00e1lisis que les d\u00e9 la Direcci\u00f3n Jur\u00eddica, \u201cporque, efectivamente, lo que hoy tenemos es que la Suprema Corte de Justicia no entr\u00f3 al an\u00e1lisis de si es v\u00e1lida o no esa reforma, pero es vigente, mientras no haya un juicio, todas las leyes tienen presunci\u00f3n de constitucionalidad. Si no ha sido derribada esa presunci\u00f3n, la ley sigue vigente.<\/p>\n\n\n\n<p class=\"wp-block-paragraph\">\u201cEl siguiente paso es nada m\u00e1s ver con mucha claridad el efecto de las suspensiones que tenemos notificadas\u201d.<\/p>\n\n\n\n<p class=\"wp-block-paragraph\">Los consejeros tampoco han sido notificados de la multa de m\u00e1s de 50 mil pesos impuesta por un juez de distrito supuestamente por desacato a las suspensiones definitivas en contra de la reforma. Entonces, a\u00f1adi\u00f3 Zavala, se interpondr\u00e1n los medios de impugnaci\u00f3n correspondientes \u201cporque se nos multa por incumplir lo que nosotros siempre hemos estado acatando. Ni siquiera se instal\u00f3 la comisi\u00f3n\u201d. (La Jornada)<\/p>\n","protected":false},"excerpt":{"rendered":"<p>Ciudad de M\u00e9xico.- En el Instituto Nacional Electoral (INE) no ha iniciado el proceso de organizaci\u00f3n de la elecci\u00f3n de juzgadores; pese a lo acontecido ayer en la Suprema Corte de Justicia de la Naci\u00f3n los consejeros contin\u00faan a la espera del an\u00e1lisis que sobre el particular haga la direcci\u00f3n jur\u00eddica del Instituto. Al momento, [&hellip;]<\/p>\n","protected":false},"author":6,"featured_media":46605,"comment_status":"open","ping_status":"open","sticky":false,"template":"","format":"standard","meta":{"_acf_changed":false,"_monsterinsights_skip_tracking":false,"slim_seo":{"title":"Espera INE an\u00e1lisis jur\u00eddico para iniciar organizaci\u00f3n de la elecci\u00f3n judicial - Opini\u00f3n P\u00fablica","description":"Ciudad de M\u00e9xico .- En el Instituto Nacional Electoral (INE) no ha iniciado el proceso de organizaci\u00f3n de la elecci\u00f3n de juzgadores; pese a lo acontecido ayer e"},"footnotes":""},"categories":[4],"tags":[],"class_list":["post-46601","post","type-post","status-publish","format-standard","has-post-thumbnail","hentry","category-pulsopolitico"],"acf":[],"_links":{"self":[{"href":"https:\/\/www.opinionpublica.tv\/portada\/wp-json\/wp\/v2\/posts\/46601","targetHints":{"allow":["GET"]}}],"collection":[{"href":"https:\/\/www.opinionpublica.tv\/portada\/wp-json\/wp\/v2\/posts"}],"about":[{"href":"https:\/\/www.opinionpublica.tv\/portada\/wp-json\/wp\/v2\/types\/post"}],"author":[{"embeddable":true,"href":"https:\/\/www.opinionpublica.tv\/portada\/wp-json\/wp\/v2\/users\/6"}],"replies":[{"embeddable":true,"href":"https:\/\/www.opinionpublica.tv\/portada\/wp-json\/wp\/v2\/comments?post=46601"}],"version-history":[{"count":4,"href":"https:\/\/www.opinionpublica.tv\/portada\/wp-json\/wp\/v2\/posts\/46601\/revisions"}],"predecessor-version":[{"id":46606,"href":"https:\/\/www.opinionpublica.tv\/portada\/wp-json\/wp\/v2\/posts\/46601\/revisions\/46606"}],"wp:featuredmedia":[{"embeddable":true,"href":"https:\/\/www.opinionpublica.tv\/portada\/wp-json\/wp\/v2\/media\/46605"}],"wp:attachment":[{"href":"https:\/\/www.opinionpublica.tv\/portada\/wp-json\/wp\/v2\/media?parent=46601"}],"wp:term":[{"taxonomy":"category","embeddable":true,"href":"https:\/\/www.opinionpublica.tv\/portada\/wp-json\/wp\/v2\/categories?post=46601"},{"taxonomy":"post_tag","embeddable":true,"href":"https:\/\/www.opinionpublica.tv\/portada\/wp-json\/wp\/v2\/tags?post=46601"}],"curies":[{"name":"wp","href":"https:\/\/api.w.org\/{rel}","templated":true}]}}