{"id":46595,"date":"2024-11-07T00:01:00","date_gmt":"2024-11-07T07:01:00","guid":{"rendered":"https:\/\/www.opinionpublica.tv\/portada\/?p=46595"},"modified":"2024-11-06T20:59:36","modified_gmt":"2024-11-07T03:59:36","slug":"arranca-la-tradicional-campana-de-santa-claus-bombero-2024-en-ciudad-juarez","status":"publish","type":"post","link":"https:\/\/www.opinionpublica.tv\/portada\/arranca-la-tradicional-campana-de-santa-claus-bombero-2024-en-ciudad-juarez\/","title":{"rendered":"Arranca la tradicional campa\u00f1a de Santa Claus Bombero 2024 en Ju\u00e1rez"},"content":{"rendered":"\n<figure class=\"wp-block-image size-large\"><img fetchpriority=\"high\" decoding=\"async\" width=\"1024\" height=\"682\" src=\"https:\/\/www.opinionpublica.tv\/portada\/wp-content\/uploads\/2024\/11\/Arranca-la-tradicional-campana-de-Santa-Claus-Bombero-2024-en-Juarez-1024x682.jpeg\" alt=\"Arranca La Tradicional Campan\u0303a De Santa Claus Bombero 2024 En Jua\u0301rez\" class=\"wp-image-46599\" srcset=\"https:\/\/www.opinionpublica.tv\/portada\/wp-content\/uploads\/2024\/11\/Arranca-la-tradicional-campana-de-Santa-Claus-Bombero-2024-en-Juarez-1024x682.jpeg 1024w, https:\/\/www.opinionpublica.tv\/portada\/wp-content\/uploads\/2024\/11\/Arranca-la-tradicional-campana-de-Santa-Claus-Bombero-2024-en-Juarez-300x200.jpeg 300w, https:\/\/www.opinionpublica.tv\/portada\/wp-content\/uploads\/2024\/11\/Arranca-la-tradicional-campana-de-Santa-Claus-Bombero-2024-en-Juarez-768x512.jpeg 768w, https:\/\/www.opinionpublica.tv\/portada\/wp-content\/uploads\/2024\/11\/Arranca-la-tradicional-campana-de-Santa-Claus-Bombero-2024-en-Juarez-1536x1023.jpeg 1536w, https:\/\/www.opinionpublica.tv\/portada\/wp-content\/uploads\/2024\/11\/Arranca-la-tradicional-campana-de-Santa-Claus-Bombero-2024-en-Juarez.jpeg 1600w\" sizes=\"(max-width: 1024px) 100vw, 1024px\" \/><\/figure>\n\n\n\n<p class=\"wp-block-paragraph\"><em>Ciudad Ju\u00e1rez, Chih<\/em>.- El presidente municipal, Cruz P\u00e9rez Cu\u00e9llar, dio arranque a la campa\u00f1a de colecta de juguetes de Santa Claus Bombero, en su edici\u00f3n 85.<\/p>\n\n\n\n<p class=\"wp-block-paragraph\">P\u00e9rez Cu\u00e9llar lleg\u00f3 con varios juguetes y bicicletas e invit\u00f3 a los juarenses y pase\u00f1os para que se sumen a esta noble causa, ya que con la actividad pueden llegar a m\u00e1s ni\u00f1as y ni\u00f1os de Ju\u00e1rez que no tienen recursos para adquirir un regalo en Navidad.<\/p>\n\n\n\n<p class=\"wp-block-paragraph\">\u00abEl Santa Bombero es una bella tradici\u00f3n juarense que naci\u00f3 con Don Leonardo Sol\u00eds Barraza y cuando nos toca a nosotros entregar juguetes es una experiencia extraordinaria\u00bb, mencion\u00f3.<\/p>\n\n\n\n<p class=\"wp-block-paragraph\">En compa\u00f1\u00eda de funcionarios y regidores, el edil encendi\u00f3 el \u00e1rbol navide\u00f1o ubicado en las instalaciones de la Direcci\u00f3n General de Protecci\u00f3n Civil, donde adem\u00e1s est\u00e1 la Estaci\u00f3n n\u00famero 1 de Bomberos.<\/p>\n\n\n\n<p class=\"wp-block-paragraph\">El alcalde tambi\u00e9n pidi\u00f3 el apoyo de Index Ju\u00e1rez y de la C\u00e1mara Nacional de la Industria de Transformaci\u00f3n (CANACINTRA), a fin de que se unan a la campa\u00f1a.<\/p>\n\n\n\n<p class=\"wp-block-paragraph\">El director general de Protecci\u00f3n Civil del Municipio, Sergio Rodr\u00edguez, agradeci\u00f3 a los funcionarios por ser parte de esta campa\u00f1a, ya que cada uno de ellos llev\u00f3 varias bicicletas que ser\u00e1n entregadas el pr\u00f3ximo 24 de diciembre.<\/p>\n\n\n\n<p class=\"wp-block-paragraph\">Dijo que Ju\u00e1rez es la \u00fanica ciudad en todo M\u00e9xico con esta tradici\u00f3n que se ha mantenido por 85 a\u00f1os y pidi\u00f3 a la ciudadan\u00eda sumarse para que ning\u00fan ni\u00f1o se quede sin regalo esta Navidad.<\/p>\n\n\n\n<p class=\"wp-block-paragraph\">La colecta de juguetes ser\u00e1 en distintas Estaciones del Heroico Cuerpo de Bomberos y quienes quieran apoyar, pueden donar juguetes nuevos o usados pero en buenas condiciones, solamente no se reciben juguetes b\u00e9licos, ya que estos son destruidos.<\/p>\n","protected":false},"excerpt":{"rendered":"<p>Ciudad Ju\u00e1rez, Chih.- El presidente municipal, Cruz P\u00e9rez Cu\u00e9llar, dio arranque a la campa\u00f1a de colecta de juguetes de Santa Claus Bombero, en su edici\u00f3n 85. P\u00e9rez Cu\u00e9llar lleg\u00f3 con varios juguetes y bicicletas e invit\u00f3 a los juarenses y pase\u00f1os para que se sumen a esta noble causa, ya que con la actividad pueden [&hellip;]<\/p>\n","protected":false},"author":6,"featured_media":46599,"comment_status":"open","ping_status":"open","sticky":false,"template":"","format":"standard","meta":{"_acf_changed":false,"_monsterinsights_skip_tracking":false,"slim_seo":{"title":"Arranca la tradicional campa\u00f1a de Santa Claus Bombero 2024 en Ju\u00e1rez - Opini\u00f3n P\u00fablica","description":"Ciudad Ju\u00e1rez, Chih .- El presidente municipal, Cruz P\u00e9rez Cu\u00e9llar, dio arranque a la campa\u00f1a de colecta de juguetes de Santa Claus Bombero, en su edici\u00f3n 85. P"},"footnotes":""},"categories":[11],"tags":[],"class_list":["post-46595","post","type-post","status-publish","format-standard","has-post-thumbnail","hentry","category-tendencias"],"acf":[],"_links":{"self":[{"href":"https:\/\/www.opinionpublica.tv\/portada\/wp-json\/wp\/v2\/posts\/46595","targetHints":{"allow":["GET"]}}],"collection":[{"href":"https:\/\/www.opinionpublica.tv\/portada\/wp-json\/wp\/v2\/posts"}],"about":[{"href":"https:\/\/www.opinionpublica.tv\/portada\/wp-json\/wp\/v2\/types\/post"}],"author":[{"embeddable":true,"href":"https:\/\/www.opinionpublica.tv\/portada\/wp-json\/wp\/v2\/users\/6"}],"replies":[{"embeddable":true,"href":"https:\/\/www.opinionpublica.tv\/portada\/wp-json\/wp\/v2\/comments?post=46595"}],"version-history":[{"count":3,"href":"https:\/\/www.opinionpublica.tv\/portada\/wp-json\/wp\/v2\/posts\/46595\/revisions"}],"predecessor-version":[{"id":46600,"href":"https:\/\/www.opinionpublica.tv\/portada\/wp-json\/wp\/v2\/posts\/46595\/revisions\/46600"}],"wp:featuredmedia":[{"embeddable":true,"href":"https:\/\/www.opinionpublica.tv\/portada\/wp-json\/wp\/v2\/media\/46599"}],"wp:attachment":[{"href":"https:\/\/www.opinionpublica.tv\/portada\/wp-json\/wp\/v2\/media?parent=46595"}],"wp:term":[{"taxonomy":"category","embeddable":true,"href":"https:\/\/www.opinionpublica.tv\/portada\/wp-json\/wp\/v2\/categories?post=46595"},{"taxonomy":"post_tag","embeddable":true,"href":"https:\/\/www.opinionpublica.tv\/portada\/wp-json\/wp\/v2\/tags?post=46595"}],"curies":[{"name":"wp","href":"https:\/\/api.w.org\/{rel}","templated":true}]}}