{"id":46582,"date":"2024-11-07T00:01:00","date_gmt":"2024-11-07T07:01:00","guid":{"rendered":"https:\/\/www.opinionpublica.tv\/portada\/?p=46582"},"modified":"2024-11-06T20:03:31","modified_gmt":"2024-11-07T03:03:31","slug":"sheinbaum-felicita-a-trump-por-victoria-en-elecciones-trabajaremos-con-dialogo-y-respeto-a-nuestras-soberanias","status":"publish","type":"post","link":"https:\/\/www.opinionpublica.tv\/portada\/sheinbaum-felicita-a-trump-por-victoria-en-elecciones-trabajaremos-con-dialogo-y-respeto-a-nuestras-soberanias\/","title":{"rendered":"Sheinbaum felicita a Trump por victoria: \u2018Trabajaremos con di\u00e1logo y respeto&#8217;"},"content":{"rendered":"\n<figure class=\"wp-block-image size-full\"><img fetchpriority=\"high\" decoding=\"async\" width=\"1600\" height=\"900\" src=\"https:\/\/www.opinionpublica.tv\/portada\/wp-content\/uploads\/2024\/11\/Sheinbaum-felicita-a-Trump-por-victoria-\u2018Trabajaremos-con-dialogo-y-respeto.avif\" alt=\"Sheinbaum Felicita A Trump Por Victoria \u2018trabajaremos Con Dia\u0301logo Y Respeto'\" class=\"wp-image-46585\"\/><\/figure>\n\n\n\n<p class=\"wp-block-paragraph\">Y lleg\u00f3 el reconocimiento: Claudia Sheinbaum felicit\u00f3 a Donald Trump por su triunfo en la elecci\u00f3n presidencial en Estados Unidos, y asegur\u00f3 que la cooperaci\u00f3n entre M\u00e9xico y Estados Unidos seguir\u00e1 avanzando.<\/p>\n\n\n\n<p class=\"wp-block-paragraph\">\u201cEstoy cierta de que vamos a continuar trabajando juntos de manera coordinada, con di\u00e1logo y respeto a nuestras soberan\u00edas, para avanzar en la amplia agenda bilateral que nos enlaza\u201d, public\u00f3 en X (antes Twitter).<\/p>\n\n\n\n<p class=\"wp-block-paragraph\">\u00bfPor qu\u00e9 Sheinbaum no hab\u00eda felicitado a Trump?<\/p>\n\n\n\n<p class=\"wp-block-paragraph\">En su \u2018ma\u00f1anera&#8217; de este mi\u00e9rcoles 6 de noviembre, la mandataria dijo que esperar\u00eda a que terminara el conteo de votos en EU para dar su posicionamiento.<\/p>\n\n\n\n<p class=\"wp-block-paragraph\">\u201cA todas y a todos los mexicanos, no hay ning\u00fan motivo de preocupaci\u00f3n. A nuestros paisanos y paisanas, a sus familiares que est\u00e1n aqu\u00ed, a las empresarias y empresarios mexicanos, no hay motivo ninguno de preocupaci\u00f3n. M\u00e9xico siempre sale adelante, somos un pa\u00eds libre, independiente, soberano, y va a haber buena relaci\u00f3n con Estados Unidos, estoy convencida de ello\u00bb, dijo.<\/p>\n\n\n\n<p class=\"wp-block-paragraph\">Durante la campa\u00f1a a la Presidencia, Donald Trump \u2018amenaz\u00f3&#8217; a Claudia Sheinbaum con aplicar aranceles de 25 por ciento a las exportaciones de M\u00e9xico si no se reduce el flujo de migrantes que llegan a la frontera norte, y con activar la renegociaci\u00f3n del T-MEC en 2026.<\/p>\n\n\n\n<p class=\"wp-block-paragraph\">\u201cNotificar\u00e9 formalmente a M\u00e9xico y Canad\u00e1 mi intenci\u00f3n de invocar la cl\u00e1usula de renegociaci\u00f3n a los seis a\u00f1os del acuerdo\u201d, declar\u00f3 a inicios de octubre.<\/p>\n\n\n\n<p class=\"wp-block-paragraph\">\u00bfQu\u00e9 dijo Kamala Harris en su mensaje de derrota ante Trump?<\/p>\n\n\n\n<p class=\"wp-block-paragraph\">Casi al mismo tiempo que Sheinbaum public\u00f3 este mensaje, la excandidata dem\u00f3crata Kamala Harris dio su discurso de derrota en el que concedi\u00f3 haber perdido las elecciones ante Trump.<\/p>\n\n\n\n<p class=\"wp-block-paragraph\">La vicepresidenta de EU remarc\u00f3 que \u201cun principio fundamental de la democracia de Estados Unidos es aceptar que se perdi\u00f3\u201c, esto en aparente referencia a Trump, quien hasta la fecha sostiene que no perdi\u00f3 la elecci\u00f3n presidencial de 2020.<\/p>\n\n\n\n<p class=\"wp-block-paragraph\">En la Universidad de Howard, su alma m\u00e1ter, Harris destac\u00f3 que ese principio \u201csepara a la democracia de la tiran\u00eda\u201d.<\/p>\n\n\n\n<p class=\"wp-block-paragraph\">Estaba previsto que esa intervenci\u00f3n se produjera el martes al final de la jornada electoral, pero se pospuso a hoy alegando que todav\u00eda se estaban contando votos y que hab\u00eda estados que a\u00fan no estaban decididos.<\/p>\n\n\n\n<p class=\"wp-block-paragraph\">\u00bfSheinbaum enviar\u00e1 informaci\u00f3n sobre migraci\u00f3n a Trump?<\/p>\n\n\n\n<p class=\"wp-block-paragraph\">Este semana, la presidenta Sheinbaum rechaz\u00f3 que M\u00e9xico no est\u00e9 haciendo su \u2018chamba\u2019 para reducir la llegada de migrantes a la frontera de Estados Unidos como insinu\u00f3 Trump.<\/p>\n\n\n\n<p class=\"wp-block-paragraph\">\u201cA veces no se tiene la suficiente informaci\u00f3n \u2014de \u00e9l y de otros, de cualquiera del Partido Dem\u00f3crata o Republicano\u2014 del esfuerzo que ha hecho M\u00e9xico para disminuir la migraci\u00f3n o la presencia de migrantes en la frontera, a trav\u00e9s de un mecanismo muy importante de distintas \u00e1reas del Gobierno\u00bb, se\u00f1al\u00f3.<\/p>\n\n\n\n<p class=\"wp-block-paragraph\">De hecho, la presidenta Sheinbaum adelant\u00f3 que el canciller Juan Ram\u00f3n de la Fuente llegar\u00e1 a la \u2018ma\u00f1anera&#8217; del pr\u00f3ximo 8 de noviembre para explicar c\u00f3mo M\u00e9xico ha reducido en 75 por ciento la llegada de migrantes a la frontera con EU entre diciembre de 2023 y octubre de este a\u00f1o. (El Financiero)<\/p>\n","protected":false},"excerpt":{"rendered":"<p>Y lleg\u00f3 el reconocimiento: Claudia Sheinbaum felicit\u00f3 a Donald Trump por su triunfo en la elecci\u00f3n presidencial en Estados Unidos, y asegur\u00f3 que la cooperaci\u00f3n entre M\u00e9xico y Estados Unidos seguir\u00e1 avanzando. \u201cEstoy cierta de que vamos a continuar trabajando juntos de manera coordinada, con di\u00e1logo y respeto a nuestras soberan\u00edas, para avanzar en la [&hellip;]<\/p>\n","protected":false},"author":6,"featured_media":46585,"comment_status":"open","ping_status":"open","sticky":false,"template":"","format":"standard","meta":{"_acf_changed":false,"_monsterinsights_skip_tracking":false,"slim_seo":{"title":"Sheinbaum felicita a Trump por victoria: \u2018Trabajaremos con di\u00e1logo y respeto' - Opini\u00f3n P\u00fablica","description":"Y lleg\u00f3 el reconocimiento: Claudia Sheinbaum felicit\u00f3 a Donald Trump por su triunfo en la elecci\u00f3n presidencial en Estados Unidos, y asegur\u00f3 que la cooperaci\u00f3n"},"footnotes":""},"categories":[4],"tags":[],"class_list":["post-46582","post","type-post","status-publish","format-standard","has-post-thumbnail","hentry","category-pulsopolitico"],"acf":[],"_links":{"self":[{"href":"https:\/\/www.opinionpublica.tv\/portada\/wp-json\/wp\/v2\/posts\/46582","targetHints":{"allow":["GET"]}}],"collection":[{"href":"https:\/\/www.opinionpublica.tv\/portada\/wp-json\/wp\/v2\/posts"}],"about":[{"href":"https:\/\/www.opinionpublica.tv\/portada\/wp-json\/wp\/v2\/types\/post"}],"author":[{"embeddable":true,"href":"https:\/\/www.opinionpublica.tv\/portada\/wp-json\/wp\/v2\/users\/6"}],"replies":[{"embeddable":true,"href":"https:\/\/www.opinionpublica.tv\/portada\/wp-json\/wp\/v2\/comments?post=46582"}],"version-history":[{"count":3,"href":"https:\/\/www.opinionpublica.tv\/portada\/wp-json\/wp\/v2\/posts\/46582\/revisions"}],"predecessor-version":[{"id":46586,"href":"https:\/\/www.opinionpublica.tv\/portada\/wp-json\/wp\/v2\/posts\/46582\/revisions\/46586"}],"wp:featuredmedia":[{"embeddable":true,"href":"https:\/\/www.opinionpublica.tv\/portada\/wp-json\/wp\/v2\/media\/46585"}],"wp:attachment":[{"href":"https:\/\/www.opinionpublica.tv\/portada\/wp-json\/wp\/v2\/media?parent=46582"}],"wp:term":[{"taxonomy":"category","embeddable":true,"href":"https:\/\/www.opinionpublica.tv\/portada\/wp-json\/wp\/v2\/categories?post=46582"},{"taxonomy":"post_tag","embeddable":true,"href":"https:\/\/www.opinionpublica.tv\/portada\/wp-json\/wp\/v2\/tags?post=46582"}],"curies":[{"name":"wp","href":"https:\/\/api.w.org\/{rel}","templated":true}]}}