{"id":4657,"date":"2016-09-20T06:00:00","date_gmt":"2016-09-20T04:00:00","guid":{"rendered":"https:\/\/www.opinionpublica.tv\/portada\/2016\/09\/20\/temperaturas-agradables-en-la-frontera\/"},"modified":"2016-09-20T06:00:00","modified_gmt":"2016-09-20T04:00:00","slug":"temperaturas-agradables-en-la-frontera","status":"publish","type":"post","link":"https:\/\/www.opinionpublica.tv\/portada\/temperaturas-agradables-en-la-frontera\/","title":{"rendered":"Temperaturas agradables en la frontera"},"content":{"rendered":"<p><img fetchpriority=\"high\" decoding=\"async\" class=\" size-full wp-image-4656\" src=\"https:\/\/www.opinionpublica.tv\/portada\/wp-content\/uploads\/2016\/09\/ab6267516b32f1b252518cc8a1c8e158.jpg\" alt=\"\" width=\"493\" height=\"339\" srcset=\"https:\/\/www.opinionpublica.tv\/portada\/wp-content\/uploads\/2016\/09\/ab6267516b32f1b252518cc8a1c8e158.jpg 493w, https:\/\/www.opinionpublica.tv\/portada\/wp-content\/uploads\/2016\/09\/ab6267516b32f1b252518cc8a1c8e158-300x206.jpg 300w\" sizes=\"(max-width: 493px) 100vw, 493px\" \/><\/p>\n<p>Condiciones clim\u00e1ticas favorables son pronosticadas para los siguientes d\u00edas en la regi\u00f3n, con temperaturas\u00a0m\u00e1ximas\u00a0de 31 a 34 grados cent\u00edgrados y m\u00ednimas de 19 a 21,por la noche, de acuerdo con informaci\u00f3n proporcionada \u00a0en la Direcci\u00f3n de Protecci\u00f3n Civil Municipal.<\/p>\n<p>Efr\u00e9n Matamoros Barraza, titular de la dependencia, dijo que de acuerdo al pron\u00f3stico emitido por el Sistema Meteorol\u00f3gico Nacional se prev\u00e9 la presencia de vientos ligeros provenientes en su mayor\u00eda de sur sureste con velocidades de 10 a 18 kil\u00f3metros por hora para los pr\u00f3ximos d\u00edas.<\/p>\n<p>Indic\u00f3 que hoy martes se espera un cielo soleado con\u00a0m\u00e1ximas\u00a0de 33 grados cent\u00edgrados, mientras que por la noche las m\u00ednimas oscilaran entre los 20 y 21.<\/p>\n<p>Por la noche, explic\u00f3, se advierte un 10 por ciento de probabilidad de lluvias aisladas a moderadas.<\/p>\n","protected":false},"excerpt":{"rendered":"<p>Condiciones clim\u00e1ticas favorables son pronosticadas para los siguientes d\u00edas en la regi\u00f3n, con temperaturas\u00a0m\u00e1ximas\u00a0de 31 a 34 grados cent\u00edgrados y m\u00ednimas de 19 a 21,por la noche, de acuerdo con informaci\u00f3n proporcionada \u00a0en la Direcci\u00f3n de Protecci\u00f3n Civil Municipal. Efr\u00e9n Matamoros Barraza, titular de la dependencia, dijo que de acuerdo al pron\u00f3stico emitido por el [&hellip;]<\/p>\n","protected":false},"author":1,"featured_media":4656,"comment_status":"open","ping_status":"open","sticky":false,"template":"","format":"standard","meta":{"_acf_changed":false,"_monsterinsights_skip_tracking":false,"slim_seo":{"title":"Temperaturas agradables en la frontera - Opini\u00f3n P\u00fablica","description":"Condiciones clim\u00e1ticas favorables son pronosticadas para los siguientes d\u00edas en la regi\u00f3n, con temperaturas\u00a0m\u00e1ximas\u00a0de 31 a 34 grados cent\u00edgrados y m\u00ednimas de 1"},"footnotes":""},"categories":[5],"tags":[],"class_list":["post-4657","post","type-post","status-publish","format-standard","has-post-thumbnail","hentry","category-frontera"],"acf":[],"_links":{"self":[{"href":"https:\/\/www.opinionpublica.tv\/portada\/wp-json\/wp\/v2\/posts\/4657","targetHints":{"allow":["GET"]}}],"collection":[{"href":"https:\/\/www.opinionpublica.tv\/portada\/wp-json\/wp\/v2\/posts"}],"about":[{"href":"https:\/\/www.opinionpublica.tv\/portada\/wp-json\/wp\/v2\/types\/post"}],"author":[{"embeddable":true,"href":"https:\/\/www.opinionpublica.tv\/portada\/wp-json\/wp\/v2\/users\/1"}],"replies":[{"embeddable":true,"href":"https:\/\/www.opinionpublica.tv\/portada\/wp-json\/wp\/v2\/comments?post=4657"}],"version-history":[{"count":0,"href":"https:\/\/www.opinionpublica.tv\/portada\/wp-json\/wp\/v2\/posts\/4657\/revisions"}],"wp:featuredmedia":[{"embeddable":true,"href":"https:\/\/www.opinionpublica.tv\/portada\/wp-json\/wp\/v2\/media\/4656"}],"wp:attachment":[{"href":"https:\/\/www.opinionpublica.tv\/portada\/wp-json\/wp\/v2\/media?parent=4657"}],"wp:term":[{"taxonomy":"category","embeddable":true,"href":"https:\/\/www.opinionpublica.tv\/portada\/wp-json\/wp\/v2\/categories?post=4657"},{"taxonomy":"post_tag","embeddable":true,"href":"https:\/\/www.opinionpublica.tv\/portada\/wp-json\/wp\/v2\/tags?post=4657"}],"curies":[{"name":"wp","href":"https:\/\/api.w.org\/{rel}","templated":true}]}}