{"id":46561,"date":"2024-11-07T00:01:00","date_gmt":"2024-11-07T07:01:00","guid":{"rendered":"https:\/\/www.opinionpublica.tv\/portada\/?p=46561"},"modified":"2024-11-06T19:42:11","modified_gmt":"2024-11-07T02:42:11","slug":"reinaugura-maru-campos-unidad-basica-de-rehabilitacion-en-san-francisco-del-oro","status":"publish","type":"post","link":"https:\/\/www.opinionpublica.tv\/portada\/reinaugura-maru-campos-unidad-basica-de-rehabilitacion-en-san-francisco-del-oro\/","title":{"rendered":"Reinaugura Maru Unidad de Rehabilitaci\u00f3n en San Francisco del Oro"},"content":{"rendered":"\n<figure class=\"wp-block-image size-large\"><img fetchpriority=\"high\" decoding=\"async\" width=\"1024\" height=\"682\" src=\"https:\/\/www.opinionpublica.tv\/portada\/wp-content\/uploads\/2024\/11\/Reinaugura-Maru-Unidad-de-Rehabilitacion-en-San-Francisco-del-Oro-1024x682.jpeg\" alt=\"Reinaugura Maru Unidad De Rehabilitacio\u0301n En San Francisco Del Oro\" class=\"wp-image-46565\" srcset=\"https:\/\/www.opinionpublica.tv\/portada\/wp-content\/uploads\/2024\/11\/Reinaugura-Maru-Unidad-de-Rehabilitacion-en-San-Francisco-del-Oro-1024x682.jpeg 1024w, https:\/\/www.opinionpublica.tv\/portada\/wp-content\/uploads\/2024\/11\/Reinaugura-Maru-Unidad-de-Rehabilitacion-en-San-Francisco-del-Oro-300x200.jpeg 300w, https:\/\/www.opinionpublica.tv\/portada\/wp-content\/uploads\/2024\/11\/Reinaugura-Maru-Unidad-de-Rehabilitacion-en-San-Francisco-del-Oro-768x512.jpeg 768w, https:\/\/www.opinionpublica.tv\/portada\/wp-content\/uploads\/2024\/11\/Reinaugura-Maru-Unidad-de-Rehabilitacion-en-San-Francisco-del-Oro-1536x1023.jpeg 1536w, https:\/\/www.opinionpublica.tv\/portada\/wp-content\/uploads\/2024\/11\/Reinaugura-Maru-Unidad-de-Rehabilitacion-en-San-Francisco-del-Oro.jpeg 1600w\" sizes=\"(max-width: 1024px) 100vw, 1024px\" \/><\/figure>\n\n\n\n<p class=\"wp-block-paragraph\"><em>San Francisco del Oro, Chih<\/em>.- La gobernadora Maru Campos encabez\u00f3 la ceremonia de reinauguraci\u00f3n de la Unidad B\u00e1sica de Rehabilitaci\u00f3n en San Francisco del Oro, que permitir\u00e1 a la poblaci\u00f3n con alguna limitaci\u00f3n o discapacidad f\u00edsica, acceder a las terapias, estimulaciones y tratamientos que requieren.<\/p>\n\n\n\n<p class=\"wp-block-paragraph\">La mandataria recorri\u00f3 las nuevas instalaciones para conocer de primera mano el funcionamiento de las diferentes \u00e1reas. El equipamiento entregado se adquiri\u00f3 con una inversi\u00f3n bipartita de 213 mil pesos entre Estado y Ayuntamiento, y el predio fue donado en comodato por la compa\u00f1\u00eda Minera Frisco.<\/p>\n\n\n\n<p class=\"wp-block-paragraph\">Posteriormente, la titular del Ejecutivo entreg\u00f3 pr\u00f3tesis y sillas de ruedas al ni\u00f1o Alexander de 10 a\u00f1os, as\u00ed como a los j\u00f3venes Marco de 17 y Yair de 15 a\u00f1os, cuyas familias le agradecieron por el apoyo recibido.<\/p>\n\n\n\n<p class=\"wp-block-paragraph\">\u201cUstedes son dignos de todo. Nuestros ni\u00f1os merecen un apapacho y un abrazo, y nosotros estamos para acompa\u00f1arlos\u201d, les expres\u00f3 Maru Campos al conocer y escuchar sus historias de lucha.<\/p>\n\n\n\n<p class=\"wp-block-paragraph\">La renovaci\u00f3n del inmueble incluye la adquisici\u00f3n de camas, una nueva sala de electroestimulaci\u00f3n y de hidroterapia, barras para terapia ocupacional, incorporaci\u00f3n de aparatos multifuncionales, un \u00e1rea para terapia infantil y el acondicionamiento general de los ba\u00f1os, la cocina y el \u00e1rea de valoraci\u00f3n m\u00e9dica.<\/p>\n","protected":false},"excerpt":{"rendered":"<p>San Francisco del Oro, Chih.- La gobernadora Maru Campos encabez\u00f3 la ceremonia de reinauguraci\u00f3n de la Unidad B\u00e1sica de Rehabilitaci\u00f3n en San Francisco del Oro, que permitir\u00e1 a la poblaci\u00f3n con alguna limitaci\u00f3n o discapacidad f\u00edsica, acceder a las terapias, estimulaciones y tratamientos que requieren. La mandataria recorri\u00f3 las nuevas instalaciones para conocer de primera [&hellip;]<\/p>\n","protected":false},"author":6,"featured_media":46565,"comment_status":"open","ping_status":"open","sticky":false,"template":"","format":"standard","meta":{"_acf_changed":false,"_monsterinsights_skip_tracking":false,"slim_seo":{"title":"Reinaugura Maru Unidad de Rehabilitaci\u00f3n en San Francisco del Oro - Opini\u00f3n P\u00fablica","description":"San Francisco del Oro, Chih .- La gobernadora Maru Campos encabez\u00f3 la ceremonia de reinauguraci\u00f3n de la Unidad B\u00e1sica de Rehabilitaci\u00f3n en San Francisco del Oro"},"footnotes":""},"categories":[11],"tags":[],"class_list":["post-46561","post","type-post","status-publish","format-standard","has-post-thumbnail","hentry","category-tendencias"],"acf":[],"_links":{"self":[{"href":"https:\/\/www.opinionpublica.tv\/portada\/wp-json\/wp\/v2\/posts\/46561","targetHints":{"allow":["GET"]}}],"collection":[{"href":"https:\/\/www.opinionpublica.tv\/portada\/wp-json\/wp\/v2\/posts"}],"about":[{"href":"https:\/\/www.opinionpublica.tv\/portada\/wp-json\/wp\/v2\/types\/post"}],"author":[{"embeddable":true,"href":"https:\/\/www.opinionpublica.tv\/portada\/wp-json\/wp\/v2\/users\/6"}],"replies":[{"embeddable":true,"href":"https:\/\/www.opinionpublica.tv\/portada\/wp-json\/wp\/v2\/comments?post=46561"}],"version-history":[{"count":3,"href":"https:\/\/www.opinionpublica.tv\/portada\/wp-json\/wp\/v2\/posts\/46561\/revisions"}],"predecessor-version":[{"id":46566,"href":"https:\/\/www.opinionpublica.tv\/portada\/wp-json\/wp\/v2\/posts\/46561\/revisions\/46566"}],"wp:featuredmedia":[{"embeddable":true,"href":"https:\/\/www.opinionpublica.tv\/portada\/wp-json\/wp\/v2\/media\/46565"}],"wp:attachment":[{"href":"https:\/\/www.opinionpublica.tv\/portada\/wp-json\/wp\/v2\/media?parent=46561"}],"wp:term":[{"taxonomy":"category","embeddable":true,"href":"https:\/\/www.opinionpublica.tv\/portada\/wp-json\/wp\/v2\/categories?post=46561"},{"taxonomy":"post_tag","embeddable":true,"href":"https:\/\/www.opinionpublica.tv\/portada\/wp-json\/wp\/v2\/tags?post=46561"}],"curies":[{"name":"wp","href":"https:\/\/api.w.org\/{rel}","templated":true}]}}