{"id":46558,"date":"2024-11-09T00:01:00","date_gmt":"2024-11-09T07:01:00","guid":{"rendered":"https:\/\/www.opinionpublica.tv\/portada\/?p=46558"},"modified":"2024-11-06T19:36:37","modified_gmt":"2024-11-07T02:36:37","slug":"la-corte-no-quiso-no-pudo-no-se-atrevio","status":"publish","type":"post","link":"https:\/\/www.opinionpublica.tv\/portada\/la-corte-no-quiso-no-pudo-no-se-atrevio\/","title":{"rendered":"La Corte no quiso, no pudo, no se atrevi\u00f3"},"content":{"rendered":"\n<h4 class=\"wp-block-heading\"><strong><em>Jorge G. Casta\u00f1eda<\/em><\/strong><\/h4>\n\n\n\n<p class=\"wp-block-paragraph\">___________________________<\/p>\n\n\n\n<p class=\"wp-block-paragraph\">Pues no hubo crisis constitucional. La ponencia de Gonz\u00e1lez Alc\u00e1ntara, a pesar de su in\u00fatil b\u00fasqueda de un iluso acuerdo con el gobierno, no logr\u00f3 el apoyo de los ocho ministros necesarios. Apoyo que representaba la \u00fanica justificaci\u00f3n de su existencia.<\/p>\n\n\n\n<p class=\"wp-block-paragraph\">En la votaci\u00f3n de procedimiento, donde se jug\u00f3 el fondo, a saber, si se requer\u00edan seis u ocho votos para resolver la inconstitucionalidad, el bloque opositor perdi\u00f3 dos votos m\u00e1s, adicionales al que perdi\u00f3 en la votaci\u00f3n de procedencia. Se puede discutir si la responsabilidad de la derrota opositora recae solo en P\u00e9rez Day\u00e1n, o tambi\u00e9n en Aguilar y Pardo Rebolledo.<\/p>\n\n\n\n<p class=\"wp-block-paragraph\">Pero, en cualquier caso, al final de cuentas, la Corte no pudo\/no quiso\/no se atrevi\u00f3 a desechar por inconstitucional una reforma al Poder Judicial que elimina la independencia del mismo. Lo siento por todos aquellos que esperaban un gui\u00f1o de la presidenta en direcci\u00f3n de los ministros, se\u00f1alando su acuerdo con el acuerdo. Y lo siento tambi\u00e9n por aquellos que no han entendido que este gobierno, al igual que el anterior, no juega a perder. Va con todo, por todo.<\/p>\n\n\n\n<p class=\"wp-block-paragraph\">Ahora no solo tenemos reforma judicial, sino tambi\u00e9n \u201csupremac\u00eda\u201d que, como tantos lo han dicho, permite hasta el infinito. Ya no existe, aun sin las modificaciones iniciales al Art\u00edculo 1 de la Constituci\u00f3n, l\u00edmite al alcance reformador del Congreso. No se puede descartar, por cierto, que para disipar cualquier ambig\u00fcedad, pronto se reintroduzca una nueva versi\u00f3n que supedite los tratados internacionales a la Constituci\u00f3n. Quienes piensan que en M\u00e9xico no somos capaces de aprobar leyes o modificaciones constitucionales que violen derechos fundamentales desconocen la historia de otras violaciones de dichos derechos, en otros pa\u00edses y en otros momentos.<\/p>\n\n\n\n<p class=\"wp-block-paragraph\">\u00bfPor qu\u00e9 no resisti\u00f3 la Corte? Dif\u00edcil saber, ya que se trata no solo de una instituci\u00f3n, sino tambi\u00e9n de las personas que la conforman. Ya vimos que en otras instancias \u2014el Consejo del INE, el Tribunal Electoral, el Senado\u2014 hay pocos h\u00e9roes, como es natural en un pa\u00eds donde no hay muchos. Es cierto que en M\u00e9xico, desde tiempos inmemoriales, si uno no tiene cola que le pisen, de todas maneras le inventan una.<\/p>\n\n\n\n<p class=\"wp-block-paragraph\">Pero es m\u00e1s f\u00e1cil doblar a alguien cuando s\u00ed la tiene, y es preferible, teni\u00e9ndola, declinar ciertos cargos. El hecho es que ayer concluy\u00f3 la larga lucha de L\u00f3pez Obrador por conquistar al Poder Judicial, que empez\u00f3 con la renuncia forzada de Eduardo Medina Mora. La victoria es completa.<\/p>\n\n\n\n<p class=\"wp-block-paragraph\">Las consecuencias para la democracia mexicana probablemente sean m\u00e1s graves que para la justicia. Esta \u00faltima seguir\u00e1 siendo igual de defectuosa, lenta, corrupta y elitista que antes; en otras palabras, no cambiar\u00e1 gran cosa. Pero el \u00faltimo muro de contenci\u00f3n al poder absoluto que era la Suprema Corte s\u00ed se derrumba. No sufre tanto la justicia como la democracia. Los partidarios de esta reforma, o todos aquellos que guardaron silencio ante ella, podr\u00e1n conformarse o resignarse con varios razonamientos.<\/p>\n\n\n\n<p class=\"wp-block-paragraph\">Era inevitable, desde que la oposici\u00f3n no supo evitar las mayor\u00edas calificadas de Morena. No es tan grave, Estados Unidos evitar\u00e1 que nos volvamos Venezuela. La reforma judicial es el tributo que Claudia Sheinbaum se vio obligada a entregarle a L\u00f3pez Obrador para llegar al poder; a partir de ahora ya ser\u00e1 la t\u00e9cnica, moderada, sensata y conciliadora que siempre fue. Con la puesta en pr\u00e1ctica de la mec\u00e1nica, de los Comit\u00e9s de Evaluaci\u00f3n, de los centristas del gobierno, no habr\u00e1 puros juzgadores morenistas. Puras tonter\u00edas. Pero el fallo de la Corte posee una ventaja: la reforma es de ellos, enterita. M\u00e9xico no se acaba con una aberraci\u00f3n; aguanta un piano. Pero s\u00ed le estamos cargando la mano. Sobre todo, estamos condenando al pa\u00eds a otro largo rato de mediocridad, en casi todos los frentes. Y eso es una l\u00e1stima, principalmente para los m\u00e1s afectados: los pobres, por los que tanto reza Morena.<\/p>\n","protected":false},"excerpt":{"rendered":"<p>Jorge G. Casta\u00f1eda ___________________________ Pues no hubo crisis constitucional. La ponencia de Gonz\u00e1lez Alc\u00e1ntara, a pesar de su in\u00fatil b\u00fasqueda de un iluso acuerdo con el gobierno, no logr\u00f3 el apoyo de los ocho ministros necesarios. Apoyo que representaba la \u00fanica justificaci\u00f3n de su existencia. En la votaci\u00f3n de procedimiento, donde se jug\u00f3 el fondo, [&hellip;]<\/p>\n","protected":false},"author":6,"featured_media":43385,"comment_status":"open","ping_status":"open","sticky":false,"template":"","format":"standard","meta":{"_acf_changed":false,"_monsterinsights_skip_tracking":false,"slim_seo":{"title":"La Corte no quiso, no pudo, no se atrevi\u00f3 - Opini\u00f3n P\u00fablica","description":"Jorge G. Casta\u00f1eda ___________________________ Pues no hubo crisis constitucional. La ponencia de Gonz\u00e1lez Alc\u00e1ntara, a pesar de su in\u00fatil b\u00fasqueda de un iluso"},"footnotes":""},"categories":[18],"tags":[82],"class_list":["post-46558","post","type-post","status-publish","format-standard","has-post-thumbnail","hentry","category-castaneda-opina","tag-jorge-castaneda"],"acf":[],"_links":{"self":[{"href":"https:\/\/www.opinionpublica.tv\/portada\/wp-json\/wp\/v2\/posts\/46558","targetHints":{"allow":["GET"]}}],"collection":[{"href":"https:\/\/www.opinionpublica.tv\/portada\/wp-json\/wp\/v2\/posts"}],"about":[{"href":"https:\/\/www.opinionpublica.tv\/portada\/wp-json\/wp\/v2\/types\/post"}],"author":[{"embeddable":true,"href":"https:\/\/www.opinionpublica.tv\/portada\/wp-json\/wp\/v2\/users\/6"}],"replies":[{"embeddable":true,"href":"https:\/\/www.opinionpublica.tv\/portada\/wp-json\/wp\/v2\/comments?post=46558"}],"version-history":[{"count":2,"href":"https:\/\/www.opinionpublica.tv\/portada\/wp-json\/wp\/v2\/posts\/46558\/revisions"}],"predecessor-version":[{"id":46560,"href":"https:\/\/www.opinionpublica.tv\/portada\/wp-json\/wp\/v2\/posts\/46558\/revisions\/46560"}],"wp:featuredmedia":[{"embeddable":true,"href":"https:\/\/www.opinionpublica.tv\/portada\/wp-json\/wp\/v2\/media\/43385"}],"wp:attachment":[{"href":"https:\/\/www.opinionpublica.tv\/portada\/wp-json\/wp\/v2\/media?parent=46558"}],"wp:term":[{"taxonomy":"category","embeddable":true,"href":"https:\/\/www.opinionpublica.tv\/portada\/wp-json\/wp\/v2\/categories?post=46558"},{"taxonomy":"post_tag","embeddable":true,"href":"https:\/\/www.opinionpublica.tv\/portada\/wp-json\/wp\/v2\/tags?post=46558"}],"curies":[{"name":"wp","href":"https:\/\/api.w.org\/{rel}","templated":true}]}}