{"id":46551,"date":"2024-11-08T00:01:00","date_gmt":"2024-11-08T07:01:00","guid":{"rendered":"https:\/\/www.opinionpublica.tv\/portada\/?p=46551"},"modified":"2024-11-06T19:02:37","modified_gmt":"2024-11-07T02:02:37","slug":"efemerides-8-de-noviembre-8","status":"publish","type":"post","link":"https:\/\/www.opinionpublica.tv\/portada\/efemerides-8-de-noviembre-8\/","title":{"rendered":"Efem\u00e9rides 8 de noviembre"},"content":{"rendered":"\n<p class=\"wp-block-paragraph\"><em>Un d\u00eda 8 de noviembre como hoy, pero de 1519, el conquistador y militar espa\u00f1ol Hern\u00e1n Cort\u00e9s, llega a Tenochtitlan, actual Ciudad de M\u00e9xico.<\/em><\/p>\n\n\n\n<figure class=\"wp-block-image size-full\"><img fetchpriority=\"high\" decoding=\"async\" width=\"1024\" height=\"576\" src=\"https:\/\/www.opinionpublica.tv\/portada\/wp-content\/uploads\/2024\/11\/el-conquistador-y-militar-espanol-Hernan-Cortes-llega-a-Tenochtitlan.webp\" alt=\"El Conquistador Y Militar Espan\u0303ol Herna\u0301n Corte\u0301s, Llega A Tenochtitlan\" class=\"wp-image-46552\" srcset=\"https:\/\/www.opinionpublica.tv\/portada\/wp-content\/uploads\/2024\/11\/el-conquistador-y-militar-espanol-Hernan-Cortes-llega-a-Tenochtitlan.webp 1024w, https:\/\/www.opinionpublica.tv\/portada\/wp-content\/uploads\/2024\/11\/el-conquistador-y-militar-espanol-Hernan-Cortes-llega-a-Tenochtitlan-300x169.webp 300w, https:\/\/www.opinionpublica.tv\/portada\/wp-content\/uploads\/2024\/11\/el-conquistador-y-militar-espanol-Hernan-Cortes-llega-a-Tenochtitlan-768x432.webp 768w\" sizes=\"(max-width: 1024px) 100vw, 1024px\" \/><\/figure>\n\n\n\n<p class=\"wp-block-paragraph\"><strong>Otras efem\u00e9rides<\/strong><\/p>\n\n\n\n<p class=\"wp-block-paragraph\">1843.- Las Cortes espa\u00f1olas adelantan en un a\u00f1o la mayor\u00eda de edad de Isabel II, que s\u00f3lo tiene 13 a\u00f1os, para que pueda reinar.<\/p>\n\n\n\n<p class=\"wp-block-paragraph\">1895.- El f\u00edsico alem\u00e1n, Wilhelm Conrad Roentgen descubre los Rayos X. Premio Nobel en 1901.<\/p>\n\n\n\n<p class=\"wp-block-paragraph\">1903.- Elecciones municipales en Espa\u00f1a en las que los republicanos ganan en la mayor\u00eda de las principales ciudades.<\/p>\n\n\n\n<p class=\"wp-block-paragraph\">1932.-Franklin Delano Roosevelt elegido 32 presidente de Estados Unidos al vencer al republicano Herbert Hoover.<\/p>\n\n\n\n<p class=\"wp-block-paragraph\">1933.- El rey de Afganist\u00e1n, Nadir Sha, es asesinado en el palacio de Kabul. Le sucede su hijo Zahir Sha.<\/p>\n\n\n\n<p class=\"wp-block-paragraph\">1936.- Durante la guerra civil espa\u00f1ola y tras la retirada del Gobierno de Madrid, el general Jos\u00e9 Miaja Menant se hace responsable militar y pol\u00edtico de la capital de Espa\u00f1a.<\/p>\n\n\n\n<p class=\"wp-block-paragraph\">1960.- John F. Kennedy elegido presidente de EEUU al vencer al republicano Richard Nixon.<\/p>\n\n\n\n<p class=\"wp-block-paragraph\">1965.- Es abolida la pena de muerte en el Reino Unido.<\/p>\n\n\n\n<p class=\"wp-block-paragraph\">1965.- Se crea el Territorio Brit\u00e1nico del Oc\u00e9ano \u00cdndico o las Islas chagos, un territorio de ultramar, con m\u00e1s de mil islas entre \u00c1frica e Indonesia.<\/p>\n\n\n\n<p class=\"wp-block-paragraph\">1972.- En Estados Unidos, la cadena de televisi\u00f3n de pago HBO (siglas de Home Box Office) comienza sus emisiones con un partido de hockey.<\/p>\n\n\n\n<p class=\"wp-block-paragraph\">1977.- El arque\u00f3logo griego Manolis Andronikos descubre la tumba de Filipo II, padre de Alejandro Magno.<\/p>\n\n\n\n<p class=\"wp-block-paragraph\">1989.- En Jordania, se celebran las primeras elecciones en 30 a\u00f1os, en las que los integristas musulmanes son los principales triunfadores.<\/p>\n\n\n\n<p class=\"wp-block-paragraph\">1991.- Los jefes de Estado y de Gobierno de los pa\u00edses miembros de la Organizaci\u00f3n del Tratado del Atl\u00e1ntico Norte (OTAN) acuerdan en Roma reformar sus estructuras e institucionalizar la apertura a los pa\u00edses del este.<\/p>\n\n\n\n<p class=\"wp-block-paragraph\">1995.- El Parlamento espa\u00f1ol aprueba el nuevo C\u00f3digo Penal que sustituye al de 1848 y adapta el Derecho a la sociedad del siglo XXI.<\/p>\n\n\n\n<p class=\"wp-block-paragraph\">2000.- En Espa\u00f1a, los restos mortales de la reina Mar\u00eda de las Mercedes, primera esposa del rey Alfonso XII, son trasladados a la catedral de la Almudena de Madrid desde el Monasterio de El Escorial.<\/p>\n\n\n\n<p class=\"wp-block-paragraph\">2001.- Espa\u00f1a, a petici\u00f3n del juez Baltasar Garz\u00f3n, presenta a Argentina la solicitud de extradici\u00f3n de 18 acusados de violaciones de los derechos humanos.<\/p>\n\n\n\n<p class=\"wp-block-paragraph\">2005.- El Gobierno de Francia declara el estado de emergencia tras una semana de disturbios en los barrios perif\u00e9ricos de Par\u00eds y de otras ciudades galas.<\/p>\n\n\n\n<p class=\"wp-block-paragraph\">2008.- Los tres islamistas condenados a muerte por los atentados de Bali en 2002, que costaron la vida a 202 personas, son ejecutados en la isla-prisi\u00f3n de Nusakambangan, al sur de Java (Indonesia).<\/p>\n\n\n\n<p class=\"wp-block-paragraph\">2010.- Fallece en Buenos Aires Emilio Eduardo Massera, excomandante en Jefe de la Armada, miembro de la Junta Militar argentina y uno de los s\u00edmbolos de la cruenta dictadura que vivi\u00f3 el pa\u00eds entre 1976 y 1983.<\/p>\n\n\n\n<p class=\"wp-block-paragraph\">2011.- La cantante Shakira recibe su estrella en el Paseo de la Fama de Hollywood y es la primera colombiana reconocida con esta distinci\u00f3n.<\/p>\n\n\n\n<p class=\"wp-block-paragraph\">2013.- La Audiencia Nacional decide la excarcelaci\u00f3n de nueve miembros de la organizaci\u00f3n terrorista ETA en cumplimiento del dictamen del Tribunal Europeo de Derechos Humanos contra la pr\u00e1ctica en Espa\u00f1a de la doctrina Parot.<\/p>\n\n\n\n<p class=\"wp-block-paragraph\">2016.- El republicano Donald Trump es elegido presidente de Estados Unidos en sustituci\u00f3n del dem\u00f3crata Barack Obama.<\/p>\n\n\n\n<p class=\"wp-block-paragraph\">2017.- En Espa\u00f1a, el Tribunal Constitucional anula la Declaraci\u00f3n Unilateral de Independencia (DUI) de Catalu\u00f1a y la ley de transitoriedad.<\/p>\n\n\n\n<p class=\"wp-block-paragraph\">2018.- Incendio en el norte de California (EEUU) que provoca en pocos d\u00edas al menos 76 muertos y m\u00e1s de 600 desaparecidos.<\/p>\n\n\n\n<p class=\"wp-block-paragraph\">2019.- El expresidente de Brasil Luiz In\u00e1cio Lula da Silva sale de la c\u00e1rcel, donde permaneci\u00f3 un a\u00f1o y siete meses por una condena de corrupci\u00f3n.<\/p>\n\n\n\n<p class=\"wp-block-paragraph\">2020.- La empresa estadounidense Virgin Hyperloop efect\u00faa con \u00e9xito, en el desierto de Nevada, la primera prueba de transporte de pasajeros a bordo de un tren futurista ultrarr\u00e1pido. Hace un trayecto de 500 metros en 15 segundos y a una velocidad de 172 km\/h.<\/p>\n\n\n\n<p class=\"wp-block-paragraph\">2022.- Son halladas en Italia 24 estatuas de bronce, exvotos y cinco mil monedas de oro, plata y bronce, que son recuperadas del barro en las termas de San Casciano dei Bagni, en Siena.<\/p>\n\n\n\n<p class=\"wp-block-paragraph\">2022.- En Espa\u00f1a, la Audiencia de Barcelona juzga a un tuitero acusado de difundir un v\u00eddeo falso que atribu\u00eda a un menor inmigrante la autor\u00eda de una agresi\u00f3n sucedida en realidad en China. Es el primer caso de \u00abfake news\u00bb que llega a juicio en Espa\u00f1a.<\/p>\n\n\n\n<p class=\"wp-block-paragraph\"><strong>Nacimientos<\/strong><\/p>\n\n\n\n<p class=\"wp-block-paragraph\">1900.- Margaret Mitchell, escritora estadounidense.<\/p>\n\n\n\n<p class=\"wp-block-paragraph\">1913.- Emmanuela Dampierre, viuda del infante don Jaime de Borb\u00f3n y Battenberg.<\/p>\n\n\n\n<p class=\"wp-block-paragraph\">1916.- Peter Weiss, escritor y dramaturgo alem\u00e1m.<\/p>\n\n\n\n<p class=\"wp-block-paragraph\">1922.- Christian Neethling Barnard, m\u00e9dico sudafricano.<\/p>\n\n\n\n<p class=\"wp-block-paragraph\">1925.- Asunci\u00f3n Balaguer Golobart, actriz espa\u00f1ola.<\/p>\n\n\n\n<p class=\"wp-block-paragraph\">1932.- Felipe Mellizo, periodista y escritor espa\u00f1ol.<\/p>\n\n\n\n<p class=\"wp-block-paragraph\">1935.- Alain Delon, actor franc\u00e9s de cine.<\/p>\n\n\n\n<p class=\"wp-block-paragraph\">1936.- Virna Lisi, actriz italiana.<\/p>\n\n\n\n<p class=\"wp-block-paragraph\">1946.- Guus Hiddink, entrenador de f\u00fatbol holand\u00e9s.<\/p>\n\n\n\n<p class=\"wp-block-paragraph\">1967.- Jos\u00e9 Luis P\u00e9rez Caminero, futbolista espa\u00f1ol.<\/p>\n\n\n\n<p class=\"wp-block-paragraph\">1975.- \u00c1ngel Corella, bailar\u00edn espa\u00f1ol.<\/p>\n\n\n\n<p class=\"wp-block-paragraph\">2003.- Luisa Mountbatten-Windsor, miembro de la Familia Real brit\u00e1nica.<\/p>\n\n\n\n<p class=\"wp-block-paragraph\"><strong>Defunciones<\/strong><\/p>\n\n\n\n<p class=\"wp-block-paragraph\">1674.- John Milton, poeta y novelista ingl\u00e9s.<\/p>\n\n\n\n<p class=\"wp-block-paragraph\">1873.- Manuel Bret\u00f3n de los Herreros, dramaturgo espa\u00f1ol.<\/p>\n\n\n\n<p class=\"wp-block-paragraph\">1908.- Victorien Sardou, dramaturgo franc\u00e9s.<\/p>\n\n\n\n<p class=\"wp-block-paragraph\">1953.- Iv\u00e1n Bunin, poeta ruso.<\/p>\n\n\n\n<p class=\"wp-block-paragraph\">2001.- Eulalia del Pino, actriz espa\u00f1ola.<\/p>\n\n\n\n<p class=\"wp-block-paragraph\">2006.- Montserrat Vayreda i Trullol poetisa espa\u00f1ola.<\/p>\n\n\n\n<p class=\"wp-block-paragraph\">2009.- Vitali Guinzburg, cient\u00edfico ruso. Premio Nobel 2003.<\/p>\n\n\n\n<p class=\"wp-block-paragraph\">2010.- Emilio Eduardo Massera, militar argentino.<\/p>\n\n\n\n<p class=\"wp-block-paragraph\">2011.- Bill Keane, humorista estadounidense.<\/p>\n\n\n\n<p class=\"wp-block-paragraph\">2019.- Fred Bongusto, cantante italiano.<\/p>\n\n\n\n<p class=\"wp-block-paragraph\">2021.- Josep \u00c1lvarez Niebla, \u00abJosep Niebla\u00bb, pintor espa\u00f1ol.<\/p>\n\n\n\n<p class=\"wp-block-paragraph\">2022.- Maribel Barreto, escritora paraguaya.<\/p>\n","protected":false},"excerpt":{"rendered":"<p>Un d\u00eda 8 de noviembre como hoy, pero de 1519, el conquistador y militar espa\u00f1ol Hern\u00e1n Cort\u00e9s, llega a Tenochtitlan, actual Ciudad de M\u00e9xico. Otras efem\u00e9rides 1843.- Las Cortes espa\u00f1olas adelantan en un a\u00f1o la mayor\u00eda de edad de Isabel II, que s\u00f3lo tiene 13 a\u00f1os, para que pueda reinar. 1895.- El f\u00edsico alem\u00e1n, Wilhelm [&hellip;]<\/p>\n","protected":false},"author":6,"featured_media":46552,"comment_status":"open","ping_status":"open","sticky":false,"template":"","format":"standard","meta":{"_acf_changed":false,"_monsterinsights_skip_tracking":false,"slim_seo":{"title":"Efem\u00e9rides 8 de noviembre - Opini\u00f3n P\u00fablica","description":"Un d\u00eda 8 de noviembre como hoy, pero de 1519, el conquistador y militar espa\u00f1ol Hern\u00e1n Cort\u00e9s, llega a Tenochtitlan, actual Ciudad de M\u00e9xico. Otras efem\u00e9rides 1"},"footnotes":""},"categories":[27],"tags":[],"class_list":["post-46551","post","type-post","status-publish","format-standard","has-post-thumbnail","hentry","category-un-dia-como-hoy"],"acf":[],"_links":{"self":[{"href":"https:\/\/www.opinionpublica.tv\/portada\/wp-json\/wp\/v2\/posts\/46551","targetHints":{"allow":["GET"]}}],"collection":[{"href":"https:\/\/www.opinionpublica.tv\/portada\/wp-json\/wp\/v2\/posts"}],"about":[{"href":"https:\/\/www.opinionpublica.tv\/portada\/wp-json\/wp\/v2\/types\/post"}],"author":[{"embeddable":true,"href":"https:\/\/www.opinionpublica.tv\/portada\/wp-json\/wp\/v2\/users\/6"}],"replies":[{"embeddable":true,"href":"https:\/\/www.opinionpublica.tv\/portada\/wp-json\/wp\/v2\/comments?post=46551"}],"version-history":[{"count":1,"href":"https:\/\/www.opinionpublica.tv\/portada\/wp-json\/wp\/v2\/posts\/46551\/revisions"}],"predecessor-version":[{"id":46553,"href":"https:\/\/www.opinionpublica.tv\/portada\/wp-json\/wp\/v2\/posts\/46551\/revisions\/46553"}],"wp:featuredmedia":[{"embeddable":true,"href":"https:\/\/www.opinionpublica.tv\/portada\/wp-json\/wp\/v2\/media\/46552"}],"wp:attachment":[{"href":"https:\/\/www.opinionpublica.tv\/portada\/wp-json\/wp\/v2\/media?parent=46551"}],"wp:term":[{"taxonomy":"category","embeddable":true,"href":"https:\/\/www.opinionpublica.tv\/portada\/wp-json\/wp\/v2\/categories?post=46551"},{"taxonomy":"post_tag","embeddable":true,"href":"https:\/\/www.opinionpublica.tv\/portada\/wp-json\/wp\/v2\/tags?post=46551"}],"curies":[{"name":"wp","href":"https:\/\/api.w.org\/{rel}","templated":true}]}}