{"id":46546,"date":"2024-11-07T00:01:00","date_gmt":"2024-11-07T07:01:00","guid":{"rendered":"https:\/\/www.opinionpublica.tv\/portada\/?p=46546"},"modified":"2024-11-06T18:57:47","modified_gmt":"2024-11-07T01:57:47","slug":"efemerides-7-de-noviembre-8","status":"publish","type":"post","link":"https:\/\/www.opinionpublica.tv\/portada\/efemerides-7-de-noviembre-8\/","title":{"rendered":"Efem\u00e9rides 7 de noviembre"},"content":{"rendered":"\n<p class=\"wp-block-paragraph\"><em>Un d\u00eda 7 de noviembre como hoy, pero de 1917, seg\u00fan el calendario gregoriano, se inicia la Revoluci\u00f3n Rusa con la ca\u00edda del gobierno y la toma del Palacio de invierno. La fecha de la revoluci\u00f3n del 25 de octubre de 1917 corresponde al calendario juliano de la Rusia de los zares, abolido por el gobierno bolchevique.<\/em><\/p>\n\n\n\n<figure class=\"wp-block-image size-large\"><img fetchpriority=\"high\" decoding=\"async\" width=\"1024\" height=\"576\" src=\"https:\/\/www.opinionpublica.tv\/portada\/wp-content\/uploads\/2024\/11\/inicia-la-Revolucion-Rusa-con-la-caida-del-gobierno-y-la-toma-del-Palacio-de-invierno-2-1024x576.jpg\" alt=\"Inicia La Revolucio\u0301n Rusa Con La Cai\u0301da Del Gobierno Y La Toma Del Palacio De Invierno 2\" class=\"wp-image-46548\" srcset=\"https:\/\/www.opinionpublica.tv\/portada\/wp-content\/uploads\/2024\/11\/inicia-la-Revolucion-Rusa-con-la-caida-del-gobierno-y-la-toma-del-Palacio-de-invierno-2-1024x576.jpg 1024w, https:\/\/www.opinionpublica.tv\/portada\/wp-content\/uploads\/2024\/11\/inicia-la-Revolucion-Rusa-con-la-caida-del-gobierno-y-la-toma-del-Palacio-de-invierno-2-300x169.jpg 300w, https:\/\/www.opinionpublica.tv\/portada\/wp-content\/uploads\/2024\/11\/inicia-la-Revolucion-Rusa-con-la-caida-del-gobierno-y-la-toma-del-Palacio-de-invierno-2-768x432.jpg 768w, https:\/\/www.opinionpublica.tv\/portada\/wp-content\/uploads\/2024\/11\/inicia-la-Revolucion-Rusa-con-la-caida-del-gobierno-y-la-toma-del-Palacio-de-invierno-2.jpg 1200w\" sizes=\"(max-width: 1024px) 100vw, 1024px\" \/><\/figure>\n\n\n\n<p class=\"wp-block-paragraph\"><strong>Otras efem\u00e9rides<\/strong><\/p>\n\n\n\n<p class=\"wp-block-paragraph\">1822.- El poeta Manuel Jos\u00e9 Quintana inaugura la Universidad de Madrid, denominada desde 1850 Universidad Central y despu\u00e9s Universidad Complutense.<\/p>\n\n\n\n<p class=\"wp-block-paragraph\">1823.- Es ejecutado en la horca, en Madrid, el general Rafael del Riego, que el 1 de enero de 1820 se sublev\u00f3 en Las Cabezas de San Juan (Sevilla).<\/p>\n\n\n\n<p class=\"wp-block-paragraph\">1825.- Se funda en Recife (Brasil) el \u00abDiario de Pernambuco\u00bb, el m\u00e1s antiguo de los peri\u00f3dicos del pa\u00eds.<\/p>\n\n\n\n<p class=\"wp-block-paragraph\">1885.- Concluye la construcci\u00f3n del ferrocarril \u00abCanadian Pacific\u00bb, que conect\u00f3 las confederaciones de Canad\u00e1.<\/p>\n\n\n\n<p class=\"wp-block-paragraph\">1886.- Es abolida la esclavitud en Cuba.<\/p>\n\n\n\n<p class=\"wp-block-paragraph\">1921.- En Italia, se constituye por iniciativa de Benito Mussolini el Partido Nacional Fascista en el Congreso Augusteo de Roma.<\/p>\n\n\n\n<p class=\"wp-block-paragraph\">1929.- En Nueva York EU, abre sus puertas al p\u00fablico el Museo de Arte Moderno, MoMA.<\/p>\n\n\n\n<p class=\"wp-block-paragraph\">1945.- M\u00e9xico es admitido en Naciones Unidas (ONU).<\/p>\n\n\n\n<p class=\"wp-block-paragraph\">1949.- Se aprueba la Constituci\u00f3n de Costa Rica.<\/p>\n\n\n\n<p class=\"wp-block-paragraph\">1989.- El Consejo de Seguridad de la ONU decide crear una nueva fuerza de paz, el \u00abGrupo de Observadores de Naciones Unidas para Centroam\u00e9rica\u00bb (ONUCA).<\/p>\n\n\n\n<p class=\"wp-block-paragraph\">1991.- La rep\u00fablica de Azerbaiy\u00e1n declara oficialmente su independencia de la Uni\u00f3n Sovi\u00e9tica. Es la novena de las doce rep\u00fablicas de la URSS que se independiza.<\/p>\n\n\n\n<p class=\"wp-block-paragraph\">1996.- La NASA lanza al espacio la nave \u00abGlobal Surveyor\u00bb, la primera de las diez no tripuladas destinadas a explorar Marte.<\/p>\n\n\n\n<p class=\"wp-block-paragraph\">1998.- Abre sus puertas en La Habana (Cuba) el Museo Nacional de la Danza, a las \u00f3rdenes de Alicia Alonso.<\/p>\n\n\n\n<p class=\"wp-block-paragraph\">1998.- Aterriza el transbordador espacial Discovery, tras nueve d\u00edas de hist\u00f3rica misi\u00f3n, en la que uno de los siete tripulantes es John Glenn, de 77 a\u00f1os, el hombre de m\u00e1s edad en viajar al espacio y Pedro Duque el primer astronauta espa\u00f1ol en realizar una misi\u00f3n espacial.<\/p>\n\n\n\n<p class=\"wp-block-paragraph\">2000.- Estados Unidos celebra las elecciones presidenciales m\u00e1s disputadas de su historia en las que el republicano George W. Bush y el dem\u00f3crata, Al Gore, logran similar porcentaje de votos, que llevan a demorar hasta diciembre la victoria de Bush.<\/p>\n\n\n\n<p class=\"wp-block-paragraph\">2005.- El expresidente de Per\u00fa Alberto Fujimori imputado en veinte procesos en su pa\u00eds, es detenido en Santiago de Chile.<\/p>\n\n\n\n<p class=\"wp-block-paragraph\">2007.- El presidente de Venezuela, Hugo Ch\u00e1vez, se re\u00fane por primera vez con un representante de las FARC para mediar entre la guerrilla y el Gobierno de Colombia.<\/p>\n\n\n\n<p class=\"wp-block-paragraph\">2007.- El carguero surcoreano \u00abCosco Busan\u00bb choca contra el puente que une San Francisco con la ciudad de Oakland (EEUU) y derrama 235 mil litros de combustible. Se considera el vertido m\u00e1s grave desde 1988.<\/p>\n\n\n\n<p class=\"wp-block-paragraph\">2013.- El tif\u00f3n \u00abHaiyan\u00bb, de categor\u00eda 5, causa en Filipinas 6.009 muertos, 27.022 heridos y 1.770 desaparecidos.<\/p>\n\n\n\n<p class=\"wp-block-paragraph\">2015.- Los presidentes de China y Taiw\u00e1n, Xi Jinping y Ma Ying-jeou, respectivamente, se re\u00fanen por primera vez desde la separaci\u00f3n de las \u00abdos chinas\u00bb en 1949 y lo hacen en un escenario neutral: un hotel de Singapur.<\/p>\n\n\n\n<p class=\"wp-block-paragraph\">2016.- La ONU comienza la verificaci\u00f3n del alto el fuego y de hostilidades pactado entre el Gobierno de Colombia y las FARC.<\/p>\n\n\n\n<p class=\"wp-block-paragraph\">2017.- Twitter aplica a sus usuarios el l\u00edmite de 280 caracteres por mensaje y se termina as\u00ed la extensi\u00f3n original de 140 espacios, caracter\u00edstica de esa red social.<\/p>\n\n\n\n<p class=\"wp-block-paragraph\">2020.- Tras varios d\u00edas de escrutinio, el candidato dem\u00f3crata, Joe Biden, se convierte en presidente electo de Estados Unidos y la senadora Kamala Harris en la primera mujer vicepresidenta en la historia del pa\u00eds.<\/p>\n\n\n\n<p class=\"wp-block-paragraph\">2022.- Una nueva especie de planta del g\u00e9nero stenostephanus (acanthaceae) es descubierta en el bosque del Parque Nacional Otishi, que se extiende en el centro y sur de Per\u00fa.<\/p>\n\n\n\n<p class=\"wp-block-paragraph\"><strong>Nacimientos<\/strong><\/p>\n\n\n\n<p class=\"wp-block-paragraph\">1867.- Marie Curie, qu\u00edmica polaco-francesa, Premio Nobel 1911.<\/p>\n\n\n\n<p class=\"wp-block-paragraph\">1879.- Le\u00f3n Trotsky, l\u00edder sovi\u00e9tico y dirigente de la revoluci\u00f3n rusa.<\/p>\n\n\n\n<p class=\"wp-block-paragraph\">1913.- Albert Camus, escritor franc\u00e9s, Premio Nobel 1957.<\/p>\n\n\n\n<p class=\"wp-block-paragraph\">1921.- Manuel Fern\u00e1ndez \u00c1lvarez, historiador.<\/p>\n\n\n\n<p class=\"wp-block-paragraph\">1929.- Jes\u00fas Polanco, empresario espa\u00f1ol de medios informativos.<\/p>\n\n\n\n<p class=\"wp-block-paragraph\">1940.- Antonio Skarmeta, escritor chileno.<\/p>\n\n\n\n<p class=\"wp-block-paragraph\"><strong>Defunciones<\/strong><\/p>\n\n\n\n<p class=\"wp-block-paragraph\">1992.- Alexander Dubcek, ex-primer dirigente checoslovaco.<\/p>\n\n\n\n<p class=\"wp-block-paragraph\">2000.- Ingrid Suecia, fue reina consorte de Dinamarca.<\/p>\n\n\n\n<p class=\"wp-block-paragraph\">2001.- Delia Garc\u00e9s, actriz argentina.<\/p>\n\n\n\n<p class=\"wp-block-paragraph\">2016.- Leonard Cohen, cantautor y poeta canadiense.<\/p>\n\n\n\n<p class=\"wp-block-paragraph\">2019.- Margarita Salas, investigadora y cient\u00edfica espa\u00f1ola.<\/p>\n\n\n\n<p class=\"wp-block-paragraph\">2020.- Neil Peart, m\u00fasico canadiense.<\/p>\n","protected":false},"excerpt":{"rendered":"<p>Un d\u00eda 7 de noviembre como hoy, pero de 1917, seg\u00fan el calendario gregoriano, se inicia la Revoluci\u00f3n Rusa con la ca\u00edda del gobierno y la toma del Palacio de invierno. La fecha de la revoluci\u00f3n del 25 de octubre de 1917 corresponde al calendario juliano de la Rusia de los zares, abolido por el [&hellip;]<\/p>\n","protected":false},"author":6,"featured_media":46548,"comment_status":"open","ping_status":"open","sticky":false,"template":"","format":"standard","meta":{"_acf_changed":false,"_monsterinsights_skip_tracking":false,"slim_seo":{"title":"Efem\u00e9rides 7 de noviembre - Opini\u00f3n P\u00fablica","description":"Un d\u00eda 7 de noviembre como hoy, pero de 1917, seg\u00fan el calendario gregoriano, se inicia la Revoluci\u00f3n Rusa con la ca\u00edda del gobierno y la toma del Palacio de in"},"footnotes":""},"categories":[27],"tags":[],"class_list":["post-46546","post","type-post","status-publish","format-standard","has-post-thumbnail","hentry","category-un-dia-como-hoy"],"acf":[],"_links":{"self":[{"href":"https:\/\/www.opinionpublica.tv\/portada\/wp-json\/wp\/v2\/posts\/46546","targetHints":{"allow":["GET"]}}],"collection":[{"href":"https:\/\/www.opinionpublica.tv\/portada\/wp-json\/wp\/v2\/posts"}],"about":[{"href":"https:\/\/www.opinionpublica.tv\/portada\/wp-json\/wp\/v2\/types\/post"}],"author":[{"embeddable":true,"href":"https:\/\/www.opinionpublica.tv\/portada\/wp-json\/wp\/v2\/users\/6"}],"replies":[{"embeddable":true,"href":"https:\/\/www.opinionpublica.tv\/portada\/wp-json\/wp\/v2\/comments?post=46546"}],"version-history":[{"count":2,"href":"https:\/\/www.opinionpublica.tv\/portada\/wp-json\/wp\/v2\/posts\/46546\/revisions"}],"predecessor-version":[{"id":46550,"href":"https:\/\/www.opinionpublica.tv\/portada\/wp-json\/wp\/v2\/posts\/46546\/revisions\/46550"}],"wp:featuredmedia":[{"embeddable":true,"href":"https:\/\/www.opinionpublica.tv\/portada\/wp-json\/wp\/v2\/media\/46548"}],"wp:attachment":[{"href":"https:\/\/www.opinionpublica.tv\/portada\/wp-json\/wp\/v2\/media?parent=46546"}],"wp:term":[{"taxonomy":"category","embeddable":true,"href":"https:\/\/www.opinionpublica.tv\/portada\/wp-json\/wp\/v2\/categories?post=46546"},{"taxonomy":"post_tag","embeddable":true,"href":"https:\/\/www.opinionpublica.tv\/portada\/wp-json\/wp\/v2\/tags?post=46546"}],"curies":[{"name":"wp","href":"https:\/\/api.w.org\/{rel}","templated":true}]}}