{"id":4645,"date":"2016-09-20T06:00:00","date_gmt":"2016-09-20T04:00:00","guid":{"rendered":"https:\/\/www.opinionpublica.tv\/portada\/2016\/09\/20\/buscan-creacion-de-la-judicatura-estatal\/"},"modified":"2016-09-20T06:00:00","modified_gmt":"2016-09-20T04:00:00","slug":"buscan-creacion-de-la-judicatura-estatal","status":"publish","type":"post","link":"https:\/\/www.opinionpublica.tv\/portada\/buscan-creacion-de-la-judicatura-estatal\/","title":{"rendered":"Buscan creaci\u00f3n de la Judicatura Estatal"},"content":{"rendered":"<p><img fetchpriority=\"high\" decoding=\"async\" class=\" size-full wp-image-4644\" src=\"https:\/\/www.opinionpublica.tv\/portada\/wp-content\/uploads\/2016\/09\/40abace1e6fdee9e13d15a48d298b3f3.jpg\" alt=\"\" width=\"529\" height=\"303\" srcset=\"https:\/\/www.opinionpublica.tv\/portada\/wp-content\/uploads\/2016\/09\/40abace1e6fdee9e13d15a48d298b3f3.jpg 529w, https:\/\/www.opinionpublica.tv\/portada\/wp-content\/uploads\/2016\/09\/40abace1e6fdee9e13d15a48d298b3f3-300x172.jpg 300w\" sizes=\"(max-width: 529px) 100vw, 529px\" \/><\/p>\n<p style=\"text-align: justify;\">El coordinador de la bancada del PRI en el Congreso del Estado, Rodrigo de la Rosa Ram\u00edrez, habl\u00f3 esta ma\u00f1ana en entrevista sobre la creaci\u00f3n de la Judicatura Estatal, misma que pretende ser un filtro de revisi\u00f3n integrada por representantes de los tres poderes del Estado a fin de estudiar los perfiles de quienes aspiren a un cargo dentro del Tribunal Superior de Justicia (TSJ).<\/p>\n<p style=\"text-align: justify;\">En este sentido, explic\u00f3 que lo que se pretende es generar un ejercicio distinto a la funci\u00f3n del Poder Judicial a trav\u00e9s de una Judicatura donde participen el Poder Ejecutivo, Legislativo y Judicial, adem\u00e1s de uno o dos ciudadanos.<\/p>\n<p style=\"text-align: justify;\">Precisamente en la revisi\u00f3n de los perfiles de las personas que aspiran a un cargo dentro del Poder Judicial, ll\u00e1mese magistratura o jueces, as\u00ed como de todo aquel que pretenda laborar en el \u00e1mbito administrativo del TSJ. \u201cEn eso consiste b\u00e1sicamente, es un ejercicio que se est\u00e1 analizando y ponderando, quien trae el tema perfectamente bien estudiado es la diputada Mayra Ch\u00e1vez (presidenta de la comisi\u00f3n de Justicia)\u201d, explic\u00f3.<\/p>\n","protected":false},"excerpt":{"rendered":"<p>El coordinador de la bancada del PRI en el Congreso del Estado, Rodrigo de la Rosa Ram\u00edrez, habl\u00f3 esta ma\u00f1ana en entrevista sobre la creaci\u00f3n de la Judicatura Estatal, misma que pretende ser un filtro de revisi\u00f3n integrada por representantes de los tres poderes del Estado a fin de estudiar los perfiles de quienes aspiren [&hellip;]<\/p>\n","protected":false},"author":1,"featured_media":4644,"comment_status":"open","ping_status":"open","sticky":false,"template":"","format":"standard","meta":{"_acf_changed":false,"_monsterinsights_skip_tracking":false,"slim_seo":{"title":"Buscan creaci\u00f3n de la Judicatura Estatal - Opini\u00f3n P\u00fablica","description":"El coordinador de la bancada del PRI en el Congreso del Estado, Rodrigo de la Rosa Ram\u00edrez, habl\u00f3 esta ma\u00f1ana en entrevista sobre la creaci\u00f3n de la Judicatura E"},"footnotes":""},"categories":[4],"tags":[],"class_list":["post-4645","post","type-post","status-publish","format-standard","has-post-thumbnail","hentry","category-pulsopolitico"],"acf":[],"_links":{"self":[{"href":"https:\/\/www.opinionpublica.tv\/portada\/wp-json\/wp\/v2\/posts\/4645","targetHints":{"allow":["GET"]}}],"collection":[{"href":"https:\/\/www.opinionpublica.tv\/portada\/wp-json\/wp\/v2\/posts"}],"about":[{"href":"https:\/\/www.opinionpublica.tv\/portada\/wp-json\/wp\/v2\/types\/post"}],"author":[{"embeddable":true,"href":"https:\/\/www.opinionpublica.tv\/portada\/wp-json\/wp\/v2\/users\/1"}],"replies":[{"embeddable":true,"href":"https:\/\/www.opinionpublica.tv\/portada\/wp-json\/wp\/v2\/comments?post=4645"}],"version-history":[{"count":0,"href":"https:\/\/www.opinionpublica.tv\/portada\/wp-json\/wp\/v2\/posts\/4645\/revisions"}],"wp:featuredmedia":[{"embeddable":true,"href":"https:\/\/www.opinionpublica.tv\/portada\/wp-json\/wp\/v2\/media\/4644"}],"wp:attachment":[{"href":"https:\/\/www.opinionpublica.tv\/portada\/wp-json\/wp\/v2\/media?parent=4645"}],"wp:term":[{"taxonomy":"category","embeddable":true,"href":"https:\/\/www.opinionpublica.tv\/portada\/wp-json\/wp\/v2\/categories?post=4645"},{"taxonomy":"post_tag","embeddable":true,"href":"https:\/\/www.opinionpublica.tv\/portada\/wp-json\/wp\/v2\/tags?post=4645"}],"curies":[{"name":"wp","href":"https:\/\/api.w.org\/{rel}","templated":true}]}}