{"id":46396,"date":"2024-11-05T00:01:00","date_gmt":"2024-11-05T07:01:00","guid":{"rendered":"https:\/\/www.opinionpublica.tv\/portada\/?p=46396"},"modified":"2024-11-04T18:31:54","modified_gmt":"2024-11-05T01:31:54","slug":"usa-y-su-destino-manifiesto-2024","status":"publish","type":"post","link":"https:\/\/www.opinionpublica.tv\/portada\/usa-y-su-destino-manifiesto-2024\/","title":{"rendered":"USA y su destino manifiesto 2024"},"content":{"rendered":"\n<h4 class=\"wp-block-heading\"><strong><em>Eduardo Borunda<\/em><\/strong><\/h4>\n\n\n\n<p class=\"wp-block-paragraph\">___________________________<\/p>\n\n\n\n<p class=\"wp-block-paragraph\">La ideolog\u00eda pol\u00edtica, as\u00ed como la concepci\u00f3n divina que tiene el pueblo americano de s\u00ed mismo rompe el esquema de democracia que tiene, en un sistema que implica ganar votos electorales, m\u00e1s que el voto popular.<\/p>\n\n\n\n<p class=\"wp-block-paragraph\">\u201cQue Dios Bendiga Am\u00e9rica\u201d es una expresi\u00f3n cotidiana, no s\u00f3lo en tiempos electorales ya que implica ese reconocimiento de su destino manifiesto: \u201cSer el pueblo elegido por Dios\u201d para defender la libertad y por supuesto la democracia.<\/p>\n\n\n\n<p class=\"wp-block-paragraph\">Las elecciones presidenciales de este martes 5 de noviembre del 2024 se han convertido en los comicios cuyo pron\u00f3stico electoral est\u00e1 complicado en los posibles escenarios que le dan incertidumbre en el resultado final. Cualquiera que gane, tiene la obligaci\u00f3n moral de reconstruir una confianza perdida en una naci\u00f3n dividida.<\/p>\n\n\n\n<p class=\"wp-block-paragraph\">Este escenario catastr\u00f3fico, irse a dormir la noche del martes sin saber qui\u00e9n gan\u00f3, puede provocar reacciones que afecten a la econom\u00eda global, no solo los vecinos del norte van a sufrir, sino tambi\u00e9n sus propios y principales socios comerciales. La complicaci\u00f3n en esta tormenta puede ser que dos o quiz\u00e1 tres estados (Pensilvania, Michigan y Carolina del Norte) que vayan a definir la elecci\u00f3n no tengan un claro vencedor y el resultado final se vaya a los tribunales.<\/p>\n\n\n\n<p class=\"wp-block-paragraph\">El cierre de campa\u00f1as fue catastr\u00f3fico en el equipo de Donald Trump, la inquisici\u00f3n que trae en contra de los latinos se aviv\u00f3 por los comentarios racistas en contra de la comunidad de puerto Rico, que es uno de los grupos minoritarios que pueden definir la balanza en algunos estados clave. Los actores, cantantes y hasta comediantes han tenido un peso fuerte en la contienda, donde los partidos (dem\u00f3crata y republicano) han pasado a un segundo plano, dejando que sean los propios candidatos los que centren la atenci\u00f3n de la contienda.<\/p>\n\n\n\n<p class=\"wp-block-paragraph\">Las expectativas sobre el reconocimiento de triunfos y derrotas ser\u00e1 otra arena del combate postelectoral. La civilidad pol\u00edtica e incluso la voluntad de reconocer una posible derrota ser\u00e1 evaluada por los medios de comunicaci\u00f3n. \u00bfDeben reconocer victorias ajenas y derrotas propias? Desde la l\u00f3gica de la acci\u00f3n colectiva, este deber\u00eda ser un acto simple de las reglas del juego democr\u00e1tico, el que tengas el 50% m\u00e1s uno de los votos entre dos participantes, es el que debe de ganar una elecci\u00f3n.<\/p>\n\n\n\n<p class=\"wp-block-paragraph\">Kamala Harris no ha sido una candidata que arrase en el discurso, y su llegada tarde a la contienda es su principal problema como candidata. Sin embargo, representa la contraparte del otro candidato que se gana a pulso el rechazo de los grupos identificados como minor\u00edas, con discursos raciales y lejos de la realidad actual.<\/p>\n\n\n\n<p class=\"wp-block-paragraph\">La segmentaci\u00f3n del mercado electoral est\u00e1 definida en m\u00e1s de 40 estados de la uni\u00f3n americana de los 50 que lo conforman. La poblaci\u00f3n estimada en 335 millones de personas est\u00e1 compuesta con una gran diversidad \u00e9tnica y sociocultural dif\u00edcil de homogeneizar. La elecci\u00f3n ser\u00e1 la m\u00e1s complicada de la historia por la incertidumbre y el destino manifiesto que tal pareciera no es tan visible en la cultura pol\u00edtica norteamericana.<\/p>\n","protected":false},"excerpt":{"rendered":"<p>Eduardo Borunda ___________________________ La ideolog\u00eda pol\u00edtica, as\u00ed como la concepci\u00f3n divina que tiene el pueblo americano de s\u00ed mismo rompe el esquema de democracia que tiene, en un sistema que implica ganar votos electorales, m\u00e1s que el voto popular. \u201cQue Dios Bendiga Am\u00e9rica\u201d es una expresi\u00f3n cotidiana, no s\u00f3lo en tiempos electorales ya que implica [&hellip;]<\/p>\n","protected":false},"author":6,"featured_media":44484,"comment_status":"open","ping_status":"open","sticky":false,"template":"","format":"standard","meta":{"_acf_changed":false,"_monsterinsights_skip_tracking":false,"slim_seo":{"title":"USA y su destino manifiesto 2024 - Opini\u00f3n P\u00fablica","description":"Eduardo Borunda ___________________________ La ideolog\u00eda pol\u00edtica, as\u00ed como la concepci\u00f3n divina que tiene el pueblo americano de s\u00ed mismo rompe el esquema de d"},"footnotes":""},"categories":[31],"tags":[],"class_list":["post-46396","post","type-post","status-publish","format-standard","has-post-thumbnail","hentry","category-galimatias"],"acf":[],"_links":{"self":[{"href":"https:\/\/www.opinionpublica.tv\/portada\/wp-json\/wp\/v2\/posts\/46396","targetHints":{"allow":["GET"]}}],"collection":[{"href":"https:\/\/www.opinionpublica.tv\/portada\/wp-json\/wp\/v2\/posts"}],"about":[{"href":"https:\/\/www.opinionpublica.tv\/portada\/wp-json\/wp\/v2\/types\/post"}],"author":[{"embeddable":true,"href":"https:\/\/www.opinionpublica.tv\/portada\/wp-json\/wp\/v2\/users\/6"}],"replies":[{"embeddable":true,"href":"https:\/\/www.opinionpublica.tv\/portada\/wp-json\/wp\/v2\/comments?post=46396"}],"version-history":[{"count":3,"href":"https:\/\/www.opinionpublica.tv\/portada\/wp-json\/wp\/v2\/posts\/46396\/revisions"}],"predecessor-version":[{"id":46399,"href":"https:\/\/www.opinionpublica.tv\/portada\/wp-json\/wp\/v2\/posts\/46396\/revisions\/46399"}],"wp:featuredmedia":[{"embeddable":true,"href":"https:\/\/www.opinionpublica.tv\/portada\/wp-json\/wp\/v2\/media\/44484"}],"wp:attachment":[{"href":"https:\/\/www.opinionpublica.tv\/portada\/wp-json\/wp\/v2\/media?parent=46396"}],"wp:term":[{"taxonomy":"category","embeddable":true,"href":"https:\/\/www.opinionpublica.tv\/portada\/wp-json\/wp\/v2\/categories?post=46396"},{"taxonomy":"post_tag","embeddable":true,"href":"https:\/\/www.opinionpublica.tv\/portada\/wp-json\/wp\/v2\/tags?post=46396"}],"curies":[{"name":"wp","href":"https:\/\/api.w.org\/{rel}","templated":true}]}}