{"id":46388,"date":"2024-11-06T00:01:00","date_gmt":"2024-11-06T07:01:00","guid":{"rendered":"https:\/\/www.opinionpublica.tv\/portada\/?p=46388"},"modified":"2024-11-04T18:26:55","modified_gmt":"2024-11-05T01:26:55","slug":"efemerides-6-de-noviembre-8","status":"publish","type":"post","link":"https:\/\/www.opinionpublica.tv\/portada\/efemerides-6-de-noviembre-8\/","title":{"rendered":"Efem\u00e9rides 6 de noviembre"},"content":{"rendered":"\n<p class=\"wp-block-paragraph\"><em>Un d\u00eda 6 de noviembre como hoy, pero de 2012, el dem\u00f3crata Barak Obama es reelegido como presidente de Estados Unidos.<\/em><\/p>\n\n\n\n<figure class=\"wp-block-image size-large\"><img fetchpriority=\"high\" decoding=\"async\" width=\"1024\" height=\"577\" src=\"https:\/\/www.opinionpublica.tv\/portada\/wp-content\/uploads\/2024\/11\/el-democrata-Barak-Obama-es-reelegido-como-presidente-de-Estados-Unidos-1024x577.webp\" alt=\"El Demo\u0301crata Barak Obama Es Reelegido Como Presidente De Estados Unidos\" class=\"wp-image-46389\" srcset=\"https:\/\/www.opinionpublica.tv\/portada\/wp-content\/uploads\/2024\/11\/el-democrata-Barak-Obama-es-reelegido-como-presidente-de-Estados-Unidos-1024x577.webp 1024w, https:\/\/www.opinionpublica.tv\/portada\/wp-content\/uploads\/2024\/11\/el-democrata-Barak-Obama-es-reelegido-como-presidente-de-Estados-Unidos-300x169.webp 300w, https:\/\/www.opinionpublica.tv\/portada\/wp-content\/uploads\/2024\/11\/el-democrata-Barak-Obama-es-reelegido-como-presidente-de-Estados-Unidos-768x433.webp 768w, https:\/\/www.opinionpublica.tv\/portada\/wp-content\/uploads\/2024\/11\/el-democrata-Barak-Obama-es-reelegido-como-presidente-de-Estados-Unidos.webp 1280w\" sizes=\"(max-width: 1024px) 100vw, 1024px\" \/><\/figure>\n\n\n\n<p class=\"wp-block-paragraph\"><strong>Otras efem\u00e9rides<\/strong><\/p>\n\n\n\n<p class=\"wp-block-paragraph\">1813.- El sacerdote Jos\u00e9 Mar\u00eda Morelos realiza formalmente la Declaraci\u00f3n de Independencia de M\u00e9xico, en el Congreso de Chilpancingo.<\/p>\n\n\n\n<p class=\"wp-block-paragraph\">1830.- Jos\u00e9 Fructuoso Rivera asume el puesto de primer presidente de la Rep\u00fablica de Uruguay.<\/p>\n\n\n\n<p class=\"wp-block-paragraph\">1844.- Se promulga la primera Constituci\u00f3n Dominicana en la Ciudad de San Crist\u00f3bal.<\/p>\n\n\n\n<p class=\"wp-block-paragraph\">1860.- Abraham Lincoln es el primer republicano de la historia de Estados Unidos elegido presidente.<\/p>\n\n\n\n<p class=\"wp-block-paragraph\">1911.- El pol\u00edtico y empresario Francisco I. Madero toma posesi\u00f3n de la Presidencia de M\u00e9xico.<\/p>\n\n\n\n<p class=\"wp-block-paragraph\">1950.- Se promulga una nueva Constituci\u00f3n en Nicaragua.<\/p>\n\n\n\n<p class=\"wp-block-paragraph\">1962.- La Asamblea General de las Naciones Unidas condena formalmente por primera vez, mediante la Resoluci\u00f3n 1761, la pol\u00edtica de \u00abapartheid\u00bb del gobierno de Sud\u00e1frica.<\/p>\n\n\n\n<p class=\"wp-block-paragraph\">1971.- Estados Unidos detona en la isla Amchitka, en Alaska, \u00abCannikin\u00bb, la bomba subterr\u00e1nea de hidr\u00f3geno m\u00e1s grande del mundo, cuya explosi\u00f3n levant\u00f3 el terreno unos 7 metros durante unos segundos.<\/p>\n\n\n\n<p class=\"wp-block-paragraph\">1975.- Unos 350.000 marroqu\u00edes inician la \u00abMarcha Verde\u00bb hacia el S\u00e1hara espa\u00f1ol para forzar la retirada de las tropas espa\u00f1olas.<\/p>\n\n\n\n<p class=\"wp-block-paragraph\">1975.- La banda punk Sex Pistols da su primer concierto en una escuela de arte de Londres.<\/p>\n\n\n\n<p class=\"wp-block-paragraph\">1984.- El republicano Ronald Reagan es reelegido presidente de los Estados Unidos.<\/p>\n\n\n\n<p class=\"wp-block-paragraph\">1985.- En Colombia, el grupo guerrillero M-19 se apodera del Palacio de Justicia de Bogot\u00e1 y toma como rehenes a 400 personas. En el posterior asalto del Ej\u00e9rcito al edificio murieron 95 personas, entre ellas todos los guerrilleros.<\/p>\n\n\n\n<p class=\"wp-block-paragraph\">1985.- Los ministros de Exteriores de 18 pa\u00edses europeos firman en Hannover (Alemania) la declaraci\u00f3n de principios \u00abEureka\u00bb, la carta fundacional sobre la Europa de la tecnolog\u00eda.<\/p>\n\n\n\n<p class=\"wp-block-paragraph\">1986.- En Estados Unidos, la prensa denuncia que el presidente Reagan autoriz\u00f3 el suministro de armas a Ir\u00e1n, en lo que se llam\u00f3 \u00abIrangate\u00bb.<\/p>\n\n\n\n<p class=\"wp-block-paragraph\">1991.- En Rusia, deja de existir formalmente el Comit\u00e9 para la Seguridad del Estado (KGB), la agencia de inteligencia y de la polic\u00eda secreta de la Uni\u00f3n Sovi\u00e9tica.<\/p>\n\n\n\n<p class=\"wp-block-paragraph\">1994.- En Tayikist\u00e1n se aprueba en refer\u00e9ndum la primera Constituci\u00f3n postsovi\u00e9tica.<\/p>\n\n\n\n<p class=\"wp-block-paragraph\">1998.- El Gobierno de Espa\u00f1a, a petici\u00f3n del juez Baltasar Garz\u00f3n, acuerda solicitar la extradici\u00f3n de Augusto Pinochet al Reino Unido por delitos de genocidio, terrorismo y torturas.<\/p>\n\n\n\n<p class=\"wp-block-paragraph\">1999.- Se celebra en Australia un refer\u00e9ndum en el que se rechaza mayoritariamente la propuesta de una rep\u00fablica y se opta por mantener a la reina Isabel II de Inglaterra como su jefa de Estado.<\/p>\n\n\n\n<p class=\"wp-block-paragraph\">2001.- En Estados Unidos, el republicano Michael Bloomberg es elegido alcalde de Nueva York.<\/p>\n\n\n\n<p class=\"wp-block-paragraph\">2011.- En Guatemala, Otto P\u00e9rez Molina, general retirado, gana las elecciones presidenciales.<\/p>\n\n\n\n<p class=\"wp-block-paragraph\">2013.- El Gobierno de Colombia y las FARC alcanzan un acuerdo sobre participaci\u00f3n pol\u00edtica, que abre el camino para la conversi\u00f3n de la entonces guerrilla m\u00e1s antigua de Am\u00e9rica en un partido legal.<\/p>\n\n\n\n<p class=\"wp-block-paragraph\">2013.- En Estados Unidos, Bill de Blasio, se convierte en el primer alcalde dem\u00f3crata de Nueva York, tras 20 a\u00f1os de regidores republicanos.<\/p>\n\n\n\n<p class=\"wp-block-paragraph\">2016.- Daniel Ortega es elegido presidente de Nicaragua y su esposa, Rosario Murillo, vicepresidenta.<\/p>\n\n\n\n<p class=\"wp-block-paragraph\">2018.- En Estados Unidos, los dem\u00f3cratas recuperan la C\u00e1mara de Representantes y los republicanos conservan el Senado tras las elecciones legislativas.<\/p>\n\n\n\n<p class=\"wp-block-paragraph\">2018.- La Uni\u00f3n Europea (UE) acuerda prolongar otro a\u00f1o el embargo de armas a Venezuela.<\/p>\n\n\n\n<p class=\"wp-block-paragraph\">2019.- Un equipo de investigadores espa\u00f1oles desarrolla el primer aditivo para envases alimentarios con capacidad para eliminar la bacteria de la listeriosis.<\/p>\n\n\n\n<p class=\"wp-block-paragraph\">2021.- En Per\u00fa, la activista del pueblo shipibo-konibo Rocilda Nunta es designada viceministra de Interculturalidad.<\/p>\n\n\n\n<p class=\"wp-block-paragraph\"><strong>Nacimientos<\/strong><\/p>\n\n\n\n<p class=\"wp-block-paragraph\">1814.- Antoine Joseph Sax \u00abAdolphe Sax\u00bb, inventor belga del saxof\u00f3n.<\/p>\n\n\n\n<p class=\"wp-block-paragraph\">1916.- Ray Coniff, m\u00fasico y director de orquesta estadounidense.<\/p>\n\n\n\n<p class=\"wp-block-paragraph\">1931.-Mike Nichols, director estadounidense de cine, de origen alem\u00e1n.<\/p>\n\n\n\n<p class=\"wp-block-paragraph\">1940.- Clara Jan\u00e9s Nadal, escritora y traductora espa\u00f1ola.<\/p>\n\n\n\n<p class=\"wp-block-paragraph\">1946.- Sally Field, actriz estadounidense.<\/p>\n\n\n\n<p class=\"wp-block-paragraph\">1970.- Ethan Green Hawke, actor estadounidense.<\/p>\n\n\n\n<p class=\"wp-block-paragraph\">1988.- Emma Stone, (Emily Jean), actriz y cantante estadounidense.<\/p>\n\n\n\n<p class=\"wp-block-paragraph\">1988.- Conchita Wurst, personaje creado por Thomas Neuwirth, cantante austriaco.<\/p>\n\n\n\n<p class=\"wp-block-paragraph\"><strong>Defunciones<\/strong><\/p>\n\n\n\n<p class=\"wp-block-paragraph\">1893.- Piotr Ilich Tchaikovski, compositor ruso.<\/p>\n\n\n\n<p class=\"wp-block-paragraph\">1959.- Juan Carlos D\u00e1valos, escritor argentino.<\/p>\n\n\n\n<p class=\"wp-block-paragraph\">1970.- Agust\u00edn Lara, compositor mexicano.<\/p>\n\n\n\n<p class=\"wp-block-paragraph\">1991.- Gene Tierney, actriz estadounidense.<\/p>\n\n\n\n<p class=\"wp-block-paragraph\">2002.- Indio Juan, poeta y cantautor argentino miembro del grupo Quilapay\u00fan.<\/p>\n\n\n\n<p class=\"wp-block-paragraph\">2007.- Enzo Biagi, periodista italiano.<\/p>\n\n\n\n<p class=\"wp-block-paragraph\">2013.- Guillermina Bravo, bailarina, core\u00f3grafa y directora mexicana.<\/p>\n\n\n\n<p class=\"wp-block-paragraph\">2021.- Ra\u00fal Rivero, periodista y disidente cubano.<\/p>\n","protected":false},"excerpt":{"rendered":"<p>Un d\u00eda 6 de noviembre como hoy, pero de 2012, el dem\u00f3crata Barak Obama es reelegido como presidente de Estados Unidos. Otras efem\u00e9rides 1813.- El sacerdote Jos\u00e9 Mar\u00eda Morelos realiza formalmente la Declaraci\u00f3n de Independencia de M\u00e9xico, en el Congreso de Chilpancingo. 1830.- Jos\u00e9 Fructuoso Rivera asume el puesto de primer presidente de la Rep\u00fablica [&hellip;]<\/p>\n","protected":false},"author":6,"featured_media":46389,"comment_status":"open","ping_status":"open","sticky":false,"template":"","format":"standard","meta":{"_acf_changed":false,"_monsterinsights_skip_tracking":false,"slim_seo":{"title":"Efem\u00e9rides 6 de noviembre - Opini\u00f3n P\u00fablica","description":"Un d\u00eda 6 de noviembre como hoy, pero de 2012, el dem\u00f3crata Barak Obama es reelegido como presidente de Estados Unidos. Otras efem\u00e9rides 1813.- El sacerdote Jos\u00e9"},"footnotes":""},"categories":[27],"tags":[],"class_list":["post-46388","post","type-post","status-publish","format-standard","has-post-thumbnail","hentry","category-un-dia-como-hoy"],"acf":[],"_links":{"self":[{"href":"https:\/\/www.opinionpublica.tv\/portada\/wp-json\/wp\/v2\/posts\/46388","targetHints":{"allow":["GET"]}}],"collection":[{"href":"https:\/\/www.opinionpublica.tv\/portada\/wp-json\/wp\/v2\/posts"}],"about":[{"href":"https:\/\/www.opinionpublica.tv\/portada\/wp-json\/wp\/v2\/types\/post"}],"author":[{"embeddable":true,"href":"https:\/\/www.opinionpublica.tv\/portada\/wp-json\/wp\/v2\/users\/6"}],"replies":[{"embeddable":true,"href":"https:\/\/www.opinionpublica.tv\/portada\/wp-json\/wp\/v2\/comments?post=46388"}],"version-history":[{"count":1,"href":"https:\/\/www.opinionpublica.tv\/portada\/wp-json\/wp\/v2\/posts\/46388\/revisions"}],"predecessor-version":[{"id":46390,"href":"https:\/\/www.opinionpublica.tv\/portada\/wp-json\/wp\/v2\/posts\/46388\/revisions\/46390"}],"wp:featuredmedia":[{"embeddable":true,"href":"https:\/\/www.opinionpublica.tv\/portada\/wp-json\/wp\/v2\/media\/46389"}],"wp:attachment":[{"href":"https:\/\/www.opinionpublica.tv\/portada\/wp-json\/wp\/v2\/media?parent=46388"}],"wp:term":[{"taxonomy":"category","embeddable":true,"href":"https:\/\/www.opinionpublica.tv\/portada\/wp-json\/wp\/v2\/categories?post=46388"},{"taxonomy":"post_tag","embeddable":true,"href":"https:\/\/www.opinionpublica.tv\/portada\/wp-json\/wp\/v2\/tags?post=46388"}],"curies":[{"name":"wp","href":"https:\/\/api.w.org\/{rel}","templated":true}]}}