{"id":46336,"date":"2024-11-04T00:01:00","date_gmt":"2024-11-04T07:01:00","guid":{"rendered":"https:\/\/www.opinionpublica.tv\/portada\/?p=46336"},"modified":"2024-11-03T13:46:22","modified_gmt":"2024-11-03T20:46:22","slug":"farmaceuticas-y-gobierno-de-sheinbaum-inician-dialogo-para-compra-de-medicamentos-acuerdan-precios-competitivos","status":"publish","type":"post","link":"https:\/\/www.opinionpublica.tv\/portada\/farmaceuticas-y-gobierno-de-sheinbaum-inician-dialogo-para-compra-de-medicamentos-acuerdan-precios-competitivos\/","title":{"rendered":"Farmac\u00e9uticas y gobierno de 4T inician di\u00e1logo para compra de medicamentos"},"content":{"rendered":"\n<figure class=\"wp-block-image size-full\"><img fetchpriority=\"high\" decoding=\"async\" width=\"1100\" height=\"666\" src=\"https:\/\/www.opinionpublica.tv\/portada\/wp-content\/uploads\/2024\/11\/Farmaceuticas-y-gobierno-de-4T-inician-dialogo-para-compra-de-medicamentos.avif\" alt=\"Farmace\u0301uticas Y Gobierno De 4t Inician Dia\u0301logo Para Compra De Medicamentos\" class=\"wp-image-46343\"\/><\/figure>\n\n\n\n<p class=\"wp-block-paragraph\">Luego de que la presidenta Claudia Sheinbaum Pardo present\u00f3 el Nuevo Modelo de Contrataci\u00f3n Consolidada de Medicamentos e Insumos M\u00e9dicos para el periodo de 2025-2026, el Gobierno inici\u00f3 di\u00e1logo con las farmac\u00e9uticas.<\/p>\n\n\n\n<p class=\"wp-block-paragraph\">La Secretar\u00eda de la Funci\u00f3n P\u00fablica (SFP) inform\u00f3 que convoc\u00f3 a dos reuniones con el sector farmac\u00e9utico para informar sobre \u201clas prioridades y lineamientos de estas adquisiciones\u201d para los siguientes dos a\u00f1os.<\/p>\n\n\n\n<p class=\"wp-block-paragraph\">El prop\u00f3sito de estas reuniones, destac\u00f3 la SFP, fue informar a las principales farmac\u00e9uticas las prioridades y lineamientos de la compra consolidada, \u201cla cual tiene como objetivo garantizar el derecho a la salud de todos los mexicanos\u00bb.<\/p>\n\n\n\n<p class=\"wp-block-paragraph\">\u201cComo principal comprador de medicamentos en el pa\u00eds, el Gobierno Federal, aprovechar\u00e1 su posici\u00f3n para negociar las mejores condiciones posibles en cuanto a precio y calidad, asegurando as\u00ed un abasto oportuno en beneficio de toda la poblaci\u00f3n, en especial de quienes m\u00e1s lo necesitan\u201d, indic\u00f3 la dependencia encabezada por Raquel Buenrostro.<\/p>\n\n\n\n<p class=\"wp-block-paragraph\">Resaltaron que la integridad y transparencia en las compras p\u00fablicas son una responsabilidad compartida entre los sectores p\u00fablico y privado.<\/p>\n\n\n\n<p class=\"wp-block-paragraph\">De acuerdo con la SFP, el gobierno de la presidenta Sheinbaum reiter\u00f3 su compromiso con llevar un proceso de compra apegado a la legalidad y libre de influyentismos, \u201cofreciendo un esquema de planificaci\u00f3n anticipada, espacios de di\u00e1logo y mecanismos de soluci\u00f3n de problemas concretos para garantizar certidumbre y transparencia en el proceso\u201d.<\/p>\n\n\n\n<p class=\"wp-block-paragraph\">El sector farmac\u00e9utico asumi\u00f3 el compromiso de ofrecer precios competitivos e intercambiar datos y estad\u00edsticas para identificar y resolver posibles cuellos de botella en la cadena log\u00edstica de medicamentos.<\/p>\n\n\n\n<p class=\"wp-block-paragraph\">Se acord\u00f3 tambi\u00e9n implementar mecanismos para compartir informaci\u00f3n que faciliten la detecci\u00f3n de pr\u00e1cticas indebidas, tales como intermediarios abusivos, competidores desleales o funcionarios que obstaculicen indebidamente la entrega de medicamentos. (El Universal)<\/p>\n","protected":false},"excerpt":{"rendered":"<p>Luego de que la presidenta Claudia Sheinbaum Pardo present\u00f3 el Nuevo Modelo de Contrataci\u00f3n Consolidada de Medicamentos e Insumos M\u00e9dicos para el periodo de 2025-2026, el Gobierno inici\u00f3 di\u00e1logo con las farmac\u00e9uticas. La Secretar\u00eda de la Funci\u00f3n P\u00fablica (SFP) inform\u00f3 que convoc\u00f3 a dos reuniones con el sector farmac\u00e9utico para informar sobre \u201clas prioridades y [&hellip;]<\/p>\n","protected":false},"author":6,"featured_media":46343,"comment_status":"open","ping_status":"open","sticky":false,"template":"","format":"standard","meta":{"_acf_changed":false,"_monsterinsights_skip_tracking":false,"slim_seo":{"title":"Farmac\u00e9uticas y gobierno de 4T inician di\u00e1logo para compra de medicamentos - Opini\u00f3n P\u00fablica","description":"Luego de que la presidenta Claudia Sheinbaum Pardo present\u00f3 el Nuevo Modelo de Contrataci\u00f3n Consolidada de Medicamentos e Insumos M\u00e9dicos para el periodo de 202"},"footnotes":""},"categories":[4],"tags":[],"class_list":["post-46336","post","type-post","status-publish","format-standard","has-post-thumbnail","hentry","category-pulsopolitico"],"acf":[],"_links":{"self":[{"href":"https:\/\/www.opinionpublica.tv\/portada\/wp-json\/wp\/v2\/posts\/46336","targetHints":{"allow":["GET"]}}],"collection":[{"href":"https:\/\/www.opinionpublica.tv\/portada\/wp-json\/wp\/v2\/posts"}],"about":[{"href":"https:\/\/www.opinionpublica.tv\/portada\/wp-json\/wp\/v2\/types\/post"}],"author":[{"embeddable":true,"href":"https:\/\/www.opinionpublica.tv\/portada\/wp-json\/wp\/v2\/users\/6"}],"replies":[{"embeddable":true,"href":"https:\/\/www.opinionpublica.tv\/portada\/wp-json\/wp\/v2\/comments?post=46336"}],"version-history":[{"count":5,"href":"https:\/\/www.opinionpublica.tv\/portada\/wp-json\/wp\/v2\/posts\/46336\/revisions"}],"predecessor-version":[{"id":46344,"href":"https:\/\/www.opinionpublica.tv\/portada\/wp-json\/wp\/v2\/posts\/46336\/revisions\/46344"}],"wp:featuredmedia":[{"embeddable":true,"href":"https:\/\/www.opinionpublica.tv\/portada\/wp-json\/wp\/v2\/media\/46343"}],"wp:attachment":[{"href":"https:\/\/www.opinionpublica.tv\/portada\/wp-json\/wp\/v2\/media?parent=46336"}],"wp:term":[{"taxonomy":"category","embeddable":true,"href":"https:\/\/www.opinionpublica.tv\/portada\/wp-json\/wp\/v2\/categories?post=46336"},{"taxonomy":"post_tag","embeddable":true,"href":"https:\/\/www.opinionpublica.tv\/portada\/wp-json\/wp\/v2\/tags?post=46336"}],"curies":[{"name":"wp","href":"https:\/\/api.w.org\/{rel}","templated":true}]}}