{"id":4629,"date":"2016-09-20T06:00:00","date_gmt":"2016-09-20T04:00:00","guid":{"rendered":"https:\/\/www.opinionpublica.tv\/portada\/2016\/09\/20\/industria-automotriz-debe-temer-a-trump\/"},"modified":"2016-09-20T06:00:00","modified_gmt":"2016-09-20T04:00:00","slug":"industria-automotriz-debe-temer-a-trump","status":"publish","type":"post","link":"https:\/\/www.opinionpublica.tv\/portada\/industria-automotriz-debe-temer-a-trump\/","title":{"rendered":"\u00bfIndustria automotriz debe temer a Trump?"},"content":{"rendered":"<p><img fetchpriority=\"high\" decoding=\"async\" class=\" size-full wp-image-4628\" src=\"https:\/\/www.opinionpublica.tv\/portada\/wp-content\/uploads\/2016\/09\/1c14018b9c4f9aa0ec57ff570334db4f.jpg\" alt=\"\" width=\"564\" height=\"323\" srcset=\"https:\/\/www.opinionpublica.tv\/portada\/wp-content\/uploads\/2016\/09\/1c14018b9c4f9aa0ec57ff570334db4f.jpg 564w, https:\/\/www.opinionpublica.tv\/portada\/wp-content\/uploads\/2016\/09\/1c14018b9c4f9aa0ec57ff570334db4f-300x172.jpg 300w\" sizes=\"(max-width: 564px) 100vw, 564px\" \/><\/p>\n<p style=\"text-align: justify;\">Donald Trump ha amenazado con cobrar un arancel de 35% por cada auto proveniente de M\u00e9xico. Este discurso ha generado temor entre los empresarios del sector, pero es bastante popular entre algunos segmentos de la poblaci\u00f3n estadounidense a los que Trump quiere llevar a las urnas.<\/p>\n<p style=\"text-align: justify;\">La clase trabajadora estadounidense representa 49.9% de la poblaci\u00f3n de ese pa\u00eds, seg\u00fan un reporte de Pew Research Center, y est\u00e1 compuesta por ciudadanos estadounidenses, pero tambi\u00e9n por inmigrantes, tanto residentes como ilegales. \u201cSin embargo, los primeros son los que pueden votar\u201d, dice Ricardo N\u00fa\u00f1ez, directivo de C2C, empresa basada en Michigan que da asesor\u00eda a inversionistas estadounidenses para llegar a M\u00e9xico.<\/p>\n<p style=\"text-align: justify;\">Para atraer estos votos, Trump apela a uno de los mayores miedos que puede tener esa clase trabajadora: el desempleo. El candidato republicano a la presidencia de Estados Unidos ha adoptado una l\u00ednea dura contra M\u00e9xico, exhibi\u00e9ndolo como el destino al cual se est\u00e1n yendo las fuentes de empleo.<\/p>\n<p style=\"text-align: justify;\">La semana pasada, Trump prometi\u00f3 imponer un impuesto del 35% sobre los veh\u00edculos fabricados en M\u00e9xico que entren a Estados Unidos. Esto ocurri\u00f3 despu\u00e9s, despu\u00e9s de que un ejecutivo de Ford mencionara en una conferencia con inversionistas los planes de la empresa para llevar sus veh\u00edculos peque\u00f1os a M\u00e9xico.<\/p>\n<p style=\"text-align: justify;\">\u201cEllos creen que se van a salir con la suya en esto\u00bb, dijo Trump. \u00abPero cuando ese carro atraviese la frontera hacia nuestro pa\u00eds, que ahora lo hace gratis, les vamos a cobrar a ellos un impuesto del 35%. Y sabemos qu\u00e9 pasar\u00e1 entonces, ellos nunca querr\u00e1n irse\u201d, a\u00f1adi\u00f3.<\/p>\n<p style=\"text-align: justify;\">Informaci\u00f3n de Expansi\u00f3n\u00a0<\/p>\n","protected":false},"excerpt":{"rendered":"<p>Donald Trump ha amenazado con cobrar un arancel de 35% por cada auto proveniente de M\u00e9xico. Este discurso ha generado temor entre los empresarios del sector, pero es bastante popular entre algunos segmentos de la poblaci\u00f3n estadounidense a los que Trump quiere llevar a las urnas. La clase trabajadora estadounidense representa 49.9% de la poblaci\u00f3n [&hellip;]<\/p>\n","protected":false},"author":1,"featured_media":4628,"comment_status":"open","ping_status":"open","sticky":false,"template":"","format":"standard","meta":{"_acf_changed":false,"_monsterinsights_skip_tracking":false,"slim_seo":{"title":"\u00bfIndustria automotriz debe temer a Trump? - Opini\u00f3n P\u00fablica","description":"Donald Trump ha amenazado con cobrar un arancel de 35% por cada auto proveniente de M\u00e9xico. Este discurso ha generado temor entre los empresarios del sector, pe"},"footnotes":""},"categories":[30],"tags":[],"class_list":["post-4629","post","type-post","status-publish","format-standard","has-post-thumbnail","hentry","category-elecciones-estados-unidos"],"acf":[],"_links":{"self":[{"href":"https:\/\/www.opinionpublica.tv\/portada\/wp-json\/wp\/v2\/posts\/4629","targetHints":{"allow":["GET"]}}],"collection":[{"href":"https:\/\/www.opinionpublica.tv\/portada\/wp-json\/wp\/v2\/posts"}],"about":[{"href":"https:\/\/www.opinionpublica.tv\/portada\/wp-json\/wp\/v2\/types\/post"}],"author":[{"embeddable":true,"href":"https:\/\/www.opinionpublica.tv\/portada\/wp-json\/wp\/v2\/users\/1"}],"replies":[{"embeddable":true,"href":"https:\/\/www.opinionpublica.tv\/portada\/wp-json\/wp\/v2\/comments?post=4629"}],"version-history":[{"count":0,"href":"https:\/\/www.opinionpublica.tv\/portada\/wp-json\/wp\/v2\/posts\/4629\/revisions"}],"wp:featuredmedia":[{"embeddable":true,"href":"https:\/\/www.opinionpublica.tv\/portada\/wp-json\/wp\/v2\/media\/4628"}],"wp:attachment":[{"href":"https:\/\/www.opinionpublica.tv\/portada\/wp-json\/wp\/v2\/media?parent=4629"}],"wp:term":[{"taxonomy":"category","embeddable":true,"href":"https:\/\/www.opinionpublica.tv\/portada\/wp-json\/wp\/v2\/categories?post=4629"},{"taxonomy":"post_tag","embeddable":true,"href":"https:\/\/www.opinionpublica.tv\/portada\/wp-json\/wp\/v2\/tags?post=4629"}],"curies":[{"name":"wp","href":"https:\/\/api.w.org\/{rel}","templated":true}]}}