{"id":4623,"date":"2016-09-20T06:00:00","date_gmt":"2016-09-20T04:00:00","guid":{"rendered":"https:\/\/www.opinionpublica.tv\/portada\/2016\/09\/20\/mexico-es-el-segundo-importador-de-gasolina-a-nivel-mundial\/"},"modified":"2016-09-20T06:00:00","modified_gmt":"2016-09-20T04:00:00","slug":"mexico-es-el-segundo-importador-de-gasolina-a-nivel-mundial","status":"publish","type":"post","link":"https:\/\/www.opinionpublica.tv\/portada\/mexico-es-el-segundo-importador-de-gasolina-a-nivel-mundial\/","title":{"rendered":"M\u00e9xico es el segundo importador de gasolina a nivel mundial"},"content":{"rendered":"<p><img fetchpriority=\"high\" decoding=\"async\" class=\" size-full wp-image-4622\" src=\"https:\/\/www.opinionpublica.tv\/portada\/wp-content\/uploads\/2016\/09\/b5081aa54ad470ff4039ef00a5cbf9d3.jpg\" alt=\"\" width=\"610\" height=\"458\" srcset=\"https:\/\/www.opinionpublica.tv\/portada\/wp-content\/uploads\/2016\/09\/b5081aa54ad470ff4039ef00a5cbf9d3.jpg 610w, https:\/\/www.opinionpublica.tv\/portada\/wp-content\/uploads\/2016\/09\/b5081aa54ad470ff4039ef00a5cbf9d3-300x225.jpg 300w\" sizes=\"(max-width: 610px) 100vw, 610px\" \/><\/p>\n<div class=\"row\">\n<div class=\"span4 wptextresize\">\n<article id=\"post-254712\" class=\"post-254712 post type-post status-publish format-standard has-post-thumbnail hentry category-mexico tag-gasolina\">\n<p style=\"text-align: justify;\">La importaci\u00f3n de gasolina en el pa\u00eds ascendi\u00f3 a 13 mil 410 millones de d\u00f3lares durante 2015, coloc\u00e1ndolo en el segundo lugar a nivel mundial en este rubro, s\u00f3lo por debajo de Estados Unidos, que compr\u00f3 combustible con un valor de 20 mil 458 millones de d\u00f3lares del exterior, inform\u00f3 El Economista.<\/p>\n<p style=\"text-align: justify;\">En tercer lugar se coloc\u00f3 Singapur con 12 mil 757 millones de d\u00f3lares, mientras que Corea del Sur, Holanda y Jap\u00f3n ocupan los lugares 4, 5 y 6, respectivamente.<\/p>\n<p style=\"text-align: justify;\">Adem\u00e1s, analistas esperan que el pa\u00eds aumente el volumen de la gasolina importada, debido a la disminuida capacidad de refinaci\u00f3n de la industria nacional, as\u00ed como a una mayor apertura comercial emanada de la aprobaci\u00f3n de la Reforma Energ\u00e9tica, que contempla la liberaci\u00f3n total a las importaciones en 2017.<\/p>\n<p style=\"text-align: justify;\">La importaci\u00f3n de 12 mil 694 millones de litros durante los primeros 6 meses del a\u00f1o, con un valor total de 4 mil 938 millones de d\u00f3lares, confirma que el pa\u00eds continuar\u00e1 en segundo lugar a nivel mundial.<\/p>\n<p style=\"text-align: justify;\">El secretario de Energ\u00eda, Pedro Joaqu\u00edn Coldwell, hab\u00eda anunciado hace unas semanas que Petr\u00f3leos Mexicanos se encuentra en negociaciones con tres compa\u00f1\u00edas para la construcci\u00f3n de refiner\u00edas en el pa\u00eds, lo que incrementar\u00eda la producci\u00f3n de combustible y podr\u00eda revertir la tendencia.<\/p>\n<\/article>\n<\/div>\n<\/div>\n<div class=\"row hidden-phone\">\n<div class=\"span6\">\n<div class=\"titulo-comentarios\">Informaci\u00f3n de<\/div>\n<\/div>\n<\/div>\n","protected":false},"excerpt":{"rendered":"<p>La importaci\u00f3n de gasolina en el pa\u00eds ascendi\u00f3 a 13 mil 410 millones de d\u00f3lares durante 2015, coloc\u00e1ndolo en el segundo lugar a nivel mundial en este rubro, s\u00f3lo por debajo de Estados Unidos, que compr\u00f3 combustible con un valor de 20 mil 458 millones de d\u00f3lares del exterior, inform\u00f3 El Economista. En tercer lugar [&hellip;]<\/p>\n","protected":false},"author":1,"featured_media":4622,"comment_status":"open","ping_status":"open","sticky":false,"template":"","format":"standard","meta":{"_acf_changed":false,"_monsterinsights_skip_tracking":false,"slim_seo":{"title":"M\u00e9xico es el segundo importador de gasolina a nivel mundial - Opini\u00f3n P\u00fablica","description":"La importaci\u00f3n de gasolina en el pa\u00eds ascendi\u00f3 a 13 mil 410 millones de d\u00f3lares durante 2015, coloc\u00e1ndolo en el segundo lugar a nivel mundial en este rubro, s\u00f3l"},"footnotes":""},"categories":[9],"tags":[],"class_list":["post-4623","post","type-post","status-publish","format-standard","has-post-thumbnail","hentry","category-nacional"],"acf":[],"_links":{"self":[{"href":"https:\/\/www.opinionpublica.tv\/portada\/wp-json\/wp\/v2\/posts\/4623","targetHints":{"allow":["GET"]}}],"collection":[{"href":"https:\/\/www.opinionpublica.tv\/portada\/wp-json\/wp\/v2\/posts"}],"about":[{"href":"https:\/\/www.opinionpublica.tv\/portada\/wp-json\/wp\/v2\/types\/post"}],"author":[{"embeddable":true,"href":"https:\/\/www.opinionpublica.tv\/portada\/wp-json\/wp\/v2\/users\/1"}],"replies":[{"embeddable":true,"href":"https:\/\/www.opinionpublica.tv\/portada\/wp-json\/wp\/v2\/comments?post=4623"}],"version-history":[{"count":0,"href":"https:\/\/www.opinionpublica.tv\/portada\/wp-json\/wp\/v2\/posts\/4623\/revisions"}],"wp:featuredmedia":[{"embeddable":true,"href":"https:\/\/www.opinionpublica.tv\/portada\/wp-json\/wp\/v2\/media\/4622"}],"wp:attachment":[{"href":"https:\/\/www.opinionpublica.tv\/portada\/wp-json\/wp\/v2\/media?parent=4623"}],"wp:term":[{"taxonomy":"category","embeddable":true,"href":"https:\/\/www.opinionpublica.tv\/portada\/wp-json\/wp\/v2\/categories?post=4623"},{"taxonomy":"post_tag","embeddable":true,"href":"https:\/\/www.opinionpublica.tv\/portada\/wp-json\/wp\/v2\/tags?post=4623"}],"curies":[{"name":"wp","href":"https:\/\/api.w.org\/{rel}","templated":true}]}}