{"id":4621,"date":"2016-09-20T06:00:00","date_gmt":"2016-09-20T04:00:00","guid":{"rendered":"https:\/\/www.opinionpublica.tv\/portada\/2016\/09\/20\/comunidad-lgbt-impulsa-la-economia-de-las-playas\/"},"modified":"2016-09-20T06:00:00","modified_gmt":"2016-09-20T04:00:00","slug":"comunidad-lgbt-impulsa-la-economia-de-las-playas","status":"publish","type":"post","link":"https:\/\/www.opinionpublica.tv\/portada\/comunidad-lgbt-impulsa-la-economia-de-las-playas\/","title":{"rendered":"Comunidad LGBT impulsa la econom\u00eda de las playas"},"content":{"rendered":"<p><img fetchpriority=\"high\" decoding=\"async\" class=\" size-full wp-image-4620\" src=\"https:\/\/www.opinionpublica.tv\/portada\/wp-content\/uploads\/2016\/09\/ada34cd2101afafaba465aad112ee3c1.jpg\" alt=\"\" width=\"444\" height=\"362\" srcset=\"https:\/\/www.opinionpublica.tv\/portada\/wp-content\/uploads\/2016\/09\/ada34cd2101afafaba465aad112ee3c1.jpg 444w, https:\/\/www.opinionpublica.tv\/portada\/wp-content\/uploads\/2016\/09\/ada34cd2101afafaba465aad112ee3c1-300x245.jpg 300w\" sizes=\"(max-width: 444px) 100vw, 444px\" \/><\/p>\n<p style=\"text-align: justify;\">Enrique de la Madrid Cordero, secretario de Turismo (Sectur), asegur\u00f3 que no se discrimina a los viajeros l\u00e9sbico, gays, bisexuales y personas transg\u00e9nero, quienes son bienvenidos por el alto poder de compra, que detona la econom\u00eda de las playas como Puerto Vallarta, Canc\u00fan y Riviera Maya, as\u00ed como la Ciudad de M\u00e9xico y Guadalajara.<\/p>\n<p style=\"text-align: justify;\">\u201cNosotros en turismo no debemos tener ning\u00fan tipo de discriminaci\u00f3n. Entre otras cosas, el turismo GayFriendly es de alto nivel adquisitivo y es el tipo de turismo que queremos traer a M\u00e9xico\u201d, se\u00f1al\u00f3<\/p>\n<p style=\"text-align: justify;\">\u00a0<\/p>\n<p style=\"text-align: justify;\">\u201cEn muchos estados de la Rep\u00fablica Mexicana est\u00e1 permitido (el matrimonio entre personas del mismo sexo); el problema surgi\u00f3 a partir de la discusi\u00f3n a nivel federal\u201d, comenta el secretario de Turismo.<\/p>\n<p style=\"text-align: justify;\">M\u00e9xico tiene destinos muy atractivos para atraer al turismo l\u00e9sbico-gay de Estados Unidos, as\u00ed como de Canad\u00e1, agrega el titular de la Sectur.<\/p>\n<p style=\"text-align: justify;\">La Secretar\u00eda de Turismo realiz\u00f3 en 2012 un estudio para conocer cu\u00e1les eran los viajeros que m\u00e1s adquir\u00edan servicios tur\u00edsticos y cu\u00e1l era su impacto sobre la econom\u00eda: \u201cSe detect\u00f3 que el turismo LGBT formaba parte de ese mercado donde mostraba un crecimiento\u201d, cuenta Juan Antonio Arellano, director ejecutivo de Talento Consultores y presidente de Uni\u00f3n de Empresarios Tur\u00edsticos LGBT.\u00a0<\/p>\n<p>Informaci\u00f3n de Forbes<\/p>\n","protected":false},"excerpt":{"rendered":"<p>Enrique de la Madrid Cordero, secretario de Turismo (Sectur), asegur\u00f3 que no se discrimina a los viajeros l\u00e9sbico, gays, bisexuales y personas transg\u00e9nero, quienes son bienvenidos por el alto poder de compra, que detona la econom\u00eda de las playas como Puerto Vallarta, Canc\u00fan y Riviera Maya, as\u00ed como la Ciudad de M\u00e9xico y Guadalajara. \u201cNosotros [&hellip;]<\/p>\n","protected":false},"author":1,"featured_media":4620,"comment_status":"open","ping_status":"open","sticky":false,"template":"","format":"standard","meta":{"_acf_changed":false,"_monsterinsights_skip_tracking":false,"slim_seo":{"title":"Comunidad LGBT impulsa la econom\u00eda de las playas - Opini\u00f3n P\u00fablica","description":"Enrique de la Madrid Cordero, secretario de Turismo (Sectur), asegur\u00f3 que no se discrimina a los viajeros l\u00e9sbico, gays, bisexuales y personas transg\u00e9nero, quie"},"footnotes":""},"categories":[9],"tags":[],"class_list":["post-4621","post","type-post","status-publish","format-standard","has-post-thumbnail","hentry","category-nacional"],"acf":[],"_links":{"self":[{"href":"https:\/\/www.opinionpublica.tv\/portada\/wp-json\/wp\/v2\/posts\/4621","targetHints":{"allow":["GET"]}}],"collection":[{"href":"https:\/\/www.opinionpublica.tv\/portada\/wp-json\/wp\/v2\/posts"}],"about":[{"href":"https:\/\/www.opinionpublica.tv\/portada\/wp-json\/wp\/v2\/types\/post"}],"author":[{"embeddable":true,"href":"https:\/\/www.opinionpublica.tv\/portada\/wp-json\/wp\/v2\/users\/1"}],"replies":[{"embeddable":true,"href":"https:\/\/www.opinionpublica.tv\/portada\/wp-json\/wp\/v2\/comments?post=4621"}],"version-history":[{"count":0,"href":"https:\/\/www.opinionpublica.tv\/portada\/wp-json\/wp\/v2\/posts\/4621\/revisions"}],"wp:featuredmedia":[{"embeddable":true,"href":"https:\/\/www.opinionpublica.tv\/portada\/wp-json\/wp\/v2\/media\/4620"}],"wp:attachment":[{"href":"https:\/\/www.opinionpublica.tv\/portada\/wp-json\/wp\/v2\/media?parent=4621"}],"wp:term":[{"taxonomy":"category","embeddable":true,"href":"https:\/\/www.opinionpublica.tv\/portada\/wp-json\/wp\/v2\/categories?post=4621"},{"taxonomy":"post_tag","embeddable":true,"href":"https:\/\/www.opinionpublica.tv\/portada\/wp-json\/wp\/v2\/tags?post=4621"}],"curies":[{"name":"wp","href":"https:\/\/api.w.org\/{rel}","templated":true}]}}