{"id":4617,"date":"2016-09-20T06:00:00","date_gmt":"2016-09-20T04:00:00","guid":{"rendered":"https:\/\/www.opinionpublica.tv\/portada\/2016\/09\/20\/mexicon-continua-atrasado-en-telefonia-movil\/"},"modified":"2016-09-20T06:00:00","modified_gmt":"2016-09-20T04:00:00","slug":"mexicon-continua-atrasado-en-telefonia-movil","status":"publish","type":"post","link":"https:\/\/www.opinionpublica.tv\/portada\/mexicon-continua-atrasado-en-telefonia-movil\/","title":{"rendered":"M\u00e9xico contin\u00faa atrasado en telefon\u00eda m\u00f3vil"},"content":{"rendered":"<p><img fetchpriority=\"high\" decoding=\"async\" class=\" size-full wp-image-4616\" src=\"https:\/\/www.opinionpublica.tv\/portada\/wp-content\/uploads\/2016\/09\/2f8923849b229fca56af812a1afc6abd.jpg\" alt=\"\" width=\"491\" height=\"337\" srcset=\"https:\/\/www.opinionpublica.tv\/portada\/wp-content\/uploads\/2016\/09\/2f8923849b229fca56af812a1afc6abd.jpg 491w, https:\/\/www.opinionpublica.tv\/portada\/wp-content\/uploads\/2016\/09\/2f8923849b229fca56af812a1afc6abd-300x206.jpg 300w\" sizes=\"(max-width: 491px) 100vw, 491px\" \/><\/p>\n<p style=\"text-align: justify;\">Si la red 3G dot\u00f3 a nuestros tel\u00e9fonos inteligentes de conexi\u00f3n a internet y la 4G nos permiti\u00f3 transmitir video, la pr\u00f3xima generaci\u00f3n de telefon\u00eda m\u00f3vil, 5G, promete tener la capacidad de manejar al internet de las cosas y atender tareas de misi\u00f3n cr\u00edtica. Ese nuevo est\u00e1ndar a\u00fan est\u00e1 en desarrollo y se espera que comience a desplegarse de forma masiva en algunos de los pa\u00edses m\u00e1s desarrollados del mundo en 2020, \u00bfcu\u00e1ndo podr\u00eda llegar a M\u00e9xico?<\/p>\n<p style=\"text-align: justify;\">Una forma de hacer una prognosis al respecto es echar un vistazo a la velocidad de adopci\u00f3n de las dos \u00faltimas generaciones de telefon\u00eda m\u00f3vil, y en ese sentido el escenario es poco halag\u00fce\u00f1o. Si bien los principales operadores en nuestro pa\u00eds tienen una gran tasa de cobertura, \u00e9sta se concentra en redes 2G y 3G. \u201cNo podemos generalizar y decir que una ciudad es 4G; es necesario aclarar qu\u00e9 porcentaje de la ciudad es 4G, 3G y 2G\u201d, sostiene Ernesto Piedras, director y fundador de The Competitive Intelligence Unite (CIU).<\/p>\n<p style=\"text-align: justify;\">En cuanto a las velocidades de descarga en 4G, Telcel va a la delantera, con 10.23 Mbps, seguido de AT&amp;T con 9.59 Mbps y Movistar con 9.31 Mbps.<\/p>\n<p style=\"text-align: justify;\">Finalmente, en lo que respecta a 3G, AT&amp;T lidera el segmento, con una velocidad de descarga de 4.24 Mbps, seguida de Telcel y Movistar, que reportan 3.77 y 2.79 Mbps, respectivamente.<\/p>\n<p style=\"text-align: justify;\">Las diferencias de las tres generaciones de telefon\u00eda m\u00f3vil que conviven actualmente podr\u00edan resumirse a grandes rasgos de la siguiente manera:<\/p>\n<p style=\"text-align: justify;\">2G. Fue el primer servicio digital y permite el intercambio de voz. De hecho, a\u00fan es usada por la mayor\u00eda de los operadores para conectar las llamadas de los usuarios dada su estabilidad. Ofrece velocidades de conexi\u00f3n de entre 9.6 y 200 Kbps.<\/p>\n<p style=\"text-align: justify;\">3G. Se trata de una conexi\u00f3n m\u00e1s robusta que permite acceder a paquetes de datos m\u00e1s robustos, como a p\u00e1ginas de internet o aplicaciones de tel\u00e9fonos inteligentes. Su velocidad de conexi\u00f3n oscila entre los 2 Mbps y las decenas de Mbps.<\/p>\n<p style=\"text-align: justify;\">4G. \u00c9sta es la verdadera banda ancha m\u00f3vil. Permite ofrecer voz a trav\u00e9s de datos (VoIP, esas funciones que aprovechan las llamadas de voz v\u00eda WhatsApp, Facebook Messenger, Skype o Hangouts, aunque de forma bastante inestable) y su velocidad de conexi\u00f3n va desde las decenas de Mbps hasta los cientos de Mbps.<\/p>\n<p style=\"text-align: justify;\">5G. Aunque a\u00fan no existe un est\u00e1ndar internacional ni se tiene claro cu\u00e1les ser\u00e1n sus aplicaciones, se espera que pueda alcanzar hasta 1 Gbps, lo que permitir\u00eda el tr\u00e1fico de muy altos vol\u00famenes de datos. Quiz\u00e1s a\u00fan m\u00e1s importante, esta generaci\u00f3n reducir\u00e1 la latencia, que es el tiempo que la red tarda en responder a una solicitud de comunicaci\u00f3n, lo que volver\u00eda m\u00e1s confiable las conexiones del internet de las cosas.\u00a0<\/p>\n<p>Informaci\u00f3n de Forbes<\/p>\n","protected":false},"excerpt":{"rendered":"<p>Si la red 3G dot\u00f3 a nuestros tel\u00e9fonos inteligentes de conexi\u00f3n a internet y la 4G nos permiti\u00f3 transmitir video, la pr\u00f3xima generaci\u00f3n de telefon\u00eda m\u00f3vil, 5G, promete tener la capacidad de manejar al internet de las cosas y atender tareas de misi\u00f3n cr\u00edtica. Ese nuevo est\u00e1ndar a\u00fan est\u00e1 en desarrollo y se espera que [&hellip;]<\/p>\n","protected":false},"author":1,"featured_media":4616,"comment_status":"open","ping_status":"open","sticky":false,"template":"","format":"standard","meta":{"_acf_changed":false,"_monsterinsights_skip_tracking":false,"slim_seo":{"title":"M\u00e9xico contin\u00faa atrasado en telefon\u00eda m\u00f3vil - Opini\u00f3n P\u00fablica","description":"Si la red 3G dot\u00f3 a nuestros tel\u00e9fonos inteligentes de conexi\u00f3n a internet y la 4G nos permiti\u00f3 transmitir video, la pr\u00f3xima generaci\u00f3n de telefon\u00eda m\u00f3vil, 5G,"},"footnotes":""},"categories":[9],"tags":[],"class_list":["post-4617","post","type-post","status-publish","format-standard","has-post-thumbnail","hentry","category-nacional"],"acf":[],"_links":{"self":[{"href":"https:\/\/www.opinionpublica.tv\/portada\/wp-json\/wp\/v2\/posts\/4617","targetHints":{"allow":["GET"]}}],"collection":[{"href":"https:\/\/www.opinionpublica.tv\/portada\/wp-json\/wp\/v2\/posts"}],"about":[{"href":"https:\/\/www.opinionpublica.tv\/portada\/wp-json\/wp\/v2\/types\/post"}],"author":[{"embeddable":true,"href":"https:\/\/www.opinionpublica.tv\/portada\/wp-json\/wp\/v2\/users\/1"}],"replies":[{"embeddable":true,"href":"https:\/\/www.opinionpublica.tv\/portada\/wp-json\/wp\/v2\/comments?post=4617"}],"version-history":[{"count":0,"href":"https:\/\/www.opinionpublica.tv\/portada\/wp-json\/wp\/v2\/posts\/4617\/revisions"}],"wp:featuredmedia":[{"embeddable":true,"href":"https:\/\/www.opinionpublica.tv\/portada\/wp-json\/wp\/v2\/media\/4616"}],"wp:attachment":[{"href":"https:\/\/www.opinionpublica.tv\/portada\/wp-json\/wp\/v2\/media?parent=4617"}],"wp:term":[{"taxonomy":"category","embeddable":true,"href":"https:\/\/www.opinionpublica.tv\/portada\/wp-json\/wp\/v2\/categories?post=4617"},{"taxonomy":"post_tag","embeddable":true,"href":"https:\/\/www.opinionpublica.tv\/portada\/wp-json\/wp\/v2\/tags?post=4617"}],"curies":[{"name":"wp","href":"https:\/\/api.w.org\/{rel}","templated":true}]}}