{"id":46068,"date":"2024-10-31T00:01:00","date_gmt":"2024-10-31T06:01:00","guid":{"rendered":"https:\/\/www.opinionpublica.tv\/portada\/?p=46068"},"modified":"2024-10-30T20:01:08","modified_gmt":"2024-10-31T02:01:08","slug":"recorre-maru-campos-los-furgones-del-doctor-vagon-en-su-paso-por-meoqui","status":"publish","type":"post","link":"https:\/\/www.opinionpublica.tv\/portada\/recorre-maru-campos-los-furgones-del-doctor-vagon-en-su-paso-por-meoqui\/","title":{"rendered":"Recorre Maru Campos los furgones del Doctor Vag\u00f3n en su paso por Meoqui"},"content":{"rendered":"\n<figure class=\"wp-block-image size-large\"><img fetchpriority=\"high\" decoding=\"async\" width=\"1024\" height=\"682\" src=\"https:\/\/www.opinionpublica.tv\/portada\/wp-content\/uploads\/2024\/10\/Recorre-Maru-Campos-los-furgones-del-Doctor-Vagon-en-su-paso-por-Meoqui-1024x682.jpeg\" alt=\"Recorre Maru Campos Los Furgones Del Doctor Vago\u0301n En Su Paso Por Meoqui\" class=\"wp-image-46070\" srcset=\"https:\/\/www.opinionpublica.tv\/portada\/wp-content\/uploads\/2024\/10\/Recorre-Maru-Campos-los-furgones-del-Doctor-Vagon-en-su-paso-por-Meoqui-1024x682.jpeg 1024w, https:\/\/www.opinionpublica.tv\/portada\/wp-content\/uploads\/2024\/10\/Recorre-Maru-Campos-los-furgones-del-Doctor-Vagon-en-su-paso-por-Meoqui-300x200.jpeg 300w, https:\/\/www.opinionpublica.tv\/portada\/wp-content\/uploads\/2024\/10\/Recorre-Maru-Campos-los-furgones-del-Doctor-Vagon-en-su-paso-por-Meoqui-768x512.jpeg 768w, https:\/\/www.opinionpublica.tv\/portada\/wp-content\/uploads\/2024\/10\/Recorre-Maru-Campos-los-furgones-del-Doctor-Vagon-en-su-paso-por-Meoqui-1536x1023.jpeg 1536w, https:\/\/www.opinionpublica.tv\/portada\/wp-content\/uploads\/2024\/10\/Recorre-Maru-Campos-los-furgones-del-Doctor-Vagon-en-su-paso-por-Meoqui.jpeg 1600w\" sizes=\"(max-width: 1024px) 100vw, 1024px\" \/><\/figure>\n\n\n\n<p class=\"wp-block-paragraph\"><em>Meoqui, Chih<\/em>.- Durante su gira de trabajo en el municipio de Meoqui, la gobernadora Maru Campos recorri\u00f3 los furgones que forman parte del Dr. Vag\u00f3n, El Tren de la Salud, que comenz\u00f3 a prestar sus servicios en esta localidad.<\/p>\n\n\n\n<p class=\"wp-block-paragraph\">Este hospital rodante, es un programa de Grupo M\u00e9xico que se implementa en coordinaci\u00f3n con Gobierno del Estado, al recorrer municipios y localidades de Chihuahua para brindar atenci\u00f3n m\u00e9dica de forma gratuita hasta a 500 personas diariamente.<\/p>\n\n\n\n<p class=\"wp-block-paragraph\">Al visitar cada uno de los 18 consultorios acompa\u00f1ada por la subdirectora del \u00c1rea de Salud de Fundaci\u00f3n Grupo M\u00e9xico, Sof\u00eda Lancyzner, la mandataria agradeci\u00f3 al corporativo por trabajar de la mano con su administraci\u00f3n, para llevar atenci\u00f3n m\u00e9dica a cada rinc\u00f3n del estado.<\/p>\n\n\n\n<p class=\"wp-block-paragraph\">En los 18 carros del ferrocarril, se brindan consultas generales y especializadas, estudios de laboratorio y de gabinete, intervenciones ambulatorias como cirug\u00eda de cataratas, unidad de control diab\u00e9tico, suministro de medicamentos y uno m\u00e1s para la prevenci\u00f3n del c\u00e1ncer de mama.<\/p>\n\n\n\n<p class=\"wp-block-paragraph\">El Tren de la Salud permanecer\u00e1 en Meoqui del 30 de octubre al 3 de noviembre y se espera que proporcione m\u00e1s de 2 mil 500 servicios de manera gratuita.<\/p>\n","protected":false},"excerpt":{"rendered":"<p>Meoqui, Chih.- Durante su gira de trabajo en el municipio de Meoqui, la gobernadora Maru Campos recorri\u00f3 los furgones que forman parte del Dr. Vag\u00f3n, El Tren de la Salud, que comenz\u00f3 a prestar sus servicios en esta localidad. Este hospital rodante, es un programa de Grupo M\u00e9xico que se implementa en coordinaci\u00f3n con Gobierno [&hellip;]<\/p>\n","protected":false},"author":6,"featured_media":46070,"comment_status":"open","ping_status":"open","sticky":false,"template":"","format":"standard","meta":{"_acf_changed":false,"_monsterinsights_skip_tracking":false,"slim_seo":{"title":"Recorre Maru Campos los furgones del Doctor Vag\u00f3n en su paso por Meoqui - Opini\u00f3n P\u00fablica","description":"Meoqui, Chih .- Durante su gira de trabajo en el municipio de Meoqui, la gobernadora Maru Campos recorri\u00f3 los furgones que forman parte del Dr. Vag\u00f3n, El Tren d"},"footnotes":""},"categories":[11],"tags":[],"class_list":["post-46068","post","type-post","status-publish","format-standard","has-post-thumbnail","hentry","category-tendencias"],"acf":[],"_links":{"self":[{"href":"https:\/\/www.opinionpublica.tv\/portada\/wp-json\/wp\/v2\/posts\/46068","targetHints":{"allow":["GET"]}}],"collection":[{"href":"https:\/\/www.opinionpublica.tv\/portada\/wp-json\/wp\/v2\/posts"}],"about":[{"href":"https:\/\/www.opinionpublica.tv\/portada\/wp-json\/wp\/v2\/types\/post"}],"author":[{"embeddable":true,"href":"https:\/\/www.opinionpublica.tv\/portada\/wp-json\/wp\/v2\/users\/6"}],"replies":[{"embeddable":true,"href":"https:\/\/www.opinionpublica.tv\/portada\/wp-json\/wp\/v2\/comments?post=46068"}],"version-history":[{"count":2,"href":"https:\/\/www.opinionpublica.tv\/portada\/wp-json\/wp\/v2\/posts\/46068\/revisions"}],"predecessor-version":[{"id":46071,"href":"https:\/\/www.opinionpublica.tv\/portada\/wp-json\/wp\/v2\/posts\/46068\/revisions\/46071"}],"wp:featuredmedia":[{"embeddable":true,"href":"https:\/\/www.opinionpublica.tv\/portada\/wp-json\/wp\/v2\/media\/46070"}],"wp:attachment":[{"href":"https:\/\/www.opinionpublica.tv\/portada\/wp-json\/wp\/v2\/media?parent=46068"}],"wp:term":[{"taxonomy":"category","embeddable":true,"href":"https:\/\/www.opinionpublica.tv\/portada\/wp-json\/wp\/v2\/categories?post=46068"},{"taxonomy":"post_tag","embeddable":true,"href":"https:\/\/www.opinionpublica.tv\/portada\/wp-json\/wp\/v2\/tags?post=46068"}],"curies":[{"name":"wp","href":"https:\/\/api.w.org\/{rel}","templated":true}]}}