{"id":46055,"date":"2024-10-31T00:01:00","date_gmt":"2024-10-31T06:01:00","guid":{"rendered":"https:\/\/www.opinionpublica.tv\/portada\/?p=46055"},"modified":"2024-10-30T19:19:31","modified_gmt":"2024-10-31T01:19:31","slug":"imparten-conferencias-sobre-emprendimiento-como-camino-de-superacion-para-las-mujeres","status":"publish","type":"post","link":"https:\/\/www.opinionpublica.tv\/portada\/imparten-conferencias-sobre-emprendimiento-como-camino-de-superacion-para-las-mujeres\/","title":{"rendered":"Imparten conferencias de emprendimiento para superaci\u00f3n de las mujeres"},"content":{"rendered":"\n<figure class=\"wp-block-image size-large\"><img fetchpriority=\"high\" decoding=\"async\" width=\"1024\" height=\"682\" src=\"https:\/\/www.opinionpublica.tv\/portada\/wp-content\/uploads\/2024\/10\/Imparten-conferencias-de-emprendimiento-para-superacion-de-las-mujeres-1024x682.jpeg\" alt=\"Imparten Conferencias De Emprendimiento Para Superacio\u0301n De Las Mujeres\" class=\"wp-image-46058\" srcset=\"https:\/\/www.opinionpublica.tv\/portada\/wp-content\/uploads\/2024\/10\/Imparten-conferencias-de-emprendimiento-para-superacion-de-las-mujeres-1024x682.jpeg 1024w, https:\/\/www.opinionpublica.tv\/portada\/wp-content\/uploads\/2024\/10\/Imparten-conferencias-de-emprendimiento-para-superacion-de-las-mujeres-300x200.jpeg 300w, https:\/\/www.opinionpublica.tv\/portada\/wp-content\/uploads\/2024\/10\/Imparten-conferencias-de-emprendimiento-para-superacion-de-las-mujeres-768x512.jpeg 768w, https:\/\/www.opinionpublica.tv\/portada\/wp-content\/uploads\/2024\/10\/Imparten-conferencias-de-emprendimiento-para-superacion-de-las-mujeres-1536x1023.jpeg 1536w, https:\/\/www.opinionpublica.tv\/portada\/wp-content\/uploads\/2024\/10\/Imparten-conferencias-de-emprendimiento-para-superacion-de-las-mujeres.jpeg 1600w\" sizes=\"(max-width: 1024px) 100vw, 1024px\" \/><\/figure>\n\n\n\n<p class=\"wp-block-paragraph\"><em>Ciudad Ju\u00e1rez, Chih<\/em>.- La Direcci\u00f3n General de Desarrollo Econ\u00f3mico, en coordinaci\u00f3n con el DIF Municipal, imparti\u00f3 las conferencias \u201cM\u00e1s all\u00e1 de la violencia, el emprendimiento como camino de superaci\u00f3n para las mujeres\u201d y \u201cRetos y oportunidades\u201d.<\/p>\n\n\n\n<p class=\"wp-block-paragraph\">El evento fue encabezado por la Presidenta del DIF Municipal, Rub\u00ed Enr\u00edquez, quien mencion\u00f3 que en el Sistema para el Desarrollo Integral de la Familia se dan a la tarea de capacitar y dar talleres a la poblaci\u00f3n.<\/p>\n\n\n\n<p class=\"wp-block-paragraph\">Cuando la directora general de Desarrollo Econ\u00f3mico, Tania Maldonado Gardu\u00f1o, le comparti\u00f3 la idea de impartir estas capacitaciones le pareci\u00f3 una excelente idea porque se da continuidad a la preparaci\u00f3n de los juarenses.<\/p>\n\n\n\n<p class=\"wp-block-paragraph\">Por parte del Gobierno Municipal estamos actuando de forma integral no solamente dando talleres sino brind\u00e1ndoles apoyo para que salgan adelante, a\u00f1adi\u00f3.<\/p>\n\n\n\n<p class=\"wp-block-paragraph\">A nombre del presidente municipal, Cruz P\u00e9rez Cu\u00e9llar, siempre daremos lo mejor de nosotros mismos para que las mujeres sean triunfadoras y se beneficien a nivel personal y familiar, expres\u00f3.<\/p>\n\n\n\n<p class=\"wp-block-paragraph\">Tania Maldonado indic\u00f3 que es el segundo taller de emprendimiento que imparte la direcci\u00f3n a su cargo y est\u00e1 dirigida a mujeres.<\/p>\n\n\n\n<p class=\"wp-block-paragraph\">Coment\u00f3 que muchas amas de casa quieren emprender un peque\u00f1o negocio pero requieren de una capacitaci\u00f3n que les motive a iniciar su emprendimiento, por lo que Desarrollo Econ\u00f3mico les acerca las herramientas necesarias para que tengan mayor \u00e9xito.<\/p>\n","protected":false},"excerpt":{"rendered":"<p>Ciudad Ju\u00e1rez, Chih.- La Direcci\u00f3n General de Desarrollo Econ\u00f3mico, en coordinaci\u00f3n con el DIF Municipal, imparti\u00f3 las conferencias \u201cM\u00e1s all\u00e1 de la violencia, el emprendimiento como camino de superaci\u00f3n para las mujeres\u201d y \u201cRetos y oportunidades\u201d. El evento fue encabezado por la Presidenta del DIF Municipal, Rub\u00ed Enr\u00edquez, quien mencion\u00f3 que en el Sistema para [&hellip;]<\/p>\n","protected":false},"author":6,"featured_media":46058,"comment_status":"open","ping_status":"open","sticky":false,"template":"","format":"standard","meta":{"_acf_changed":false,"_monsterinsights_skip_tracking":false,"slim_seo":{"title":"Imparten conferencias de emprendimiento para superaci\u00f3n de las mujeres - Opini\u00f3n P\u00fablica","description":"Ciudad Ju\u00e1rez, Chih .- La Direcci\u00f3n General de Desarrollo Econ\u00f3mico, en coordinaci\u00f3n con el DIF Municipal, imparti\u00f3 las conferencias \u201cM\u00e1s all\u00e1 de la violencia,"},"footnotes":""},"categories":[41],"tags":[],"class_list":["post-46055","post","type-post","status-publish","format-standard","has-post-thumbnail","hentry","category-juarez"],"acf":[],"_links":{"self":[{"href":"https:\/\/www.opinionpublica.tv\/portada\/wp-json\/wp\/v2\/posts\/46055","targetHints":{"allow":["GET"]}}],"collection":[{"href":"https:\/\/www.opinionpublica.tv\/portada\/wp-json\/wp\/v2\/posts"}],"about":[{"href":"https:\/\/www.opinionpublica.tv\/portada\/wp-json\/wp\/v2\/types\/post"}],"author":[{"embeddable":true,"href":"https:\/\/www.opinionpublica.tv\/portada\/wp-json\/wp\/v2\/users\/6"}],"replies":[{"embeddable":true,"href":"https:\/\/www.opinionpublica.tv\/portada\/wp-json\/wp\/v2\/comments?post=46055"}],"version-history":[{"count":3,"href":"https:\/\/www.opinionpublica.tv\/portada\/wp-json\/wp\/v2\/posts\/46055\/revisions"}],"predecessor-version":[{"id":46060,"href":"https:\/\/www.opinionpublica.tv\/portada\/wp-json\/wp\/v2\/posts\/46055\/revisions\/46060"}],"wp:featuredmedia":[{"embeddable":true,"href":"https:\/\/www.opinionpublica.tv\/portada\/wp-json\/wp\/v2\/media\/46058"}],"wp:attachment":[{"href":"https:\/\/www.opinionpublica.tv\/portada\/wp-json\/wp\/v2\/media?parent=46055"}],"wp:term":[{"taxonomy":"category","embeddable":true,"href":"https:\/\/www.opinionpublica.tv\/portada\/wp-json\/wp\/v2\/categories?post=46055"},{"taxonomy":"post_tag","embeddable":true,"href":"https:\/\/www.opinionpublica.tv\/portada\/wp-json\/wp\/v2\/tags?post=46055"}],"curies":[{"name":"wp","href":"https:\/\/api.w.org\/{rel}","templated":true}]}}