{"id":46035,"date":"2024-10-31T00:01:00","date_gmt":"2024-10-31T06:01:00","guid":{"rendered":"https:\/\/www.opinionpublica.tv\/portada\/?p=46035"},"modified":"2024-10-30T19:05:33","modified_gmt":"2024-10-31T01:05:33","slug":"supremacia-constitucional-avanza-en-diputados-continua-discusion-en-lo-particular","status":"publish","type":"post","link":"https:\/\/www.opinionpublica.tv\/portada\/supremacia-constitucional-avanza-en-diputados-continua-discusion-en-lo-particular\/","title":{"rendered":"La Supremac\u00eda Constitucional ya avanz\u00f3 en la C\u00e1mara de Diputados"},"content":{"rendered":"\n<figure class=\"wp-block-image size-full\"><img fetchpriority=\"high\" decoding=\"async\" width=\"1006\" height=\"620\" src=\"https:\/\/www.opinionpublica.tv\/portada\/wp-content\/uploads\/2024\/10\/La-Supremacia-Constitucional-ya-avanzo-en-la-Camara-de-Diputados.avif\" alt=\"La Supremaci\u0301a Constitucional Ya Avanzo\u0301 En La Ca\u0301mara De Diputados\" class=\"wp-image-46041\"\/><\/figure>\n\n\n\n<p class=\"wp-block-paragraph\"><em>Ciudad de M\u00e9xico<\/em>.- El pleno de la C\u00e1mara de Diputados aprob\u00f3 en lo general, la reforma en materia de Supremac\u00eda constitucional, para establecer que las reformas a la Carta Magna no pueden ser impugnadas ni suspendidas.<\/p>\n\n\n\n<p class=\"wp-block-paragraph\">El proyecto qued\u00f3 avalado por mayor\u00eda de 340 votos a favor por parte de las bancadas de Morena, PT y PVEM, 133 sufragios en contra del PRI, PAN y MC, as\u00ed como una abstenci\u00f3n.<\/p>\n\n\n\n<p class=\"wp-block-paragraph\">Al presentar el proyecto, el diputado de Morena, Leonel Godoy subi\u00f3 a la tribuna respaldado por sus compa\u00f1eras y compa\u00f1eros de bancada. Dijo que la reforma busca proporcionar certeza jur\u00eddica y claridad para reafirmar la improcedencia de los medios de control constitucional, acciones de inconstitucionalidad, controversias constitucionales y amparo que tengan por objeto contravenir las adiciones o reformas a la Constituci\u00f3n Pol\u00edtica de los Estados Unidos Mexicanos.<\/p>\n\n\n\n<p class=\"wp-block-paragraph\">\u201cMiente quien diga que el juicio de amparo desaparece. Miente quien diga que los derechos humanos han perdido vigor en materia de juicio de amparo. Mienten totalmente\u201d, acus\u00f3.<\/p>\n\n\n\n<p class=\"wp-block-paragraph\">Laura Ballesteros, del partido naranja, dijo que la reforma \u201ces violatoria de la Constituci\u00f3n y de m\u00e1s de 600 recursos jur\u00eddicos y legales\u201d, y denunci\u00f3 que lo que est\u00e1 detr\u00e1s de ella no es la supremac\u00eda constitucional, sino la \u201csupremac\u00eda de Morena\u201d.<\/p>\n\n\n\n<p class=\"wp-block-paragraph\">\u201cPara blindar este y todo tipo de abusos de poder que cometen ustedes y sus personajes, para asegurar la supremac\u00eda de Morena sobre la Constituci\u00f3n, sobre la divisi\u00f3n de Poderes y sobre los derechos fundamentales, los derechos humanos\u201d, dijo.<\/p>\n\n\n\n<p class=\"wp-block-paragraph\">El diputado del PRI, C\u00e9sar Dom\u00ednguez asegur\u00f3 que M\u00e9xico va en el camino de convertirse en un Estado autoritario: \u201cNo solo de facto, como ya lo es con la mayor\u00eda oficialista, sino autoritario desde la Constituci\u00f3n misma con esta reforma.<\/p>\n\n\n\n<p class=\"wp-block-paragraph\">El ejercicio opresivo del poder y la limitaci\u00f3n de las libertades pol\u00edticas ser\u00e1n crecientes. S\u00ed, como dec\u00eda Reyes Heroles, la libertad se forma de libertades.<\/p>\n\n\n\n<p class=\"wp-block-paragraph\">Nosotros creemos que el autoritarismo se forma de la suma de actos autoritarios, como ya lo estamos viviendo en M\u00e9xico\u201d.<\/p>\n\n\n\n<p class=\"wp-block-paragraph\">Lilia Aguilar, del PT, confront\u00f3 a los opositores, y se\u00f1al\u00f3 que con la reforma evitar\u00e1n que la Corte d\u00e9 un golpe de Estado legal a trav\u00e9s de la interpretaci\u00f3n del a constituci\u00f3n; \u201cporque si hoy pueden ellos interpretar la constituci\u00f3n como lo ha hecho el ministro Gonz\u00e1lez Alc\u00e1ntara Carranc\u00e1 que dice que una parte de la constituci\u00f3n es inconstitucional y otra parte no, imag\u00ednense ustedes el absurdo\u201d.<\/p>\n\n\n\n<p class=\"wp-block-paragraph\">M\u00e1s tarde, pas\u00f3 a tribuna la diputada del PAN, Annia Sarah\u00ed G\u00f3mez C\u00e1rdenas, lo hizo acompa\u00f1ada de sus compa\u00f1eras y compa\u00f1eros de bancada quienes llevaron veladoras y l\u00e1pidas que hac\u00edan alusi\u00f3n a la muerte de los \u00f3rganos aut\u00f3nomos, del poder judicial, de la democracia, y del Estado de Derecho.<\/p>\n\n\n\n<p class=\"wp-block-paragraph\">\u201cLes traje la constituci\u00f3n, no para que la lean porque sabemos que no leen, para que le pongan un altar, porque la est\u00e1n matando. Dicen defender la constituci\u00f3n pero la ponen al servicio de la dictadura. Lucharemos aunque tengamos que ir a organizaciones internacionales\u201d, sentenci\u00f3.<\/p>\n\n\n\n<p class=\"wp-block-paragraph\">La reforma a los art\u00edculos 105 y 107, elevar a rango Constitucional que las reformas a la Cara Magna no pueden ser impugnadas ni suspendidas.<\/p>\n\n\n\n<p class=\"wp-block-paragraph\">Con ello, la Suprema Corte de Justicia de la Naci\u00f3n (SCJN) quedar\u00e1 imposibilitada para admitir a tr\u00e1mite y resolver cualquier acci\u00f3n de inconstitucionalidad, controversia constitucional o amparo en contra de una reforma constitucional que afecte a ciudadanos, como ser\u00eda el caso de la Reforma Judicial.<\/p>\n\n\n\n<p class=\"wp-block-paragraph\">Tras su aprobaci\u00f3n en lo general, se procedi\u00f3 a su discusi\u00f3n de la Supremac\u00eda constitucional en lo particular.<\/p>\n\n\n\n<p class=\"wp-block-paragraph\"><em>Con informaci\u00f3n de El Universal<\/em>.<\/p>\n","protected":false},"excerpt":{"rendered":"<p>Ciudad de M\u00e9xico.- El pleno de la C\u00e1mara de Diputados aprob\u00f3 en lo general, la reforma en materia de Supremac\u00eda constitucional, para establecer que las reformas a la Carta Magna no pueden ser impugnadas ni suspendidas. El proyecto qued\u00f3 avalado por mayor\u00eda de 340 votos a favor por parte de las bancadas de Morena, PT [&hellip;]<\/p>\n","protected":false},"author":6,"featured_media":46041,"comment_status":"open","ping_status":"open","sticky":false,"template":"","format":"standard","meta":{"_acf_changed":false,"_monsterinsights_skip_tracking":false,"slim_seo":{"title":"La Supremac\u00eda Constitucional ya avanz\u00f3 en la C\u00e1mara de Diputados - Opini\u00f3n P\u00fablica","description":"Ciudad de M\u00e9xico .- El pleno de la C\u00e1mara de Diputados aprob\u00f3 en lo general, la reforma en materia de Supremac\u00eda constitucional, para establecer que las reforma"},"footnotes":""},"categories":[3],"tags":[],"class_list":["post-46035","post","type-post","status-publish","format-standard","has-post-thumbnail","hentry","category-principal"],"acf":[],"_links":{"self":[{"href":"https:\/\/www.opinionpublica.tv\/portada\/wp-json\/wp\/v2\/posts\/46035","targetHints":{"allow":["GET"]}}],"collection":[{"href":"https:\/\/www.opinionpublica.tv\/portada\/wp-json\/wp\/v2\/posts"}],"about":[{"href":"https:\/\/www.opinionpublica.tv\/portada\/wp-json\/wp\/v2\/types\/post"}],"author":[{"embeddable":true,"href":"https:\/\/www.opinionpublica.tv\/portada\/wp-json\/wp\/v2\/users\/6"}],"replies":[{"embeddable":true,"href":"https:\/\/www.opinionpublica.tv\/portada\/wp-json\/wp\/v2\/comments?post=46035"}],"version-history":[{"count":4,"href":"https:\/\/www.opinionpublica.tv\/portada\/wp-json\/wp\/v2\/posts\/46035\/revisions"}],"predecessor-version":[{"id":46042,"href":"https:\/\/www.opinionpublica.tv\/portada\/wp-json\/wp\/v2\/posts\/46035\/revisions\/46042"}],"wp:featuredmedia":[{"embeddable":true,"href":"https:\/\/www.opinionpublica.tv\/portada\/wp-json\/wp\/v2\/media\/46041"}],"wp:attachment":[{"href":"https:\/\/www.opinionpublica.tv\/portada\/wp-json\/wp\/v2\/media?parent=46035"}],"wp:term":[{"taxonomy":"category","embeddable":true,"href":"https:\/\/www.opinionpublica.tv\/portada\/wp-json\/wp\/v2\/categories?post=46035"},{"taxonomy":"post_tag","embeddable":true,"href":"https:\/\/www.opinionpublica.tv\/portada\/wp-json\/wp\/v2\/tags?post=46035"}],"curies":[{"name":"wp","href":"https:\/\/api.w.org\/{rel}","templated":true}]}}