{"id":46030,"date":"2024-10-31T00:01:00","date_gmt":"2024-10-31T06:01:00","guid":{"rendered":"https:\/\/www.opinionpublica.tv\/portada\/?p=46030"},"modified":"2024-10-30T18:54:22","modified_gmt":"2024-10-31T00:54:22","slug":"apple-presenta-macbook-pro-con-chip-m4-max-y-con-mas-de-24-horas-de-bateria","status":"publish","type":"post","link":"https:\/\/www.opinionpublica.tv\/portada\/apple-presenta-macbook-pro-con-chip-m4-max-y-con-mas-de-24-horas-de-bateria\/","title":{"rendered":"Apple presenta Macbook Pro con chip M4 Max y con m\u00e1s de 24 horas de bater\u00eda"},"content":{"rendered":"\n<figure class=\"wp-block-image size-full\"><img fetchpriority=\"high\" decoding=\"async\" width=\"1100\" height=\"666\" src=\"https:\/\/www.opinionpublica.tv\/portada\/wp-content\/uploads\/2024\/10\/Apple-presenta-Macbook-Pro-con-chip-M4-Max-y-con-mas-de-24-horas-de-bateria.avif\" alt=\"Apple Presenta Macbook Pro Con Chip M4 Max Y Con Ma\u0301s De 24 Horas De Bateri\u0301a\" class=\"wp-image-46032\"\/><\/figure>\n\n\n\n<p class=\"wp-block-paragraph\">Apple continua sorprendiendonos con nuevos productos. En esta ocasi\u00f3n toc\u00f3 el lanzamiento de la nueva MacBook Pro que llega con los procesadores M4 y M4 Pro, adem\u00e1s del nuevo M4 Max que la convierte en una laptop ideal para usar Apple Intelligence.<\/p>\n\n\n\n<p class=\"wp-block-paragraph\">Sus grandes cambios est\u00e1n en el interior<\/p>\n\n\n\n<p class=\"wp-block-paragraph\">La MacBook Pro llega en dos tama\u00f1os: 14 y 16 pulgadas. B\u00e1sicamente es el mismo dise\u00f1o que ya hab\u00edamos visto en los modelos anteriores.<\/p>\n\n\n\n<p class=\"wp-block-paragraph\">En realidad los grandes cambios vienen en su interior, pues adem\u00e1s de incluir el nuevo chip M4 y M4 Pro, tambi\u00e9n integra el M4 Max, el chip m\u00e1s potente de Apple hasta ahora.<\/p>\n\n\n\n<p class=\"wp-block-paragraph\">Este chip le brinda a la computadora un equilibrio entre potencia y eficiencia. Optimiza su velocidad de procesamiento y puede correr programas de alta potencia de manera fluida. Adem\u00e1s, el consumo de energ\u00eda es moderado a comparaci\u00f3n de otros equipos de la misma firma, lo cual le brinda hasta 24 horas.<\/p>\n\n\n\n<p class=\"wp-block-paragraph\">Otra de las novedades que encontramos es el Thunderbolt 5 en las versiones M4 Pro y M4 Max que aumenta las velocidades de transferencia y le brinda mayor flexibilidad de conectividad. Con ello, puedes conectar hasta tres monitores externos.<\/p>\n\n\n\n<p class=\"wp-block-paragraph\">En cuanto a su pantalla, ofrece Liquid Retina XDR que alcanza hasta los 1,000 nits de brillo en SDR, adem\u00e1s de una opci\u00f3n de nanotextura para reducir los reflejos en entornos muy iluminados.<\/p>\n\n\n\n<p class=\"wp-block-paragraph\">Su rendimiento gr\u00e1fico tambi\u00e9n est\u00e1 mejorado con un motor ray-tracing que duplica la velocidad en comparaci\u00f3n con la generaci\u00f3n anterior, seg\u00fan Apple.<\/p>\n\n\n\n<p class=\"wp-block-paragraph\">Ideal para Apple Intelligence<\/p>\n\n\n\n<p class=\"wp-block-paragraph\">Como era de esperarse, esta laptop tambi\u00e9n est\u00e1 destinada para soportar Apple Intelligence. Sus capacidades benefician al usario para ejecutar de manera m\u00e1s \u00e1gil y efectiva diferentes programas de IA.<\/p>\n\n\n\n<p class=\"wp-block-paragraph\">Los usuarios podr\u00e1n realizar tareas cotidianas con esta tecnolog\u00eda como resumir correos, redactar textos, editar im\u00e1genes e incluso usar a una Siri m\u00e1s inteligente.<\/p>\n\n\n\n<p class=\"wp-block-paragraph\">Precio y disponibilidad en M\u00e9xico<\/p>\n\n\n\n<p class=\"wp-block-paragraph\">La nueva MacBook Pro llegar\u00e1 el 5 de noviembre en preventa a M\u00e9xico.<\/p>\n\n\n\n<p class=\"wp-block-paragraph\">Sus costos ser\u00e1n:<\/p>\n\n\n\n<p class=\"wp-block-paragraph\">14 pulgadas, Chip M4, CPU de 10 n\u00facleos, GPU de 10 n\u00facleos. Memoria unificada de 16 GB, almacenamiento SSD de 512 GB en 37 mil 999 pesos.<\/p>\n\n\n\n<p class=\"wp-block-paragraph\">14 pulgadas, Chip M4, CPU de 10 n\u00facleos, GPU de 10 n\u00facleos. Memoria unificada de 16 GB, almacenamiento SSD de 1 TB en 42 mil 999 pesos.<\/p>\n\n\n\n<p class=\"wp-block-paragraph\">14 pulgadas, Chip M4, CPU de 10 n\u00facleos, GPU de 10 n\u00facleos. Memoria unificada de 24 GB, almacenamiento SSD de 1 TB en 47 mil 999 pesos.<\/p>\n\n\n\n<p class=\"wp-block-paragraph\">14 pulgadas, Chip M4 Pro, CPU de 12 n\u00facleos, GPU de 16 n\u00facleos. Memoria unificada de 24 GB, almacenamiento SSD de 512 GB en 47 mil 999 pesos.<\/p>\n\n\n\n<p class=\"wp-block-paragraph\">14 pulgadas, Chip M4 Pro, CPU de 14 n\u00facleos, GPU de 20 n\u00facleos. Memoria unificada de 24 GB, almacenamiento SSD de 1 TB GB en 57 mil 999 pesos.<\/p>\n\n\n\n<p class=\"wp-block-paragraph\">14 pulgadas, Chip M4 Max, CPU de 14 n\u00facleos, GPU de 32 n\u00facleos. Memoria unificada de 36 GB, almacenamiento SSD de 1 TB en 77 mil 999 pesos.<\/p>\n\n\n\n<p class=\"wp-block-paragraph\">16 pulgadas, Chip M4 Pro, CPU de 14 n\u00facleos, GPU de 20 n\u00facleos. Memoria unificada de 24 GB, almacenamiento SSD de 512 GB en 59 mil 999 pesos.<\/p>\n\n\n\n<p class=\"wp-block-paragraph\">16 pulgadas, Chip M4 Pro, CPU de 14 n\u00facleos, GPU de 20 n\u00facleos. Memoria unificada de 48 GB, almacenamiento SSD de 512 GB en 69 mil 999 pesos.<\/p>\n\n\n\n<p class=\"wp-block-paragraph\">16 pulgadas, Chip M4 Max, CPU de 14 n\u00facleos, GPU de 32 n\u00facleos. Memoria unificada de 36 GB, almacenamiento SSD de 1 TB en 84 mil 999 pesos.<\/p>\n\n\n\n<p class=\"wp-block-paragraph\">16 pulgadas, Chip M4 Max, CPU de 16 n\u00facleos, GPU de 40 n\u00facleos. Memoria unificada de 48 GB, almacenamiento SSD de 1TB en 99 mil 999 pesos.<\/p>\n\n\n\n<p class=\"wp-block-paragraph\"><em>Fuente: El Universal<\/em>.<\/p>\n","protected":false},"excerpt":{"rendered":"<p>Apple continua sorprendiendonos con nuevos productos. En esta ocasi\u00f3n toc\u00f3 el lanzamiento de la nueva MacBook Pro que llega con los procesadores M4 y M4 Pro, adem\u00e1s del nuevo M4 Max que la convierte en una laptop ideal para usar Apple Intelligence. Sus grandes cambios est\u00e1n en el interior La MacBook Pro llega en dos [&hellip;]<\/p>\n","protected":false},"author":6,"featured_media":46032,"comment_status":"open","ping_status":"open","sticky":false,"template":"","format":"standard","meta":{"_acf_changed":false,"_monsterinsights_skip_tracking":false,"slim_seo":{"title":"Apple presenta Macbook Pro con chip M4 Max y con m\u00e1s de 24 horas de bater\u00eda - Opini\u00f3n P\u00fablica","description":"Apple continua sorprendiendonos con nuevos productos. En esta ocasi\u00f3n toc\u00f3 el lanzamiento de la nueva MacBook Pro que llega con los procesadores M4 y M4 Pro, ad"},"footnotes":""},"categories":[22],"tags":[],"class_list":["post-46030","post","type-post","status-publish","format-standard","has-post-thumbnail","hentry","category-ciencia-y-tecnologia"],"acf":[],"_links":{"self":[{"href":"https:\/\/www.opinionpublica.tv\/portada\/wp-json\/wp\/v2\/posts\/46030","targetHints":{"allow":["GET"]}}],"collection":[{"href":"https:\/\/www.opinionpublica.tv\/portada\/wp-json\/wp\/v2\/posts"}],"about":[{"href":"https:\/\/www.opinionpublica.tv\/portada\/wp-json\/wp\/v2\/types\/post"}],"author":[{"embeddable":true,"href":"https:\/\/www.opinionpublica.tv\/portada\/wp-json\/wp\/v2\/users\/6"}],"replies":[{"embeddable":true,"href":"https:\/\/www.opinionpublica.tv\/portada\/wp-json\/wp\/v2\/comments?post=46030"}],"version-history":[{"count":2,"href":"https:\/\/www.opinionpublica.tv\/portada\/wp-json\/wp\/v2\/posts\/46030\/revisions"}],"predecessor-version":[{"id":46034,"href":"https:\/\/www.opinionpublica.tv\/portada\/wp-json\/wp\/v2\/posts\/46030\/revisions\/46034"}],"wp:featuredmedia":[{"embeddable":true,"href":"https:\/\/www.opinionpublica.tv\/portada\/wp-json\/wp\/v2\/media\/46032"}],"wp:attachment":[{"href":"https:\/\/www.opinionpublica.tv\/portada\/wp-json\/wp\/v2\/media?parent=46030"}],"wp:term":[{"taxonomy":"category","embeddable":true,"href":"https:\/\/www.opinionpublica.tv\/portada\/wp-json\/wp\/v2\/categories?post=46030"},{"taxonomy":"post_tag","embeddable":true,"href":"https:\/\/www.opinionpublica.tv\/portada\/wp-json\/wp\/v2\/tags?post=46030"}],"curies":[{"name":"wp","href":"https:\/\/api.w.org\/{rel}","templated":true}]}}